{"id":10226,"date":"2018-06-29T14:32:34","date_gmt":"2018-06-29T12:32:34","guid":{"rendered":"http:\/\/www.mj-lagrange.org\/?p=10226"},"modified":"2019-01-08T18:38:51","modified_gmt":"2019-01-08T17:38:51","slug":"%c3%a9cho-de-notre-page-facebook-29-juin-2018-saints-pierre-et-paul-par-marie-joseph-lagrange-o-p","status":"publish","type":"post","link":"https:\/\/www.mj-lagrange.org\/?p=10226","title":{"rendered":"\u00c9cho de notre page Facebook : juin 2018"},"content":{"rendered":"<div class=\"fcbkbttn_buttons_block\" id=\"fcbkbttn_left\"><div class=\"fcbkbttn_button\">\n\t\t\t\t\t<a href=\"https:\/\/www.facebook.com\/\" target=\"_blank\">\n\t\t\t\t\t\t<img decoding=\"async\" src=\"https:\/\/mj-lagrange.org\/wp-content\/plugins\/facebook-button-plugin\/images\/standard-facebook-ico.png\" alt=\"Fb-Button\" \/>\n\t\t\t\t\t<\/a>\n\t\t\t\t<\/div><div class=\"fcbkbttn_like \"><fb:like href=\"https:\/\/www.mj-lagrange.org\/?p=10226\" action=\"like\" colorscheme=\"light\" layout=\"standard\"  width=\"225px\" size=\"small\"><\/fb:like><\/div><\/div><p>29 juin 2018<\/p>\n<div id=\"attachment_10227\" style=\"width: 310px\" class=\"wp-caption alignleft\"><a href=\"https:\/\/mj-lagrange.org\/wp-content\/uploads\/2018\/06\/Saints-Pierre-et-Paul-1465-Schwabach_Stadtkirche_-_Katharinenaltar_4a.jpg\"><img loading=\"lazy\" decoding=\"async\" aria-describedby=\"caption-attachment-10227\" class=\"size-medium wp-image-10227\" src=\"https:\/\/mj-lagrange.org\/wp-content\/uploads\/2018\/06\/Saints-Pierre-et-Paul-1465-Schwabach_Stadtkirche_-_Katharinenaltar_4a-300x257.jpg\" alt=\"\" width=\"300\" height=\"257\" srcset=\"https:\/\/mj-lagrange.org\/wp-content\/uploads\/2018\/06\/Saints-Pierre-et-Paul-1465-Schwabach_Stadtkirche_-_Katharinenaltar_4a-300x257.jpg 300w, https:\/\/mj-lagrange.org\/wp-content\/uploads\/2018\/06\/Saints-Pierre-et-Paul-1465-Schwabach_Stadtkirche_-_Katharinenaltar_4a-1024x877.jpg 1024w, https:\/\/mj-lagrange.org\/wp-content\/uploads\/2018\/06\/Saints-Pierre-et-Paul-1465-Schwabach_Stadtkirche_-_Katharinenaltar_4a-730x625.jpg 730w, https:\/\/mj-lagrange.org\/wp-content\/uploads\/2018\/06\/Saints-Pierre-et-Paul-1465-Schwabach_Stadtkirche_-_Katharinenaltar_4a.jpg 1280w\" sizes=\"auto, (max-width: 300px) 100vw, 300px\" \/><\/a><p id=\"caption-attachment-10227\" class=\"wp-caption-text\">Saints Pierre et Paul (1465)<br \/>Schwabach-Stadtkirche-Katharinenalta<\/p><\/div>\n<p><em><span style=\"color: #993300;\">Saints Pierre et Paul par Marie-Joseph Lagrange o.p.<\/span><\/em><\/p>\n<p>Je demande \u00e0 :<\/p>\n<p>Saint Paul, la connaissance de l&rsquo;\u00c9criture sainte.<\/p>\n<p>Saint Pierre, confirmez-moi dans la foi.<\/p>\n<p>(Marie-Joseph Lagrange o.p.,<em> Journal spirituel<\/em>, 1er Janvier 1880, Cerf, 2014.)<\/p>\n<p>&nbsp;<\/p>\n<p>&nbsp;<\/p>\n<p>&nbsp;<\/p>\n<p>24 juin 2018<\/p>\n<div id=\"attachment_10213\" style=\"width: 310px\" class=\"wp-caption alignleft\"><a href=\"https:\/\/mj-lagrange.org\/wp-content\/uploads\/2018\/06\/GiovanniDiPaolo-1454Naissance-de-Jean-le-Baptiste-.jpg\"><img loading=\"lazy\" decoding=\"async\" aria-describedby=\"caption-attachment-10213\" class=\"size-medium wp-image-10213\" src=\"https:\/\/mj-lagrange.org\/wp-content\/uploads\/2018\/06\/GiovanniDiPaolo-1454Naissance-de-Jean-le-Baptiste--300x249.jpg\" alt=\"\" width=\"300\" height=\"249\" srcset=\"https:\/\/mj-lagrange.org\/wp-content\/uploads\/2018\/06\/GiovanniDiPaolo-1454Naissance-de-Jean-le-Baptiste--300x249.jpg 300w, https:\/\/mj-lagrange.org\/wp-content\/uploads\/2018\/06\/GiovanniDiPaolo-1454Naissance-de-Jean-le-Baptiste--730x607.jpg 730w, https:\/\/mj-lagrange.org\/wp-content\/uploads\/2018\/06\/GiovanniDiPaolo-1454Naissance-de-Jean-le-Baptiste-.jpg 842w\" sizes=\"auto, (max-width: 300px) 100vw, 300px\" \/><\/a><p id=\"caption-attachment-10213\" class=\"wp-caption-text\">Naissance de saint Jean le Baptiste par Giovanni di Paolo (1454)<\/p><\/div>\n<p class=\"entry-title\"><em><span style=\"color: #993300;\">Nativit\u00e9 de saint Jean-Baptiste par Fr. Marie-Joseph Lagrange o.p.<\/span><\/em><\/p>\n<p>Nous subissons tous l\u2019empire de l\u2019exemple. \u00c9loge de Saint Jean Baptiste\u00a0: <em>ille erat lucerna ardens et lucens\u00a0<\/em>[Jean \u00e9tait la lampe qui br\u00fble et qui luit] (Jean, 5, 35). (<em>Journal spirituel<\/em>, Cerf, 2014).<\/p>\n<p>&nbsp;<\/p>\n<p>&nbsp;<\/p>\n<p>&nbsp;<\/p>\n<p>&nbsp;<\/p>\n<p>21 juin 2018<\/p>\n<p><em><span style=\"color: #993300;\">La d\u00e9votion d&rsquo;Albert Lagrange \u00e0 la Vierge Marie<\/span><\/em><\/p>\n<p>Premier germe d\u2019un attrait pour le service de Dieu, qui se fera plus insistant\u00a0:<\/p>\n<p><a href=\"https:\/\/mj-lagrange.org\/wp-content\/uploads\/2018\/06\/Albert-Lagrange.jpg\"><img loading=\"lazy\" decoding=\"async\" class=\"alignleft size-medium wp-image-10209\" src=\"https:\/\/mj-lagrange.org\/wp-content\/uploads\/2018\/06\/Albert-Lagrange-188x300.jpg\" alt=\"\" width=\"188\" height=\"300\" srcset=\"https:\/\/mj-lagrange.org\/wp-content\/uploads\/2018\/06\/Albert-Lagrange-188x300.jpg 188w, https:\/\/mj-lagrange.org\/wp-content\/uploads\/2018\/06\/Albert-Lagrange.jpg 482w\" sizes=\"auto, (max-width: 188px) 100vw, 188px\" \/><\/a><\/p>\n<p>&nbsp;<\/p>\n<p>&nbsp;<\/p>\n<p>\u00ab\u00a0En seconde, le jour de l\u2019Annonciation [25 mars 1870], j\u2019avais eu la r\u00e9v\u00e9lation que j\u2019entrerais dans l\u2019Ordre de Saint-Dominique.\u00a0\u00bb (Bernard Montagnes o.p.<em>\u00a0<\/em><em>Marie-Joseph Lagrange o.p. Une biographie critique, <\/em>Cerf, 2004.)<\/p>\n<p>&nbsp;<\/p>\n<p>&nbsp;<\/p>\n<p>&nbsp;<\/p>\n<p>&nbsp;<\/p>\n<p>17 juin 2018<\/p>\n<p><em><span style=\"color: #993300;\">En<\/span><\/em>\u00a0<em><span style=\"color: #993300;\">1935, P. Lagrange reconnu ma\u00eetre en th\u00e9ologie dans sa province de Toulouse<\/span><\/em><\/p>\n<p>\u00ab\u00a0Le chapitre provincial [de Toulouse] effectue cette d\u00e9marche en termes particuli\u00e8rement \u00e9logieux\u00a0:<\/p>\n<p><a href=\"https:\/\/mj-lagrange.org\/wp-content\/uploads\/2018\/06\/Confirme-tes-fr\u00e8res-Institut-de-th\u00e9ologie-de-Toulouse.jpg\"><img loading=\"lazy\" decoding=\"async\" class=\"alignleft size-medium wp-image-10193\" src=\"https:\/\/mj-lagrange.org\/wp-content\/uploads\/2018\/06\/Confirme-tes-fr\u00e8res-Institut-de-th\u00e9ologie-de-Toulouse-204x300.jpg\" alt=\"\" width=\"204\" height=\"300\" srcset=\"https:\/\/mj-lagrange.org\/wp-content\/uploads\/2018\/06\/Confirme-tes-fr\u00e8res-Institut-de-th\u00e9ologie-de-Toulouse-204x300.jpg 204w, https:\/\/mj-lagrange.org\/wp-content\/uploads\/2018\/06\/Confirme-tes-fr\u00e8res-Institut-de-th\u00e9ologie-de-Toulouse.jpg 523w\" sizes=\"auto, (max-width: 204px) 100vw, 204px\" \/>\u00ab\u00a0<\/a>Nous postulons que le T. R. P. M.-J. Lagrange soit reconnu ma\u00eetre en th\u00e9ologie dans la province o\u00f9 il est d\u00e9j\u00e0 d\u00e9sir\u00e9 et accept\u00e9, lui dont la louange r\u00e9sonne non seulement dans l\u2019Ordre mais aussi dans l\u2019\u00c9glise enti\u00e8re. Il serait vain et inutile d\u2019appr\u00e9cier ses m\u00e9rites, sa vie toute religieuse, son labeur \u00e9nergique et pers\u00e9v\u00e9rant, sa science stup\u00e9fiante\u00a0; ou encore d\u2019\u00e9num\u00e9rer les nombreux \u00e9crits qu\u2019il a consacr\u00e9s avec un z\u00e8le inlassable pendant plus de quarante ans aux \u00e9vangiles et \u00e0 saint Paul. De notre temps, il brille comme une lumi\u00e8re \u00e9clatante non seulement pour les chr\u00e9tiens qui l\u2019approuvent, mais \u00e9galement pour les incroyants qui l\u2019admirent. Joyeuse et reconnaissante, la province de Toulouse, qui se glorifie \u00e0 bon droit d\u2019un tel fils, demande \u00e0 le compter au nombre des p\u00e8res de province.\u00a0\u00bb<\/p>\n<p>(Bernard Montagnes, o.p., <em>Marie-Joseph Lagrange. Une biographie critique<\/em>, Cerf, 2004, p. 487.)<\/p>\n<p>&nbsp;<\/p>\n<p>9 juin 2018<\/p>\n<p><em><span style=\"color: #993300;\">Le Coeur Immacul\u00e9 de Marie<\/span><\/em><\/p>\n<p><a href=\"https:\/\/mj-lagrange.org\/wp-content\/uploads\/2018\/06\/Immaculate-Heart-of-Mary.jpg\"><img loading=\"lazy\" decoding=\"async\" class=\"alignleft size-thumbnail wp-image-10170\" src=\"https:\/\/mj-lagrange.org\/wp-content\/uploads\/2018\/06\/Immaculate-Heart-of-Mary-150x150.jpg\" alt=\"\" width=\"150\" height=\"150\" \/><\/a><\/p>\n<p>&nbsp;<\/p>\n<p>Le C\u0153ur Immacul\u00e9 de Marie, si cher \u00e0 la d\u00e9votion du p\u00e8re Lagrange, brille comme le lieu de la rencontre de Dieu et de l\u2019humanit\u00e9, lieu f\u00e9cond d\u2019o\u00f9 sortira le salut du monde.<\/p>\n<p>(Fr. Manuel Rivero, o. p. <em>Le P\u00e8re Lagrange et la Vierge Marie. M\u00e9ditations des myst\u00e8res du Rosaire<\/em>, Cerf, 2012.)<\/p>\n<p>&nbsp;<\/p>\n<p>8 juin 2018<\/p>\n<p><em><span style=\"color: #993300;\"><a href=\"https:\/\/mj-lagrange.org\/wp-content\/uploads\/2018\/06\/Sacr\u00e9-Coeur.jpg\"><img loading=\"lazy\" decoding=\"async\" class=\"alignleft size-thumbnail wp-image-10166\" src=\"https:\/\/mj-lagrange.org\/wp-content\/uploads\/2018\/06\/Sacr\u00e9-Coeur-150x150.jpg\" alt=\"\" width=\"150\" height=\"150\" \/><\/a>Sacr\u00e9-Coeur de J\u00e9sus<\/span><\/em><\/p>\n<p>\u00ab\u00a0Je promets au C\u0153ur Sacr\u00e9 de J\u00e9sus, par l\u2019intercession de la Bienheureuse Vierge Marie, plus d\u2019application \u00e0 la pri\u00e8re continuelle et je m\u2019offre \u00e0 souffrir quelque chose pour obtenir des vocations que j\u2019ai en vue, ou d\u2019autres plus agr\u00e9ables \u00e0 Marie.\u00a0\u00bb (Marie-Joseph Lagrange, o.p., <em>Journal spirituel<\/em>, Cerf, 2014.)<\/p>\n<p>&nbsp;<\/p>\n<p>3 juin 2018<\/p>\n<p><span style=\"color: #993300;\"><em>Solennit\u00e9 du Corps et du Sang du Christ<\/em><\/span><\/p>\n<p><a href=\"https:\/\/mj-lagrange.org\/wp-content\/uploads\/2018\/06\/Le-Saint-Sacrement.jpg\"><img loading=\"lazy\" decoding=\"async\" class=\"alignleft size-thumbnail wp-image-10163\" src=\"https:\/\/mj-lagrange.org\/wp-content\/uploads\/2018\/06\/Le-Saint-Sacrement-150x150.jpg\" alt=\"\" width=\"150\" height=\"150\" \/><\/a><\/p>\n<p>&nbsp;<\/p>\n<p>\u00ab\u00a0\u00d4 mon J\u00e9sus, [\u2026] Cachez-moi dans votre Tr\u00e8s Saint-Sacrement,<\/p>\n<p>faites-moi vivre de votre vie cach\u00e9e d\u2019adoration, d\u2019action invisible.\u00a0\u00bb<\/p>\n<p>(Marie-Joseph Lagrange, o.p., <em>Journal spirituel<\/em>, Cerf, 2014, p. 291.)<\/p>\n<p>&nbsp;<\/p>\n<p>&nbsp;<\/p>\n<p>&nbsp;<\/p>\n","protected":false},"excerpt":{"rendered":"<p>29 juin 2018 Saints Pierre et Paul par Marie-Joseph Lagrange o.p. Je demande \u00e0 : Saint Paul, la connaissance de l&rsquo;\u00c9criture sainte. Saint Pierre, confirmez-moi dans la foi. (Marie-Joseph Lagrange o.p., Journal spirituel, 1er Janvier 1880, Cerf, 2014.) &nbsp; &nbsp; &nbsp; 24 juin 2018 Nativit\u00e9 de saint Jean-Baptiste par Fr. Marie-Joseph Lagrange o.p. Nous subissons &#8230;<\/p>\n<p><a href=\"https:\/\/www.mj-lagrange.org\/?p=10226\" class=\"more-link\">Continue reading &lsquo;\u00c9cho de notre page Facebook : juin 2018&rsquo; &raquo;<\/a><\/p>\n","protected":false},"author":2,"featured_media":0,"comment_status":"closed","ping_status":"closed","sticky":false,"template":"","format":"standard","meta":{"footnotes":""},"categories":[147],"tags":[],"class_list":["post-10226","post","type-post","status-publish","format-standard","hentry","category-echo_de_notre_page_facebook"],"_links":{"self":[{"href":"https:\/\/www.mj-lagrange.org\/index.php?rest_route=\/wp\/v2\/posts\/10226","targetHints":{"allow":["GET"]}}],"collection":[{"href":"https:\/\/www.mj-lagrange.org\/index.php?rest_route=\/wp\/v2\/posts"}],"about":[{"href":"https:\/\/www.mj-lagrange.org\/index.php?rest_route=\/wp\/v2\/types\/post"}],"author":[{"embeddable":true,"href":"https:\/\/www.mj-lagrange.org\/index.php?rest_route=\/wp\/v2\/users\/2"}],"replies":[{"embeddable":true,"href":"https:\/\/www.mj-lagrange.org\/index.php?rest_route=%2Fwp%2Fv2%2Fcomments&post=10226"}],"version-history":[{"count":6,"href":"https:\/\/www.mj-lagrange.org\/index.php?rest_route=\/wp\/v2\/posts\/10226\/revisions"}],"predecessor-version":[{"id":11532,"href":"https:\/\/www.mj-lagrange.org\/index.php?rest_route=\/wp\/v2\/posts\/10226\/revisions\/11532"}],"wp:attachment":[{"href":"https:\/\/www.mj-lagrange.org\/index.php?rest_route=%2Fwp%2Fv2%2Fmedia&parent=10226"}],"wp:term":[{"taxonomy":"category","embeddable":true,"href":"https:\/\/www.mj-lagrange.org\/index.php?rest_route=%2Fwp%2Fv2%2Fcategories&post=10226"},{"taxonomy":"post_tag","embeddable":true,"href":"https:\/\/www.mj-lagrange.org\/index.php?rest_route=%2Fwp%2Fv2%2Ftags&post=10226"}],"curies":[{"name":"wp","href":"https:\/\/api.w.org\/{rel}","templated":true}]}}