{"id":10293,"date":"2018-07-30T12:13:00","date_gmt":"2018-07-30T10:13:00","guid":{"rendered":"https:\/\/www.mj-lagrange.org\/?p=10293"},"modified":"2019-01-08T18:38:18","modified_gmt":"2019-01-08T17:38:18","slug":"%c3%a9cho-de-notre-page-facebook-30-juillet-2018-la-d%c3%a9votion-du-p%c3%a8re-lagrange-o-p-%c3%a0-la-vierge-marie","status":"publish","type":"post","link":"https:\/\/www.mj-lagrange.org\/?p=10293","title":{"rendered":"\u00c9cho de notre page Facebook : juillet 2018"},"content":{"rendered":"<div class=\"fcbkbttn_buttons_block\" id=\"fcbkbttn_left\"><div class=\"fcbkbttn_button\">\n\t\t\t\t\t<a href=\"https:\/\/www.facebook.com\/\" target=\"_blank\">\n\t\t\t\t\t\t<img decoding=\"async\" src=\"https:\/\/mj-lagrange.org\/wp-content\/plugins\/facebook-button-plugin\/images\/standard-facebook-ico.png\" alt=\"Fb-Button\" \/>\n\t\t\t\t\t<\/a>\n\t\t\t\t<\/div><div class=\"fcbkbttn_like \"><fb:like href=\"https:\/\/www.mj-lagrange.org\/?p=10293\" action=\"like\" colorscheme=\"light\" layout=\"standard\"  width=\"225px\" size=\"small\"><\/fb:like><\/div><\/div><div id=\"attachment_10294\" style=\"width: 310px\" class=\"wp-caption alignleft\"><a href=\"https:\/\/mj-lagrange.org\/wp-content\/uploads\/2018\/07\/Pri\u00e8re-des-anges-d\u00e9tail-par-Gaudenzio-Ferrari-16e.jpg\"><img loading=\"lazy\" decoding=\"async\" aria-describedby=\"caption-attachment-10294\" class=\"size-medium wp-image-10294\" src=\"https:\/\/mj-lagrange.org\/wp-content\/uploads\/2018\/07\/Pri\u00e8re-des-anges-d\u00e9tail-par-Gaudenzio-Ferrari-16e-300x224.jpg\" alt=\"Pri\u00e8re des anges (d\u00e9tail) Gaudenzio Ferrari (16e)\" width=\"300\" height=\"224\" srcset=\"https:\/\/mj-lagrange.org\/wp-content\/uploads\/2018\/07\/Pri\u00e8re-des-anges-d\u00e9tail-par-Gaudenzio-Ferrari-16e-300x224.jpg 300w, https:\/\/mj-lagrange.org\/wp-content\/uploads\/2018\/07\/Pri\u00e8re-des-anges-d\u00e9tail-par-Gaudenzio-Ferrari-16e.jpg 637w\" sizes=\"auto, (max-width: 300px) 100vw, 300px\" \/><\/a><p id=\"caption-attachment-10294\" class=\"wp-caption-text\">Pri\u00e8re des anges (d\u00e9tail)<br \/>Gaudenzio Ferrari (16e)<\/p><\/div>\n<p>30 juillet 2018<\/p>\n<p><em><span style=\"color: #993300;\">La d\u00e9votion du p\u00e8re Lagrange o.p. \u00e0 la Vierge Marie<\/span><\/em><\/p>\n<p>\u00ab\u00a0J\u2019ai relu mes notes de noviciat\u00a0: quelle d\u00e9cadence constante\u00a0! Alors quelle application, quelle ferveur\u00a0! Y revenir, je ne puis. Mais peut-\u00eatre je connais mieux ma faiblesse, je suis plus abandonn\u00e9 \u00e0 la mis\u00e9ricorde de Dieu. Il pourrait m\u2019abandonner, c\u2019est s\u00fbr, mais il ne le fera pas\u2026 \u00f4 bon J\u00e9sus, abandonner un enfant de Marie\u2026\u00a0\u00bb (<em>Journal\u00a0<\/em><em>spirituel<\/em>. 17 octobre 1925.)<\/p>\n<p>&nbsp;<\/p>\n<p>26 juillet 2018<\/p>\n<p><em><span style=\"color: #993300;\"><a href=\"https:\/\/mj-lagrange.org\/wp-content\/uploads\/2018\/07\/St-Dominic-Light-of-the-Church.jpg\"><img loading=\"lazy\" decoding=\"async\" class=\"alignleft size-medium wp-image-11484\" src=\"https:\/\/mj-lagrange.org\/wp-content\/uploads\/2018\/07\/St-Dominic-Light-of-the-Church-187x300.jpg\" alt=\"\" width=\"187\" height=\"300\" srcset=\"https:\/\/mj-lagrange.org\/wp-content\/uploads\/2018\/07\/St-Dominic-Light-of-the-Church-187x300.jpg 187w, https:\/\/mj-lagrange.org\/wp-content\/uploads\/2018\/07\/St-Dominic-Light-of-the-Church.jpg 478w\" sizes=\"auto, (max-width: 187px) 100vw, 187px\" \/><\/a>La d\u00e9votion du p\u00e8re Lagrange \u00e0 la Vierge Marie<\/span><\/em><\/p>\n<p>\u00ab\u00a0Sauvez-moi, ma bonne M\u00e8re\u00a0: on dira qu\u2019elle a \u00e9t\u00e9 bonne et compatissante de sauver ce pauvre mis\u00e9rable en l\u2019amenant \u00e0 son Fils\u2026 Oui, menez-moi \u00e0 ses pieds, confus, repentant, d\u00e9sirant l\u2019aimer, le faire conna\u00eetre, le faire aimer.\u00a0\u00bb<br \/>\n(Marie Joseph Lagrange o.p.,\u00a0<em>Journal spirituel<\/em>, 1<sup>er\u00a0<\/sup>octobre 1924, Cerf, 2014.)<\/p>\n<p>&nbsp;<\/p>\n<p>&nbsp;<\/p>\n<p>&nbsp;<\/p>\n<p>&nbsp;<\/p>\n<p>25 juillet 2018<\/p>\n<div id=\"attachment_10284\" style=\"width: 267px\" class=\"wp-caption alignleft\"><a href=\"https:\/\/mj-lagrange.org\/wp-content\/uploads\/2018\/07\/Saint-Jacques-le-Majeur-par-Jusepe-de-Ribera-17e.jpg\"><img loading=\"lazy\" decoding=\"async\" aria-describedby=\"caption-attachment-10284\" class=\"size-medium wp-image-10284\" src=\"https:\/\/mj-lagrange.org\/wp-content\/uploads\/2018\/07\/Saint-Jacques-le-Majeur-par-Jusepe-de-Ribera-17e-257x300.jpg\" alt=\"\" width=\"257\" height=\"300\" srcset=\"https:\/\/mj-lagrange.org\/wp-content\/uploads\/2018\/07\/Saint-Jacques-le-Majeur-par-Jusepe-de-Ribera-17e-257x300.jpg 257w, https:\/\/mj-lagrange.org\/wp-content\/uploads\/2018\/07\/Saint-Jacques-le-Majeur-par-Jusepe-de-Ribera-17e-730x852.jpg 730w, https:\/\/mj-lagrange.org\/wp-content\/uploads\/2018\/07\/Saint-Jacques-le-Majeur-par-Jusepe-de-Ribera-17e.jpg 751w\" sizes=\"auto, (max-width: 257px) 100vw, 257px\" \/><\/a><p id=\"caption-attachment-10284\" class=\"wp-caption-text\">Saint Jacques le Majeur<br \/>par Jusepe de Ribera (17e)<\/p><\/div>\n<p class=\"entry-title\"><em><span style=\"color: #993300;\">Saint Jacques le Majeur par Marie-Joseph Lagrange O.P.<\/span><\/em><\/p>\n<p>\u00ab\u00a0[Lors de l\u2019appel des Douze,] les deux fils de Z\u00e9b\u00e9d\u00e9e passent ensuite, car ils seront seuls associ\u00e9s \u00e0 Pierre dans trois graves circonstances\u00a0: la r\u00e9surrection de la fille de Ja\u00efre, la Transfiguration, et l\u2019Agonie au Jardin des Oliviers. J\u00e9sus leur donne un nom aram\u00e9en [Boanerg\u00e8s (cf. Marc 3,17)], que Marc interpr\u00e8te \u00ab\u00a0fils du tonnerre\u00a0\u00bb s\u00fbrement \u00e0 cause du z\u00e8le ardent mis en relief par un \u00e9pisode de Luc 9,54. \u00bb<\/p>\n<p>(Marie-Joseph Lagrange O.P. <em>\u00c9vangile selon saint Marc<\/em>, Lecoffre, 1935).<\/p>\n<p>&nbsp;<\/p>\n<p>&nbsp;<\/p>\n<p>&nbsp;<\/p>\n<p>24 juillet 2018<\/p>\n<div id=\"attachment_10281\" style=\"width: 235px\" class=\"wp-caption alignleft\"><a href=\"https:\/\/mj-lagrange.org\/wp-content\/uploads\/2018\/07\/Saint-Jean-l\u00e9vang\u00e9liste-Livre-dHeures-Bellemare-No\u00ebl-16e.jpg\"><img loading=\"lazy\" decoding=\"async\" aria-describedby=\"caption-attachment-10281\" class=\"size-medium wp-image-10281\" src=\"https:\/\/mj-lagrange.org\/wp-content\/uploads\/2018\/07\/Saint-Jean-l\u00e9vang\u00e9liste-Livre-dHeures-Bellemare-No\u00ebl-16e-225x300.jpg\" alt=\"\" width=\"225\" height=\"300\" srcset=\"https:\/\/mj-lagrange.org\/wp-content\/uploads\/2018\/07\/Saint-Jean-l\u00e9vang\u00e9liste-Livre-dHeures-Bellemare-No\u00ebl-16e-225x300.jpg 225w, https:\/\/mj-lagrange.org\/wp-content\/uploads\/2018\/07\/Saint-Jean-l\u00e9vang\u00e9liste-Livre-dHeures-Bellemare-No\u00ebl-16e.jpg 564w\" sizes=\"auto, (max-width: 225px) 100vw, 225px\" \/><\/a><p id=\"caption-attachment-10281\" class=\"wp-caption-text\">Saint Jean l&rsquo;\u00e9vang\u00e9liste<br \/>Enluminure de Bellemare No\u00ebl (16e)<\/p><\/div>\n<p><em><span style=\"color: #993300;\">La d\u00e9votion du p\u00e8re Lagrange \u00e0 la Vierge Marie<\/span><\/em><\/p>\n<p>\u00ab\u00a0\u2026 Lors de mon bapt\u00eame, le 12 mai 1855, on m\u2019a conduit \u00e0 l\u2019autel de Marie, on a lu, en mettant l\u2019\u00e9tole au-dessus de moi, l\u2019\u00e9vangile <em>In principio<\/em>\u2026 [Au commencement]. Si, d\u00e8s lors, vous m\u2019aviez impos\u00e9 ce travail [le p\u00e8re Lagrange commen\u00e7ait le\u00a0commentaire de saint Jean], fait cet honneur, car vous savez que je m\u2019en juge indigne.\u00a0\u00bb (Marie-Joseph Lagrange o.p.,\u00a0<em>Journal spirituel<\/em>, 15 juillet 1922, Cerf, 2014.)<\/p>\n<p>&nbsp;<\/p>\n<p>&nbsp;<\/p>\n<p>&nbsp;<\/p>\n<p>&nbsp;<\/p>\n<p>&nbsp;<\/p>\n<p>22 juillet 2018<\/p>\n<div id=\"attachment_10277\" style=\"width: 157px\" class=\"wp-caption alignleft\"><a href=\"https:\/\/mj-lagrange.org\/wp-content\/uploads\/2018\/07\/Sainte-Marie-Madeleine-d\u00e9tail-Fra-Angelico.jpg\"><img loading=\"lazy\" decoding=\"async\" aria-describedby=\"caption-attachment-10277\" class=\"size-medium wp-image-10277\" src=\"https:\/\/mj-lagrange.org\/wp-content\/uploads\/2018\/07\/Sainte-Marie-Madeleine-d\u00e9tail-Fra-Angelico-147x300.jpg\" alt=\"\" width=\"147\" height=\"300\" srcset=\"https:\/\/mj-lagrange.org\/wp-content\/uploads\/2018\/07\/Sainte-Marie-Madeleine-d\u00e9tail-Fra-Angelico-147x300.jpg 147w, https:\/\/mj-lagrange.org\/wp-content\/uploads\/2018\/07\/Sainte-Marie-Madeleine-d\u00e9tail-Fra-Angelico-501x1024.jpg 501w, https:\/\/mj-lagrange.org\/wp-content\/uploads\/2018\/07\/Sainte-Marie-Madeleine-d\u00e9tail-Fra-Angelico.jpg 564w\" sizes=\"auto, (max-width: 147px) 100vw, 147px\" \/><\/a><p id=\"caption-attachment-10277\" class=\"wp-caption-text\">Sainte Marie-Madeleine (d\u00e9tail)<br \/>Fra Angelico<\/p><\/div>\n<p class=\"entry-title\"><span style=\"color: #993300;\"><em>C\u2019est le 22 juillet 1927, en la f\u00eate de sainte Marie-Madeleine que le p\u00e8re Lagrange commen\u00e7a l\u2019\u00c9vangile de J\u00e9sus Christ<\/em><\/span><\/p>\n<p class=\"rtejustify\"><span lang=\"FR\" xml:lang=\"FR\">Au printemps de 1926, malade \u00e0 l\u2019h\u00f4pital Saint-Joseph de Marseille, fond\u00e9 par l\u2019abb\u00e9 Fouque de sainte m\u00e9moire, le p\u00e8re Lagrange formule le v\u0153u de r\u00e9diger une vie de J\u00e9sus s\u2019il retrouve ses forces et sa sant\u00e9 . <\/span><\/p>\n<p class=\"rtejustify\"><span lang=\"FR\" xml:lang=\"FR\">Il en commence la r\u00e9daction le 22 juillet, en la f\u00eate de sainte Marie-Madeleine, et ses commentaires \u00e9vang\u00e9liques avancent \u00e0 grands pas dans un climat de pri\u00e8re.<\/span><\/p>\n<p>&nbsp;<\/p>\n<p>lire la suite sur le lien ci-dessous :<\/p>\n<p><a href=\"http:\/\/www.mj-lagrange.org\/\">http:\/\/www.op.org\/fr\/content\/marie-joseph-lagrange-op-levangile-de-jesus-christ-avec-la-synopse-evangelique<\/a><\/p>\n<p>&nbsp;<\/p>\n<p>20 juillet 2018<\/p>\n<div id=\"attachment_10328\" style=\"width: 310px\" class=\"wp-caption alignleft\"><a href=\"https:\/\/mj-lagrange.org\/wp-content\/uploads\/2018\/08\/1024px-LAssomption_de_la_Vierge_Le_Brun.jpg\"><img loading=\"lazy\" decoding=\"async\" aria-describedby=\"caption-attachment-10328\" class=\"size-medium wp-image-10328\" src=\"https:\/\/mj-lagrange.org\/wp-content\/uploads\/2018\/08\/1024px-LAssomption_de_la_Vierge_Le_Brun-300x214.jpg\" alt=\"\" width=\"300\" height=\"214\" srcset=\"https:\/\/mj-lagrange.org\/wp-content\/uploads\/2018\/08\/1024px-LAssomption_de_la_Vierge_Le_Brun-300x214.jpg 300w, https:\/\/mj-lagrange.org\/wp-content\/uploads\/2018\/08\/1024px-LAssomption_de_la_Vierge_Le_Brun.jpg 1024w, https:\/\/mj-lagrange.org\/wp-content\/uploads\/2018\/08\/1024px-LAssomption_de_la_Vierge_Le_Brun-730x521.jpg 730w\" sizes=\"auto, (max-width: 300px) 100vw, 300px\" \/><\/a><p id=\"caption-attachment-10328\" class=\"wp-caption-text\">L&rsquo;Assomption de la Vierge Marie<br \/>Charles Le Brun (17e)<\/p><\/div>\n<p><em><span style=\"color: #993300;\">La d\u00e9votion du p\u00e8re Lagrange \u00e0 la Vierge Marie<\/span><\/em><\/p>\n<p>\u00ab\u00a0Vous m\u2019avez rachet\u00e9, \u00f4 Marie\u00a0! Je suis donc votre lib\u00e9r\u00e9, votre serviteur, votre enfant.\u00a0\u00bb<\/p>\n<p>(Marie-Joseph Lagrange o.p.,\u00a0<em>Journal spirituel<\/em>. 24 septembre 1921, Cerf, 2014.)<\/p>\n<p>&nbsp;<\/p>\n<p>&nbsp;<\/p>\n<p>&nbsp;<\/p>\n<p>19 juillet 2018<\/p>\n<p class=\"entry-title\"><em><span style=\"color: #993300;\">Quand deux saints se rencontrent\u2026 le chanoine Fouque et le p\u00e8re Lagrange<\/span><\/em><\/p>\n<p>Le P\u00e8re Lagrange, malade, \u00e9tait hospitalis\u00e9 \u00e0 l\u2019h\u00f4pital Saint-Joseph \u00e0 Marseille. Il \u00e9crit dans son <em>Journal spirituel<\/em> : \u00ab Transport\u00e9 \u00e0 l\u2019h\u00f4pital S.-Joseph le 6 novembre (1926) par le P. Vincent jusqu\u2019au 6 janvier. Vu le chanoine Fouque avant sa mort. \u00bb\u00a0<a href=\"https:\/\/fr.zenit.org\/articles\/beatification-de-labbe-fouque-un-exemple-offert-non-seulement-aux-chretiens\/\">https:\/\/fr.zenit.org\/articles\/beatification-de-labbe-fouque-un-exemple-offert-non-seulement-aux-chretiens\/<\/a><\/p>\n<p>B\u00e9atification de l\u2019abb\u00e9 Fouque : \u00ab un exemple offert non seulement aux chr\u00e9tiens \u00bb.<\/p>\n<p><a href=\"https:\/\/mj-lagrange.org\/wp-content\/uploads\/2018\/09\/abbe-fouque_img.jpg\"><img loading=\"lazy\" decoding=\"async\" class=\"alignleft size-medium wp-image-10535\" src=\"https:\/\/mj-lagrange.org\/wp-content\/uploads\/2018\/09\/abbe-fouque_img-202x300.jpg\" alt=\"\" width=\"202\" height=\"300\" srcset=\"https:\/\/mj-lagrange.org\/wp-content\/uploads\/2018\/09\/abbe-fouque_img-202x300.jpg 202w, https:\/\/mj-lagrange.org\/wp-content\/uploads\/2018\/09\/abbe-fouque_img.jpg 606w\" sizes=\"auto, (max-width: 202px) 100vw, 202px\" \/><\/a>La vie de l\u2019abb\u00e9 Jean-Baptiste Fouque (1851-1926) \u00ab marqu\u00e9e par la bont\u00e9, la charit\u00e9, les valeurs de l\u2019\u00c9vangile \u00bb est \u00ab un exemple offert non seulement aux chr\u00e9tiens, mais \u00e0 tous les Marseillais, croyants et non croyants \u00bb, a d\u00e9clar\u00e9 le p. Pierre Brunet, vicaire g\u00e9n\u00e9ral du dioc\u00e8se <span class=\"text_exposed_show\">de Marseille : \u00ab Notre d\u00e9sir est que tous les Marseillais puissent s\u2019approprier son message. \u00bb<\/span><\/p>\n<p>C\u2019est ce qu\u2019il a dit au cours de la pr\u00e9sentation, le 21 juin dernier, de la b\u00e9atification de l\u2019abb\u00e9 Fouque qui aura lieu le dimanche 30 septembre 2018 en la cath\u00e9drale de La Major \u00e0 Marseille (France), indique un article dans le num\u00e9ro de juillet-ao\u00fbt de la revue du dioc\u00e8se de Marseille \u00ab \u00c9glise \u00e0 Marseille \u00bb sign\u00e9 par Dominique Paquier-Galliard. \u00c0 la pr\u00e9sentation sont aussi intervenus : Mgr Georges Pontier, archev\u00eaque de Marseille, Mgr Bernard Ardura, postulateur de la cause de b\u00e9atification, Mared Gimenez, adjointe en pastorale \u00e0 la Direction dioc\u00e9saine de l\u2019enseignement catholique.<\/p>\n<p>L\u2019archev\u00each\u00e9 de Marseille organise une grande campagne de solidarit\u00e9, \u00ab car la b\u00e9atification n\u2019a pas seulement pour objectif de mettre en valeur l\u2019abb\u00e9 Fouque, mais aussi de donner un mod\u00e8le \u00e0 imiter \u00bb, explique le p. Brunet. Un mod\u00e8le \u00e0 imiter \u00ab pour le d\u00e9couvrir plus en profondeur : on va proposer \u00e0 tous les Marseillais de l\u2019imiter avec la campagne #FAISTABA. L\u2019objectif est, dans un premier temps, de faire conna\u00eetre sa vie et ce qu\u2019il a r\u00e9alis\u00e9, avec un site d\u00e9di\u00e9 <a href=\"https:\/\/l.facebook.com\/l.php?u=http%3A%2F%2Fwww.jbfaitsabea.com%2F&amp;h=AT23e17k3y80IuUKhE9OjOjc7KiUfOvIKbkA3u9vT9M3nrc0Ioaa5qXZsM35oww0w03d0t6cVW5yQ5lfQXToSABKfkKqXvdfimOTMr8urdzpooW6CgWGypelX1lo826V-YARt_btCe8vI6w\" target=\"_blank\" rel=\"nofollow noopener\" data-lynx-mode=\"origin\">www.jbfaitsabea.com.<\/a>Puis, pendant les dix jours pr\u00e9c\u00e9dant la b\u00e9atification, du 21 au 30 septembre, une campagne va inviter tous les Marseillais \u00e0 faire une BA. \u00bb<\/p>\n<p>\u00ab L\u2019appel est lanc\u00e9 aux personnes, groupes, paroisses, mouvements, \u00e9coles, associations, entreprises, poursuit le vicaire g\u00e9n\u00e9ral. L\u2019id\u00e9e est de susciter un \u00e9lan de solidarit\u00e9, de s\u2019encourager les uns les autres \u00e0 \u00eatre plus g\u00e9n\u00e9reux, en partageant les bonnes actions sur Instagram et Facebook. \u00bb<\/p>\n<p>Une campagne de financement participatif, avec une tombola num\u00e9rique, a aussi \u00e9t\u00e9 lanc\u00e9e \u00e0 Marseille. D\u00e8s la rentr\u00e9e, les \u00e9coles catholiques vont \u00e9galement se mobiliser, car \u00ab le bien, \u00e7a se propage, et le partager fait grandir, explique Mared Gimenez, adjointe en pastorale \u00e0 la Direction dioc\u00e9saine de l\u2019enseignement catholique. L\u2019abb\u00e9 Fouque s\u2019est donn\u00e9 aux jeunes, donc les jeunes doivent faire quelque chose pour lui et tenter de l\u2019imiter \u00bb.<\/p>\n<p>Aujourd\u2019hui, \u00e0 Marseille, le d\u00e9fi est le m\u00eame qu\u2019au temps de l\u2019abb\u00e9 Fouque, souligne Mgr Pontier : \u00ab C\u2019est de b\u00e2tir la fraternit\u00e9 : que le regard bienveillant que nous portons sur les autres suscite des gestes de solidarit\u00e9. \u00bb<\/p>\n<p>Au cours de la pr\u00e9sentation, Mgr Bernard Ardura, postulateur de la cause en b\u00e9atification, a retrac\u00e9 la vie de l\u2019abb\u00e9 Fouque, de Sainte-Marguerite \u00e0 La Palud, en passant par Auriol et La Major. La Palud, c\u2019\u00e9tait \u00ab son port d\u2019attache \u00bb, o\u00f9 il restait vicaire pendant trente-huit ans, explique-t-il. De ce quartier g\u00e9n\u00e9ral, il a pilot\u00e9 \u00ab ses \u0153uvres pour les jeunes filles, les orphelins, les adolescents d\u00e9linquants, les personnes \u00e2g\u00e9es, les malades\u2026\u00bb. Un homme d\u2019action, donc, \u00ab mais avant tout un pr\u00eatre, un p\u00e8re spirituel appr\u00e9ci\u00e9 qui passait des heures au confessionnal \u00bb. (Marina Droujinina.)<\/p>\n<p>&nbsp;<\/p>\n<p>13 juillet 2018<\/p>\n<div id=\"attachment_10262\" style=\"width: 310px\" class=\"wp-caption alignleft\"><a href=\"https:\/\/mj-lagrange.org\/wp-content\/uploads\/2018\/07\/Pri\u00e8re-solitaire-et-secr\u00e8te-Sergei-Gribkov-1822-1893.jpg\"><img loading=\"lazy\" decoding=\"async\" aria-describedby=\"caption-attachment-10262\" class=\"wp-image-10262 size-medium\" src=\"https:\/\/mj-lagrange.org\/wp-content\/uploads\/2018\/07\/Pri\u00e8re-solitaire-et-secr\u00e8te-Sergei-Gribkov-1822-1893-300x206.jpg\" alt=\"\" width=\"300\" height=\"206\" srcset=\"https:\/\/mj-lagrange.org\/wp-content\/uploads\/2018\/07\/Pri\u00e8re-solitaire-et-secr\u00e8te-Sergei-Gribkov-1822-1893-300x206.jpg 300w, https:\/\/mj-lagrange.org\/wp-content\/uploads\/2018\/07\/Pri\u00e8re-solitaire-et-secr\u00e8te-Sergei-Gribkov-1822-1893-1024x704.jpg 1024w, https:\/\/mj-lagrange.org\/wp-content\/uploads\/2018\/07\/Pri\u00e8re-solitaire-et-secr\u00e8te-Sergei-Gribkov-1822-1893-730x502.jpg 730w, https:\/\/mj-lagrange.org\/wp-content\/uploads\/2018\/07\/Pri\u00e8re-solitaire-et-secr\u00e8te-Sergei-Gribkov-1822-1893.jpg 1279w\" sizes=\"auto, (max-width: 300px) 100vw, 300px\" \/><\/a><p id=\"caption-attachment-10262\" class=\"wp-caption-text\">Pri\u00e8re solitaire et secr\u00e8te<br \/>par Sergei Gribkov (19e)<\/p><\/div>\n<p><span style=\"color: #993300;\">La d\u00e9votion du p\u00e8re Lagrange \u00e0 la Vierge Marie<\/span><br \/>\n<em><span style=\"color: #993300;\">\u00ab\u00a0\u00catre un petit serviteur de Marie\u00a0\u00bb\u00a0<\/span><\/em><\/p>\n<p>\u00ab\u00a0Demeurons un petit serviteur de Marie, humble et cach\u00e9.\u00a0\u00bb<\/p>\n<p>(Marie-Joseph Lagrange o.p.,\u00a0<em>Journal spirituel<\/em>, 22 septembre 1921, Cerf, 2014.)<\/p>\n<p>&nbsp;<\/p>\n<p>&nbsp;<\/p>\n<p>&nbsp;<\/p>\n<p><span style=\"color: #993300;\">10 juillet 2018 :<\/span> <em><span style=\"color: #993300;\">Jour-anniversaire<\/span><\/em><\/p>\n<p><a href=\"https:\/\/mj-lagrange.org\/wp-content\/uploads\/2010\/05\/Priere_Frac2.png\"><img loading=\"lazy\" decoding=\"async\" class=\"alignleft size-medium wp-image-10258\" src=\"https:\/\/mj-lagrange.org\/wp-content\/uploads\/2010\/05\/Priere_Frac2-300x212.png\" alt=\"\" width=\"300\" height=\"212\" srcset=\"https:\/\/mj-lagrange.org\/wp-content\/uploads\/2010\/05\/Priere_Frac2-300x212.png 300w, https:\/\/mj-lagrange.org\/wp-content\/uploads\/2010\/05\/Priere_Frac2-730x516.png 730w, https:\/\/mj-lagrange.org\/wp-content\/uploads\/2010\/05\/Priere_Frac2.png 1000w\" sizes=\"auto, (max-width: 300px) 100vw, 300px\" \/><\/a>En ce jour anniversaire (10 mars 1938-10 juillet 2018), <a href=\"https:\/\/mj-lagrange.org\/wp-content\/uploads\/2018\/07\/Vierge-jardin-de-paradis.-la-vierge.jpg\"><img loading=\"lazy\" decoding=\"async\" class=\"alignright size-medium wp-image-10246\" src=\"https:\/\/mj-lagrange.org\/wp-content\/uploads\/2018\/07\/Vierge-jardin-de-paradis.-la-vierge-300x294.jpg\" alt=\"\" width=\"300\" height=\"294\" srcset=\"https:\/\/mj-lagrange.org\/wp-content\/uploads\/2018\/07\/Vierge-jardin-de-paradis.-la-vierge-300x294.jpg 300w, https:\/\/mj-lagrange.org\/wp-content\/uploads\/2018\/07\/Vierge-jardin-de-paradis.-la-vierge-730x714.jpg 730w, https:\/\/mj-lagrange.org\/wp-content\/uploads\/2018\/07\/Vierge-jardin-de-paradis.-la-vierge.jpg 742w\" sizes=\"auto, (max-width: 300px) 100vw, 300px\" \/><\/a>nous nous retrouvons en union de pri\u00e8res avec fr. Manuel Rivero o. p., qui c\u00e9l\u00e8bre la messe du jour aux intentions des membres de l\u2019association ainsi que pour la b\u00e9atification du p\u00e8re Lagrange. N\u2019h\u00e9sitons pas \u00e0 confier nos intentions \u00e0 l\u2019intercession du p\u00e8re Lagrange avec la pri\u00e8re sur le site :\u00a0<a href=\"http:\/\/www.mj-lagrange.org\/\">http:\/\/www.mj-lagrange.org<\/a><\/p>\n<p>&nbsp;<\/p>\n<p>8 juillet 2018<\/p>\n<div id=\"attachment_10243\" style=\"width: 210px\" class=\"wp-caption alignleft\"><a href=\"https:\/\/mj-lagrange.org\/wp-content\/uploads\/2018\/07\/Vierge-noire-Brg-en-Bresse.jpg\"><img loading=\"lazy\" decoding=\"async\" aria-describedby=\"caption-attachment-10243\" class=\"size-medium wp-image-10243\" src=\"https:\/\/mj-lagrange.org\/wp-content\/uploads\/2018\/07\/Vierge-noire-Brg-en-Bresse-200x300.jpg\" alt=\"\" width=\"200\" height=\"300\" srcset=\"https:\/\/mj-lagrange.org\/wp-content\/uploads\/2018\/07\/Vierge-noire-Brg-en-Bresse-200x300.jpg 200w, https:\/\/mj-lagrange.org\/wp-content\/uploads\/2018\/07\/Vierge-noire-Brg-en-Bresse.jpg 640w\" sizes=\"auto, (max-width: 200px) 100vw, 200px\" \/><\/a><p id=\"caption-attachment-10243\" class=\"wp-caption-text\">La Vierge Noire (14e)<br \/>\u00e9glise Notre-Dame de Bourg-en-Bresse (Ain)<\/p><\/div>\n<p><em><span style=\"color: #993300;\">La d\u00e9votion du p\u00e8re Lagrange \u00e0 la Vierge Marie<\/span><\/em><\/p>\n<p>&nbsp;<\/p>\n<p>\u00ab\u00a0Terminant une retraite (1892), je revins dire adieu \u00e0 mes parents\u00a0: ils \u00e9taient tristes\u00a0; mon p\u00e8re \u00e9tait d\u00e9j\u00e0 en proie \u00e0 une sourde pers\u00e9cution comme cl\u00e9rical\u2026 Je confiai tout \u00e0 la Vierge Noire, au C\u0153ur Immacul\u00e9 de Marie, dans mon dernier passage furtif \u00e0 l\u2019\u00e9glise.\u00a0\u00bb<\/p>\n<p>(Marie-Joseph Lagrange O.P., <em>Journal spirituel<\/em>, Cerf, 2014).<\/p>\n<p>&nbsp;<\/p>\n<p>&nbsp;<\/p>\n<p>&nbsp;<\/p>\n<p>&nbsp;<\/p>\n<p>&nbsp;<\/p>\n<p>3 juillet 2018<\/p>\n<div id=\"attachment_10233\" style=\"width: 310px\" class=\"wp-caption alignleft\"><a href=\"https:\/\/mj-lagrange.org\/wp-content\/uploads\/2018\/07\/Angelico-bambino-madonna-delle-ombred\u00e9tail.jpg\"><img loading=\"lazy\" decoding=\"async\" aria-describedby=\"caption-attachment-10233\" class=\"size-medium wp-image-10233\" src=\"https:\/\/mj-lagrange.org\/wp-content\/uploads\/2018\/07\/Angelico-bambino-madonna-delle-ombred\u00e9tail-300x284.jpg\" alt=\"\" width=\"300\" height=\"284\" srcset=\"https:\/\/mj-lagrange.org\/wp-content\/uploads\/2018\/07\/Angelico-bambino-madonna-delle-ombred\u00e9tail-300x284.jpg 300w, https:\/\/mj-lagrange.org\/wp-content\/uploads\/2018\/07\/Angelico-bambino-madonna-delle-ombred\u00e9tail-730x692.jpg 730w, https:\/\/mj-lagrange.org\/wp-content\/uploads\/2018\/07\/Angelico-bambino-madonna-delle-ombred\u00e9tail.jpg 810w\" sizes=\"auto, (max-width: 300px) 100vw, 300px\" \/><\/a><p id=\"caption-attachment-10233\" class=\"wp-caption-text\">Fra Angelico<br \/>Bambino Ges\u00f9 (d\u00e9tail) Madonna delle ombre, couvent Saint-Marc, Florence, Italie.<\/p><\/div>\n<p><em><span style=\"color: #993300;\">L<\/span><span style=\"color: #993300;\">a d\u00e9votion du p\u00e8re Lagrange \u00e0 la Vierge Marie<\/span><\/em><\/p>\n<p>\u00ab Vers No\u00ebl (1877), j\u2019\u00e9tais aux pieds de J\u00e9sus enfant, le priant de m\u2019enseigner \u00e0 faire sa volont\u00e9. Tout en moi cherchait cette vocation, dont je demandais le secret \u00e0 Marie.)<\/p>\n<p>(Bernard Montagnes, O.P. Marie-Joseph Lagrange. Une biographie critique, Cerf, 2004.)<\/p>\n<p>&nbsp;<\/p>\n<p>&nbsp;<\/p>\n<p>&nbsp;<\/p>\n<p>&nbsp;<\/p>\n<p>1er juillet 2018<\/p>\n<p><em><span style=\"color: #993300;\">La d\u00e9votion du p\u00e8re Lagrange \u00e0 la Vierge Marie<\/span><\/em><\/p>\n<div id=\"attachment_10230\" style=\"width: 310px\" class=\"wp-caption alignleft\"><a href=\"https:\/\/mj-lagrange.org\/wp-content\/uploads\/2018\/07\/Vierge-\u00e0-lEnfant-saint-sulpice-1.jpg\"><img loading=\"lazy\" decoding=\"async\" aria-describedby=\"caption-attachment-10230\" class=\"size-medium wp-image-10230\" src=\"https:\/\/mj-lagrange.org\/wp-content\/uploads\/2018\/07\/Vierge-\u00e0-lEnfant-saint-sulpice-1-300x137.jpg\" alt=\"\" width=\"300\" height=\"137\" srcset=\"https:\/\/mj-lagrange.org\/wp-content\/uploads\/2018\/07\/Vierge-\u00e0-lEnfant-saint-sulpice-1-300x137.jpg 300w, https:\/\/mj-lagrange.org\/wp-content\/uploads\/2018\/07\/Vierge-\u00e0-lEnfant-saint-sulpice-1-1024x468.jpg 1024w, https:\/\/mj-lagrange.org\/wp-content\/uploads\/2018\/07\/Vierge-\u00e0-lEnfant-saint-sulpice-1-730x334.jpg 730w, https:\/\/mj-lagrange.org\/wp-content\/uploads\/2018\/07\/Vierge-\u00e0-lEnfant-saint-sulpice-1.jpg 1200w\" sizes=\"auto, (max-width: 300px) 100vw, 300px\" \/><\/a><p id=\"caption-attachment-10230\" class=\"wp-caption-text\">Vierge \u00e0 l&rsquo;Enfant<br \/>\u00e9glise St-Sulpice-Issy-les-Moulineaux<\/p><\/div>\n<p>Or il arriva, au mois de mai de cette ann\u00e9e 1877, que Dieu me toucha le c\u0153ur\u2026 Un jour que j\u2019\u00e9tais aux courses de Longchamp, un ami me dit qu\u2019il y avait chez moi une d\u00e9p\u00eache\u2026 Je rentrai aussit\u00f4t : cette d\u00e9p\u00eache m\u2019annon\u00e7ait de mauvaises nouvelles de ma famille\u2026 D\u00e9sol\u00e9, j\u2019entrai \u00e0 Saint-Sulpice, jusqu\u2019au fond, aux pieds de Marie\u2026 Que se passa-t-il ? [Je priai longtemps avec ardeur. En sortant, je n\u2019\u00e9tais plus le m\u00eame (Souvenirs personnels)]. Quelques jours apr\u00e8s, j\u2019achetai un chapelet, puis je rentrai \u00e0 Bourg. (Bernard Montagnes, O.P. Marie-Joseph Lagrange. Une biographie critique, Cerf, 2004.)<\/p>\n<p>&nbsp;<\/p>\n<p>&nbsp;<\/p>\n","protected":false},"excerpt":{"rendered":"<p>30 juillet 2018 La d\u00e9votion du p\u00e8re Lagrange o.p. \u00e0 la Vierge Marie \u00ab\u00a0J\u2019ai relu mes notes de noviciat\u00a0: quelle d\u00e9cadence constante\u00a0! Alors quelle application, quelle ferveur\u00a0! Y revenir, je ne puis. Mais peut-\u00eatre je connais mieux ma faiblesse, je suis plus abandonn\u00e9 \u00e0 la mis\u00e9ricorde de Dieu. Il pourrait m\u2019abandonner, c\u2019est s\u00fbr, mais il &#8230;<\/p>\n<p><a href=\"https:\/\/www.mj-lagrange.org\/?p=10293\" class=\"more-link\">Continue reading &lsquo;\u00c9cho de notre page Facebook : juillet 2018&rsquo; &raquo;<\/a><\/p>\n","protected":false},"author":2,"featured_media":0,"comment_status":"closed","ping_status":"closed","sticky":false,"template":"","format":"standard","meta":{"footnotes":""},"categories":[147],"tags":[],"class_list":["post-10293","post","type-post","status-publish","format-standard","hentry","category-echo_de_notre_page_facebook"],"_links":{"self":[{"href":"https:\/\/www.mj-lagrange.org\/index.php?rest_route=\/wp\/v2\/posts\/10293","targetHints":{"allow":["GET"]}}],"collection":[{"href":"https:\/\/www.mj-lagrange.org\/index.php?rest_route=\/wp\/v2\/posts"}],"about":[{"href":"https:\/\/www.mj-lagrange.org\/index.php?rest_route=\/wp\/v2\/types\/post"}],"author":[{"embeddable":true,"href":"https:\/\/www.mj-lagrange.org\/index.php?rest_route=\/wp\/v2\/users\/2"}],"replies":[{"embeddable":true,"href":"https:\/\/www.mj-lagrange.org\/index.php?rest_route=%2Fwp%2Fv2%2Fcomments&post=10293"}],"version-history":[{"count":13,"href":"https:\/\/www.mj-lagrange.org\/index.php?rest_route=\/wp\/v2\/posts\/10293\/revisions"}],"predecessor-version":[{"id":11527,"href":"https:\/\/www.mj-lagrange.org\/index.php?rest_route=\/wp\/v2\/posts\/10293\/revisions\/11527"}],"wp:attachment":[{"href":"https:\/\/www.mj-lagrange.org\/index.php?rest_route=%2Fwp%2Fv2%2Fmedia&parent=10293"}],"wp:term":[{"taxonomy":"category","embeddable":true,"href":"https:\/\/www.mj-lagrange.org\/index.php?rest_route=%2Fwp%2Fv2%2Fcategories&post=10293"},{"taxonomy":"post_tag","embeddable":true,"href":"https:\/\/www.mj-lagrange.org\/index.php?rest_route=%2Fwp%2Fv2%2Ftags&post=10293"}],"curies":[{"name":"wp","href":"https:\/\/api.w.org\/{rel}","templated":true}]}}