{"id":12545,"date":"2019-03-02T09:30:26","date_gmt":"2019-03-02T08:30:26","guid":{"rendered":"https:\/\/www.mj-lagrange.org\/?p=12545"},"modified":"2019-06-26T18:45:49","modified_gmt":"2019-06-26T16:45:49","slug":"echo-de-notre-page-facebook-mars-2019","status":"publish","type":"post","link":"https:\/\/www.mj-lagrange.org\/?p=12545","title":{"rendered":"\u00c9cho de notre page Facebook : mars 2019"},"content":{"rendered":"<div class=\"fcbkbttn_buttons_block\" id=\"fcbkbttn_left\"><div class=\"fcbkbttn_button\">\n\t\t\t\t\t<a href=\"https:\/\/www.facebook.com\/\" target=\"_blank\">\n\t\t\t\t\t\t<img decoding=\"async\" src=\"https:\/\/mj-lagrange.org\/wp-content\/plugins\/facebook-button-plugin\/images\/standard-facebook-ico.png\" alt=\"Fb-Button\" \/>\n\t\t\t\t\t<\/a>\n\t\t\t\t<\/div><div class=\"fcbkbttn_like \"><fb:like href=\"https:\/\/www.mj-lagrange.org\/?p=12545\" action=\"like\" colorscheme=\"light\" layout=\"standard\"  width=\"225px\" size=\"small\"><\/fb:like><\/div><\/div><p><span style=\"color: #993300;\">31 mars 2019<\/span><\/p>\n<div id=\"attachment_12577\" style=\"width: 310px\" class=\"wp-caption alignleft\"><a href=\"https:\/\/mj-lagrange.org\/wp-content\/uploads\/2019\/03\/Regard-de-J\u00e9sus-d\u00e9tail-par-Fra-Angelico-.jpg\"><img loading=\"lazy\" decoding=\"async\" aria-describedby=\"caption-attachment-12577\" class=\"size-medium wp-image-12577\" src=\"https:\/\/mj-lagrange.org\/wp-content\/uploads\/2019\/03\/Regard-de-J\u00e9sus-d\u00e9tail-par-Fra-Angelico--300x189.jpg\" alt=\"\" width=\"300\" height=\"189\" srcset=\"https:\/\/mj-lagrange.org\/wp-content\/uploads\/2019\/03\/Regard-de-J\u00e9sus-d\u00e9tail-par-Fra-Angelico--300x189.jpg 300w, https:\/\/mj-lagrange.org\/wp-content\/uploads\/2019\/03\/Regard-de-J\u00e9sus-d\u00e9tail-par-Fra-Angelico-.jpg 665w\" sizes=\"auto, (max-width: 300px) 100vw, 300px\" \/><\/a><p id=\"caption-attachment-12577\" class=\"wp-caption-text\">Regard de J\u00e9sus (d\u00e9tail)<br \/>Fra Angelico (1400-1455)<\/p><\/div>\n<p>Dieu seul peut rendre \u00e0 la raison affaiblie par le p\u00e9ch\u00e9 son empire sur les puissances sensibles, c\u2019est en lui qu\u2019elle trouve sa force ; et c\u2019est la pri\u00e8re qui lui donne ce regard souverain qui charme les passions indompt\u00e9es et les am\u00e8ne soumises aux pieds de l\u2019intelligence. (Marie-Joseph Lagrange des Fr\u00e8res pr\u00eacheurs. <em>Journal spirituel<\/em>, p. 109, Cerf, 2017.)<\/p>\n<p>&nbsp;<\/p>\n<p>&nbsp;<\/p>\n<p><span style=\"color: #993300;\">25 mars 2019<\/span><\/p>\n<p><span style=\"color: #993300;\"><strong>L\u2019Annonciation \u00e0 la lumi\u00e8re de la vie et de l\u2019\u0153uvre du p\u00e8re Lagrange<\/strong><\/span><br \/>\nTexte paru dans la <em>Revue du Rosaire<\/em> de septembre 2010<br \/>\npar Fr. Manuel Rivero, o.p.<\/p>\n<p>Dieu aime ce qui est petit et pauvre. Sa puissance se d\u00e9ploie dans la faiblesse humaine. Le p\u00e8re Lagrange pr\u00e9cise que Nazareth, petit village, n\u2019est pas cit\u00e9 dans l\u2019Ancien Testament ni par l\u2019historien juif Flavius Jos\u00e8phe ni dans le Talmud. C\u2019est l\u00e0 que l\u2019ange Gabriel est apparu \u00e0 Marie. Les Grecs orthodoxes placent l\u2019Annonciation pr\u00e8s de la fontaine de Nazareth suivant un \u00e9vangile apocryphe d\u00e9sign\u00e9 sous le nom de l\u2019ap\u00f4tre Pierre. Faute de renseignements v\u00e9rifiables, nous pouvons imaginer Marie en train de prier comme aiment \u00e0 la montrer les artistes chr\u00e9tiens, le livre de la Parole sur ses genoux ; ou en train de nettoyer sa maison et de faire cuire le repas ; ou encore un seau d\u2019eau fra\u00eeche sur la t\u00eate, port\u00e9 avec \u00e9quilibre et \u00e9l\u00e9gance comme le font encore beaucoup de femmes de pays pauvres.<\/p>\n<p><a href=\"https:\/\/mj-lagrange.org\/wp-content\/uploads\/2019\/03\/Annonciation-d\u00e9tail-Beato-Angelico.jpg\"><img loading=\"lazy\" decoding=\"async\" class=\"alignleft size-medium wp-image-12574\" src=\"https:\/\/mj-lagrange.org\/wp-content\/uploads\/2019\/03\/Annonciation-d\u00e9tail-Beato-Angelico-237x300.jpg\" alt=\"\" width=\"237\" height=\"300\" srcset=\"https:\/\/mj-lagrange.org\/wp-content\/uploads\/2019\/03\/Annonciation-d\u00e9tail-Beato-Angelico-237x300.jpg 237w, https:\/\/mj-lagrange.org\/wp-content\/uploads\/2019\/03\/Annonciation-d\u00e9tail-Beato-Angelico.jpg 606w\" sizes=\"auto, (max-width: 237px) 100vw, 237px\" \/><\/a>Les Grecs se saluent en se souhaitant la joie tandis que dans les langues aram\u00e9enne et h\u00e9bra\u00efque, la salutation souhaite la paix. D\u2019o\u00f9 les diff\u00e9rentes traductions possibles en fran\u00e7ais : \u00ab Je vous salue \u00bb, \u00ab Paix sur toi \u00bb ou \u00ab R\u00e9jouis-toi, Marie \u00bb.<\/p>\n<p>Quant \u00e0 l\u2019\u00e9tymologie de Marie, une multitude de livres et d\u2019articles ont vu le jour \u00e0 la recherche de la bonne explication. Le p\u00e8re Lagrange retient celle de \u00ab dame \u00bb ou \u00ab princesse \u00bb en harmonie avec la pratique de l\u2019\u00c9glise qui se confie \u00e0 l\u2019intercession de la Vierge Marie sous le vocable de \u00ab Notre-Dame \u00bb.<\/p>\n<p>L\u2019\u00e9vang\u00e9liste saint Luc s\u2019est int\u00e9ress\u00e9 \u00e0 la g\u00e9n\u00e9alogie des femmes. \u00c9lisabeth, cousine de Marie, descend de la tribu d\u2019Aaron. Pour le p\u00e8re Lagrange, il ressort de l\u2019\u00c9vangile que non seulement Joseph mais aussi Marie descendaient de la tribu de David. L\u2019Annonciation : \u00ab<em>\u00a0Il sera grand et sera appel\u00e9 fils du Tr\u00e8s-Haut, et le Seigneur Dieu lui donnera le tr\u00f4ne de David, son p\u00e8re<\/em>\u00a0\u00bb, et le\u00a0<em>Benedictus<\/em>\u00a0: \u00ab\u00a0<em>Le Seigneur nous a suscit\u00e9 une corne de salut, dans la maison de David, son serviteur<\/em>\u00a0\u00bb (Luc 1, 69), relient la naissance de J\u00e9sus au roi David. J\u00e9sus, dont l\u2019\u00e9tymologie \u00e9voque d\u00e9j\u00e0 sa mission de Sauveur est n\u00e9 de la descendance du roi David, la tribu du Messie selon les proph\u00e9ties.<\/p>\n<p>La question de Marie : \u00ab\u00a0<em>Comment cela sera-t-il, puisque je ne connais pas d&rsquo;homme ?<\/em>\u00a0\u00bb est interpr\u00e9t\u00e9e par de nombreux ex\u00e9g\u00e8tes catholiques comme un propos de virginit\u00e9. Au premier si\u00e8cle, de nouveaux courants asc\u00e9tiques comme les Ess\u00e9niens de Qumr\u00e2n pratiquaient le c\u00e9libat et la chastet\u00e9. \u00ab Si Marie entendait demeurer vierge, pourquoi \u00e9tait-elle fianc\u00e9e ? \u00bb se demande le p\u00e8re Lagrange. Il y r\u00e9pond en \u00e9voquant le probable souhait de Marie d\u2019\u00e9chapper aux propositions r\u00e9p\u00e9t\u00e9es de mariage. Avec Joseph, homme juste, Marie pouvait accomplir sa vocation divine dans la paix. Par ailleurs, il nous est possible de penser en coh\u00e9rence avec la foi et la droiture de Marie et de Joseph que ces deux fianc\u00e9s avaient pris cette d\u00e9cision d&rsquo;un commun accord, s\u2019aimant avec tendresse, respect et renoncement pour le Royaume des Cieux (Voir Alonso G\u00f3mez Fern\u00e1ndez,\u00a0<em>Tras las huellas de Jos\u00e9. Icono del Padre y Guardi\u00e1n del Arca<\/em>, Santo Domingo, Rep\u00fablica Dominicana, Ediciones Ama, 2008, p. 220).<\/p>\n<p>\u00c0 la diff\u00e9rence de Zacharie qui n\u2019avait pas cru et qui avait demand\u00e9 un signe, Marie croit aux paroles de l\u2019ange Gabriel : \u00ab\u00a0<em>Je suis la servante du Seigneur ; qu&rsquo;il m&rsquo;advienne selon ta parole !<\/em>\u00a0\u00bb<\/p>\n<p><em>Prions pour nos fr\u00e8res juifs. Confions-les \u00e0 l\u2019intercession de la Vierge Marie, femme cent pour cent juive et cent pour cent chr\u00e9tienne, la premi\u00e8re chr\u00e9tienne, la premi\u00e8re \u00c9glise.<br \/>\nPrions aussi pour ceux qui n\u2019arrivent pas \u00e0 croire en la Parole de Dieu r\u00e9v\u00e9l\u00e9e dans la Bible.<\/em><\/p>\n<p>&nbsp;<\/p>\n<p><strong><span style=\"color: #800080;\">17 mars 2019<\/span><\/strong><\/p>\n<div id=\"attachment_12558\" style=\"width: 310px\" class=\"wp-caption alignleft\"><a href=\"https:\/\/mj-lagrange.org\/wp-content\/uploads\/2019\/03\/Transfiguration-d\u00e9tail-Raffaello-Sanzio-1518-1520-Pinacoth\u00e8que-Vaticane.jpg\"><img loading=\"lazy\" decoding=\"async\" aria-describedby=\"caption-attachment-12558\" class=\"size-medium wp-image-12558\" src=\"https:\/\/mj-lagrange.org\/wp-content\/uploads\/2019\/03\/Transfiguration-d\u00e9tail-Raffaello-Sanzio-1518-1520-Pinacoth\u00e8que-Vaticane-300x169.jpg\" alt=\"\" width=\"300\" height=\"169\" srcset=\"https:\/\/mj-lagrange.org\/wp-content\/uploads\/2019\/03\/Transfiguration-d\u00e9tail-Raffaello-Sanzio-1518-1520-Pinacoth\u00e8que-Vaticane-300x169.jpg 300w, https:\/\/mj-lagrange.org\/wp-content\/uploads\/2019\/03\/Transfiguration-d\u00e9tail-Raffaello-Sanzio-1518-1520-Pinacoth\u00e8que-Vaticane-768x432.jpg 768w, https:\/\/mj-lagrange.org\/wp-content\/uploads\/2019\/03\/Transfiguration-d\u00e9tail-Raffaello-Sanzio-1518-1520-Pinacoth\u00e8que-Vaticane.jpg 1024w, https:\/\/mj-lagrange.org\/wp-content\/uploads\/2019\/03\/Transfiguration-d\u00e9tail-Raffaello-Sanzio-1518-1520-Pinacoth\u00e8que-Vaticane-730x411.jpg 730w\" sizes=\"auto, (max-width: 300px) 100vw, 300px\" \/><\/a><p id=\"caption-attachment-12558\" class=\"wp-caption-text\">Transfiguration (d\u00e9tail) (1518-1520)-Raffaello Sanzio-Pinacoth\u00e8que Vaticane.<\/p><\/div>\n<p>&nbsp;<\/p>\n<p>\u00ab\u00a0La pr\u00e9sence de Dieu est une lumi\u00e8re\u00a0: parce que, quand on voit tous les objets en Dieu, aucun d\u2019eux ne peut arr\u00eater la pens\u00e9e, la fixer et la d\u00e9tourner de sa fin supr\u00eame. Dans la nuit, on se heurte \u00e0 chaque pierre du chemin\u00a0; le jour, on franchit les plus s\u00e9rieux obstacles.\u00a0\u00bb (Marie-Joseph Lagrange, <em>Journal spirituel<\/em>, p. 109, Cerf, 2017.)<\/p>\n<p>&nbsp;<\/p>\n<p>&nbsp;<\/p>\n<p><strong><span style=\"color: #800080;\">14 mars 2019<\/span><\/strong><\/p>\n<div id=\"attachment_12557\" style=\"width: 264px\" class=\"wp-caption alignleft\"><a href=\"https:\/\/mj-lagrange.org\/wp-content\/uploads\/2019\/03\/Saints-Dominicains-d\u00e9tail-Fra-Angelico.jpg\"><img loading=\"lazy\" decoding=\"async\" aria-describedby=\"caption-attachment-12557\" class=\"wp-image-12557 size-medium\" src=\"https:\/\/mj-lagrange.org\/wp-content\/uploads\/2019\/03\/Saints-Dominicains-d\u00e9tail-Fra-Angelico-254x300.jpg\" alt=\"\" width=\"254\" height=\"300\" srcset=\"https:\/\/mj-lagrange.org\/wp-content\/uploads\/2019\/03\/Saints-Dominicains-d\u00e9tail-Fra-Angelico-254x300.jpg 254w, https:\/\/mj-lagrange.org\/wp-content\/uploads\/2019\/03\/Saints-Dominicains-d\u00e9tail-Fra-Angelico.jpg 649w\" sizes=\"auto, (max-width: 254px) 100vw, 254px\" \/><\/a><p id=\"caption-attachment-12557\" class=\"wp-caption-text\">Saints Dominicains (d\u00e9tail) Fra Angelico ; cinqui\u00e8me panneau de la pr\u00e9delle du Retable de Fiesole ; 1420 env. ; Londres, National Gallery.<\/p><\/div>\n<p>&nbsp;<\/p>\n<p>\u00ab\u00a0Quand nous lisons la vie des saints, d\u2019un S. Paul, d\u2019une sainte Perp\u00e9tue, d\u2019une Ste Th\u00e9r\u00e8se, ou d\u2019un S. Dominique, de S. Vincent de Paul ou de S. Fran\u00e7ois de Sales, de S. Charles Borrom\u00e9e ou de Ste Jeanne de Chantal, sans parler de ceux qui sont plus hauts encore, dont les perfections nous \u00e9blouissent dans la splendeur de Dieu, nous comprenons le charme souverain qui a attir\u00e9 tant d\u2019\u00e2mes apr\u00e8s ces \u00e2mes\u2026 Qui se donne volontiers \u00e0 un autre homme\u00a0? Et pourtant on se donne aux saints, parce que la beaut\u00e9 de leur \u00e2me est vraiment un rayon de la beaut\u00e9 de Dieu &lt;par ce qu\u2019ils avaient Dieu, ils ont atteint la plus haute perfection de l\u2019homme, que leur intercession vienne en aide \u00e0 notre faiblesse&gt;. \u00bb (Marie-Joseph Lagrange, <em>Journal spirituel<\/em>, p. 373, Cerf, 2017.)<\/p>\n<p>&nbsp;<\/p>\n<p>&nbsp;<\/p>\n<p><strong><span style=\"color: #800080;\">10 mars 2019<\/span><\/strong><\/p>\n<p><span style=\"color: #993300;\"><strong><em><a href=\"https:\/\/mj-lagrange.org\/wp-content\/uploads\/2019\/03\/Pri\u00e8re-pour-la-glorification-du-P.-Lagrange.jpg\"><img loading=\"lazy\" decoding=\"async\" class=\"alignleft size-medium wp-image-12554\" src=\"https:\/\/mj-lagrange.org\/wp-content\/uploads\/2019\/03\/Pri\u00e8re-pour-la-glorification-du-P.-Lagrange-211x300.jpg\" alt=\"\" width=\"211\" height=\"300\" srcset=\"https:\/\/mj-lagrange.org\/wp-content\/uploads\/2019\/03\/Pri\u00e8re-pour-la-glorification-du-P.-Lagrange-211x300.jpg 211w, https:\/\/mj-lagrange.org\/wp-content\/uploads\/2019\/03\/Pri\u00e8re-pour-la-glorification-du-P.-Lagrange.jpg 541w\" sizes=\"auto, (max-width: 211px) 100vw, 211px\" \/><\/a><\/em><\/strong><\/span><\/p>\n<p>&nbsp;<\/p>\n<p>&nbsp;<\/p>\n<p><span style=\"color: #993300;\"><strong><em>Marie-Joseph Lagrange (7 mars 1855 \u2013 10 mars 1938)<\/em><\/strong><\/span><\/p>\n<p>Aujourd\u2019hui est le \u00ab jour-anniversaire \u00bb de la \u00ab mont\u00e9e au Ciel \u00bb du p\u00e8re Marie-Joseph Lagrange o.p., fondateur de l&rsquo;\u00c9cole biblique et arch\u00e9ologique fran\u00e7aise de J\u00e9rusalem. La messe est c\u00e9l\u00e9br\u00e9e par Fr. Manuel Rivero o.p. \u00e0 la m\u00e9moire du P. Lagrange, pour sa prochaine glorification et aux intentions particuli\u00e8res des amis de l\u2019association. C\u2019est aussi l\u2019occasion \u00e0 tous ceux qui aiment le P. Lagrange et qui demandent son intercession pour obtenir des gr\u00e2ces, de s\u2019associer \u00e0 cette c\u00e9l\u00e9bration et de pr\u00e9senter \u00e0 Dieu leur pri\u00e8re.<\/p>\n<p>&nbsp;<\/p>\n<p>&nbsp;<\/p>\n<p><strong><span style=\"color: #008000;\">5 mars 2019<\/span><\/strong><\/p>\n<p><strong><span style=\"color: #993300;\"><em>La vocation personnelle<\/em><\/span><\/strong><\/p>\n<div id=\"attachment_12550\" style=\"width: 274px\" class=\"wp-caption alignleft\"><a href=\"https:\/\/mj-lagrange.org\/wp-content\/uploads\/2019\/03\/Couronnement-de-la-Vierge-par-Beato-Angelico-1438-1440-Couvent-Saint-Marc-Florence.jpg\"><img loading=\"lazy\" decoding=\"async\" aria-describedby=\"caption-attachment-12550\" class=\"size-medium wp-image-12550\" src=\"https:\/\/mj-lagrange.org\/wp-content\/uploads\/2019\/03\/Couronnement-de-la-Vierge-par-Beato-Angelico-1438-1440-Couvent-Saint-Marc-Florence-264x300.jpg\" alt=\"\" width=\"264\" height=\"300\" srcset=\"https:\/\/mj-lagrange.org\/wp-content\/uploads\/2019\/03\/Couronnement-de-la-Vierge-par-Beato-Angelico-1438-1440-Couvent-Saint-Marc-Florence-264x300.jpg 264w, https:\/\/mj-lagrange.org\/wp-content\/uploads\/2019\/03\/Couronnement-de-la-Vierge-par-Beato-Angelico-1438-1440-Couvent-Saint-Marc-Florence-768x872.jpg 768w, https:\/\/mj-lagrange.org\/wp-content\/uploads\/2019\/03\/Couronnement-de-la-Vierge-par-Beato-Angelico-1438-1440-Couvent-Saint-Marc-Florence-730x829.jpg 730w, https:\/\/mj-lagrange.org\/wp-content\/uploads\/2019\/03\/Couronnement-de-la-Vierge-par-Beato-Angelico-1438-1440-Couvent-Saint-Marc-Florence.jpg 901w\" sizes=\"auto, (max-width: 264px) 100vw, 264px\" \/><\/a><p id=\"caption-attachment-12550\" class=\"wp-caption-text\">Couronnement de la Vierge<br \/>Beato Angelico (1438-1440)<\/p><\/div>\n<p>Devenir fils de saint Dominique, Albert Lagrange y a d\u00e9j\u00e0 song\u00e9 \u00e0 plusieurs reprises, d\u00e8s le s\u00e9minaire d\u2019Autun. Comment l\u2019appel s\u2019est-il manifest\u00e9\u00a0? Par saint Dominique en personne, tel du moins que l\u2019a peint Fra Angelico, tel que l\u2019a pr\u00e9sent\u00e9 le P. Lacordaire.<\/p>\n<p>\u00ab\u00a0Depuis que j\u2019avais lu les Conf\u00e9rences de Notre-Dame et la Vie de saint Dominique, l\u2019id\u00e9al dominicain dominait de haut ma pens\u00e9e. Je m\u2019\u00e9tais donn\u00e9 \u00e0 saint Dominique moins apr\u00e8s la lecture de l\u2019\u0153uvre (de Lacordaire), que pour avoir \u00e9t\u00e9 s\u00e9duit par la radieuse image du saint emprunt\u00e9e au couronnement de la Vierge par le bienheureux Angelico de Fiesole. Je ne doutais pas de l\u2019exactitude de ce portrait\u00a0: et c\u2019\u00e9tait bien, en effet, ce qu\u2019on peut imaginer de la vision aimante d\u2019une \u00e2me pure. Longtemps avant d\u2019entrer dans son Ordre, j\u2019\u00e9tais son fils, je le priais chaque jour.\u00a0\u00bb<\/p>\n<p>(<em>Souvenirs personnels,\u00a0<\/em>p. 254-255, cit\u00e9 par B. Montagnes, <em>Marie-Joseph Lagrange. Une biographie critique<\/em>, p. 32, Cerf, 2004.)<\/p>\n<p>&nbsp;<\/p>\n<p><strong><span style=\"color: #008000;\">3 mars 2019<\/span><\/strong><\/p>\n<div id=\"attachment_12546\" style=\"width: 310px\" class=\"wp-caption alignleft\"><a href=\"https:\/\/mj-lagrange.org\/wp-content\/uploads\/2019\/03\/Vierge-\u00e0-la-grenade-Botticelli-1487-d\u00e9tail-Galerie-des-Offices-Florence-Italie.jpg\"><img loading=\"lazy\" decoding=\"async\" aria-describedby=\"caption-attachment-12546\" class=\"wp-image-12546 size-medium\" src=\"https:\/\/mj-lagrange.org\/wp-content\/uploads\/2019\/03\/Vierge-\u00e0-la-grenade-Botticelli-1487-d\u00e9tail-Galerie-des-Offices-Florence-Italie-300x211.jpg\" alt=\"La Vierge \u00e0 la grenade, Sandro Botticelli, 1487, (d\u00e9tail), Galerie des Offices, Florence, Italie.\" width=\"300\" height=\"211\" srcset=\"https:\/\/mj-lagrange.org\/wp-content\/uploads\/2019\/03\/Vierge-\u00e0-la-grenade-Botticelli-1487-d\u00e9tail-Galerie-des-Offices-Florence-Italie-300x211.jpg 300w, https:\/\/mj-lagrange.org\/wp-content\/uploads\/2019\/03\/Vierge-\u00e0-la-grenade-Botticelli-1487-d\u00e9tail-Galerie-des-Offices-Florence-Italie-768x540.jpg 768w, https:\/\/mj-lagrange.org\/wp-content\/uploads\/2019\/03\/Vierge-\u00e0-la-grenade-Botticelli-1487-d\u00e9tail-Galerie-des-Offices-Florence-Italie-1024x720.jpg 1024w, https:\/\/mj-lagrange.org\/wp-content\/uploads\/2019\/03\/Vierge-\u00e0-la-grenade-Botticelli-1487-d\u00e9tail-Galerie-des-Offices-Florence-Italie-730x513.jpg 730w, https:\/\/mj-lagrange.org\/wp-content\/uploads\/2019\/03\/Vierge-\u00e0-la-grenade-Botticelli-1487-d\u00e9tail-Galerie-des-Offices-Florence-Italie.jpg 1557w\" sizes=\"auto, (max-width: 300px) 100vw, 300px\" \/><\/a><p id=\"caption-attachment-12546\" class=\"wp-caption-text\">La Vierge \u00e0 la grenade, Sandro Botticelli, 1487, (d\u00e9tail), Galerie des Offices, Florence, Italie.<\/p><\/div>\n<p><strong><span style=\"color: #993300;\">Quel fruit ai-je port\u00e9 ?<\/span><\/strong><\/p>\n<p>\u00ab\u00a0Notre Seigneur a dit\u00a0: Vous les conna\u00eetrez \u00e0 leurs fruits. Parole terrible pour moi. Durant le temps que j\u2019ai pass\u00e9 plus en contact avec le monde, quel fruit ai-je port\u00e9\u00a0?\u00a0\u00bb (Marie-Joseph Lagrange,\u00a0<em>Journal spirituel<\/em>, 26 septembre 1913, Cerf, 2014.)<\/p>\n<p>&nbsp;<\/p>\n<p>Lecture d&rsquo;image :<\/p>\n<p>La symbolique chr\u00e9tienne interpr\u00e8te les grains serr\u00e9s et unis dans le sang sous une m\u00eame \u00e9corce comme le Corps du Christ, c\u2019est-\u00e0-dire l\u2019\u00c9glise, l\u2019union des fid\u00e8les soud\u00e9s par une m\u00eame foi. \u00c0 partir de la Renaissance, dans le domaine artistique, la grenade est associ\u00e9e \u00e0 la Vierge et \u00e0 l\u2019enfant J\u00e9sus. On compte ainsi de nombreuses Vierges dites \u00ab\u00a0\u00e0 la grenade\u00a0\u00bb. La grenade \u00e9clat\u00e9e avec ses grains r\u00e9pandus est l\u2019all\u00e9gorie de la charit\u00e9 et des dons de l\u2019amour g\u00e9n\u00e9reux. (Hans Biedermann, Michel Cazenave,<em> Encyclop\u00e9die des symboles<\/em>, Librairie g\u00e9n\u00e9rale fran\u00e7aise, Paris, 1996.)<\/p>\n<p>&nbsp;<\/p>\n","protected":false},"excerpt":{"rendered":"<p>31 mars 2019 Dieu seul peut rendre \u00e0 la raison affaiblie par le p\u00e9ch\u00e9 son empire sur les puissances sensibles, c\u2019est en lui qu\u2019elle trouve sa force ; et c\u2019est la pri\u00e8re qui lui donne ce regard souverain qui charme les passions indompt\u00e9es et les am\u00e8ne soumises aux pieds de l\u2019intelligence. (Marie-Joseph Lagrange des Fr\u00e8res &#8230;<\/p>\n<p><a href=\"https:\/\/www.mj-lagrange.org\/?p=12545\" class=\"more-link\">Continue reading &lsquo;\u00c9cho de notre page Facebook : mars 2019&rsquo; &raquo;<\/a><\/p>\n","protected":false},"author":2,"featured_media":0,"comment_status":"closed","ping_status":"closed","sticky":false,"template":"","format":"standard","meta":{"footnotes":""},"categories":[147],"tags":[],"class_list":["post-12545","post","type-post","status-publish","format-standard","hentry","category-echo_de_notre_page_facebook"],"_links":{"self":[{"href":"https:\/\/www.mj-lagrange.org\/index.php?rest_route=\/wp\/v2\/posts\/12545","targetHints":{"allow":["GET"]}}],"collection":[{"href":"https:\/\/www.mj-lagrange.org\/index.php?rest_route=\/wp\/v2\/posts"}],"about":[{"href":"https:\/\/www.mj-lagrange.org\/index.php?rest_route=\/wp\/v2\/types\/post"}],"author":[{"embeddable":true,"href":"https:\/\/www.mj-lagrange.org\/index.php?rest_route=\/wp\/v2\/users\/2"}],"replies":[{"embeddable":true,"href":"https:\/\/www.mj-lagrange.org\/index.php?rest_route=%2Fwp%2Fv2%2Fcomments&post=12545"}],"version-history":[{"count":11,"href":"https:\/\/www.mj-lagrange.org\/index.php?rest_route=\/wp\/v2\/posts\/12545\/revisions"}],"predecessor-version":[{"id":12783,"href":"https:\/\/www.mj-lagrange.org\/index.php?rest_route=\/wp\/v2\/posts\/12545\/revisions\/12783"}],"wp:attachment":[{"href":"https:\/\/www.mj-lagrange.org\/index.php?rest_route=%2Fwp%2Fv2%2Fmedia&parent=12545"}],"wp:term":[{"taxonomy":"category","embeddable":true,"href":"https:\/\/www.mj-lagrange.org\/index.php?rest_route=%2Fwp%2Fv2%2Fcategories&post=12545"},{"taxonomy":"post_tag","embeddable":true,"href":"https:\/\/www.mj-lagrange.org\/index.php?rest_route=%2Fwp%2Fv2%2Ftags&post=12545"}],"curies":[{"name":"wp","href":"https:\/\/api.w.org\/{rel}","templated":true}]}}