{"id":13027,"date":"2019-10-31T00:38:58","date_gmt":"2019-10-30T23:38:58","guid":{"rendered":"https:\/\/www.mj-lagrange.org\/?p=13027"},"modified":"2020-02-20T10:49:14","modified_gmt":"2020-02-20T09:49:14","slug":"echo-de-notre-page-facebook-novembre-2019","status":"publish","type":"post","link":"https:\/\/www.mj-lagrange.org\/?p=13027","title":{"rendered":"\u00c9cho de notre page Facebook : novembre 2019"},"content":{"rendered":"<div class=\"fcbkbttn_buttons_block\" id=\"fcbkbttn_left\"><div class=\"fcbkbttn_button\">\n\t\t\t\t\t<a href=\"https:\/\/www.facebook.com\/\" target=\"_blank\">\n\t\t\t\t\t\t<img decoding=\"async\" src=\"https:\/\/mj-lagrange.org\/wp-content\/plugins\/facebook-button-plugin\/images\/standard-facebook-ico.png\" alt=\"Fb-Button\" \/>\n\t\t\t\t\t<\/a>\n\t\t\t\t<\/div><div class=\"fcbkbttn_like \"><fb:like href=\"https:\/\/www.mj-lagrange.org\/?p=13027\" action=\"like\" colorscheme=\"light\" layout=\"standard\"  width=\"225px\" size=\"small\"><\/fb:like><\/div><\/div><p>&nbsp;<\/p>\n<p><span style=\"color: #993300;\"><strong>30 novembre 2019<\/strong><\/span><br \/>\n<span style=\"color: #993300;\"><strong>F\u00eate de Saint Andr\u00e9, ap\u00f4tre, patron des marins p\u00eacheurs.<\/strong><\/span><\/p>\n<p><span style=\"color: #993300;\"><strong><i><a href=\"https:\/\/mj-lagrange.org\/wp-content\/uploads\/2019\/10\/Saint-Andr\u00e9-Que-nos-jeunes-entendent-et-suivent-lappel-de-J\u00e9sus.-Mgr-Le-Gall-par-Twitter.jpg\"><img loading=\"lazy\" decoding=\"async\" class=\"alignleft size-thumbnail wp-image-13098\" src=\"https:\/\/mj-lagrange.org\/wp-content\/uploads\/2019\/10\/Saint-Andr\u00e9-Que-nos-jeunes-entendent-et-suivent-lappel-de-J\u00e9sus.-Mgr-Le-Gall-par-Twitter-150x150.jpg\" alt=\"\" width=\"150\" height=\"150\" \/><\/a>\u00a0\u00ab\u00a0Venez \u00e0 ma suite, et je vous ferai p\u00eacheurs d\u2019hommes.\u00a0\u00bb<\/i> (Mt 4, 19)<\/strong><\/span><br \/>\n<span style=\"color: #993300;\"><strong><i>Vocation de Simon, d&rsquo;Andr\u00e9 et de ses deux fr\u00e8res Jacques et Jean\u00a0:<\/i><\/strong><\/span><\/p>\n<p>Tous les quatre \u00e9taient en train de nettoyer leurs filets pendant que J\u00e9sus pr\u00eachait sur le rivage du lac. Ils \u00e9taient revenus de la p\u00eache sur deux barques sans rien ramener. J\u00e9sus les interrompt, monte dans la barque de Simon et le prie de donner quelques coups de rame.<\/p>\n<p>\u00ab\u00a0L\u00e2chez vos filets pour la p\u00eache.\u00a0\u00bb Cette fois la p\u00eache fut si abondante que les filets se rompirent. [\u2026] Pierre avait \u00e9t\u00e9 le t\u00e9moin de bien des miracles. Celui-ci lui fait peur. Il a compris dans doute que J\u00e9sus va d\u00e9cid\u00e9ment l\u2019entra\u00eener avec lui, car il h\u00e9site, recule m\u00eame, et all\u00e8gue son indignit\u00e9. \u00ab\u00a0\u00c9loignez-vous de moi, Seigneur, car je suis un homme p\u00e9cheur.\u00a0\u00bb Les autres aussi tremblaient d\u2019un frisson sacr\u00e9. J\u00e9sus dit \u00e0 Simon \u00ab\u00a0Ne crains point, d\u00e9sormais tu prendras des hommes.\u00a0\u00bb L\u2019appel et la promesse s\u2019adressent d\u2019abord \u00e0 lui seul. Mais, comme ils ont particip\u00e9 \u00e0 la capture des poissons, les autres sont appel\u00e9s aussi \u00e0 prendre des hommes. Ayant ramen\u00e9 les barques \u00e0 terre, quittant tout, ils le suivirent.<\/p>\n<p>L\u2019esprit moderne se cabre plus vite devant le miracle que l\u2019homme ancien. C\u2019est pour lui une difficult\u00e9. Mais il a une raison de plus pour croire\u00a0: il lui est loisible de constater l\u2019accomplissement de la proph\u00e9tie. (Extrait de Marie-Joseph Lagrange, o.p., <i>L\u2019\u00c9vangile de J\u00e9sus Christ avec la synopse \u00e9vang\u00e9lique, <\/i>Art\u00e8ge-Lethielleux, 2017, p.145-146.)<\/p>\n<p>Photo : Saint Andr\u00e9, ap\u00f4tre, patron des marins p\u00eacheurs. Que nos jeunes entendent et suivent l&rsquo;appel de J\u00e9sus. (Twitter de Mgr Jean-Marie Le Gall, 2016)<\/p>\n<p><span style=\"color: #993300;\"><strong>24 novembre 2019<\/strong><\/span><br \/>\n<span style=\"color: #993300;\"><strong><i><a style=\"color: #993300;\" href=\"https:\/\/mj-lagrange.org\/wp-content\/uploads\/2019\/10\/Jesuscristo-Rey-del-Universo-Arzobispado-de-Santiago-Chile..jpg\"><img loading=\"lazy\" decoding=\"async\" class=\"alignleft size-thumbnail wp-image-13070\" src=\"https:\/\/mj-lagrange.org\/wp-content\/uploads\/2019\/10\/Jesuscristo-Rey-del-Universo-Arzobispado-de-Santiago-Chile.-150x150.jpg\" alt=\"\" width=\"150\" height=\"150\" \/><\/a>Le Christ, Roi de l\u2019Univers<\/i><\/strong><\/span><\/p>\n<p>Jean 18, 36-37\u00a0: J\u00e9sus r\u00e9pondit\u00a0: \u00ab\u00a0Le royaume qui est le mien n\u2019est pas de ce monde\u00a0; si mon royaume \u00e9tait de ce monde, mes satellites auraient combattu, afin que je ne fusse pas livr\u00e9 aux Juifs\u00a0; mais maintenant mon royaume n\u2019est pas d\u2019ici.\u00a0\u00bb Pilate donc lui dit\u00a0: \u00ab\u00a0Alors tu es roi tout de m\u00eame\u00a0?\u00a0\u00bb J\u00e9sus r\u00e9pondit\u00a0: \u00ab\u00a0Tu le dis\u00a0; je suis roi. Je suis n\u00e9 pour ceci, et je suis venu dans le monde pour ceci\u00a0: rendre t\u00e9moignage \u00e0 la v\u00e9rit\u00e9\u00a0; quiconque proc\u00e8de de la v\u00e9rit\u00e9 \u00e9coute ma voix.\u00a0\u00bb<\/p>\n<p>Le p\u00e8re Lagrange commente (extrait)\u00a0: l\u2019\u00c9vangile selon saint Jean, Lecoffre-Gabalda, 1936, p. 476\u00a0:<br \/>\nCette fois J\u00e9sus reconna\u00eet qu\u2019il est roi, et m\u00eame en termes plus expr\u00e8s que dans les synoptiques. Mais puisque Pilate n\u2019a pas compris le sens de cette royaut\u00e9, et en effet J\u00e9sus n\u2019en avait donn\u00e9 qu\u2019une notion n\u00e9gative, il dit en quoi elle consiste\u00a0: dans la mission qu\u2019il a re\u00e7ue de r\u00e9v\u00e9ler la v\u00e9rit\u00e9 [\u2026] J\u00e9sus \u00e9tait aussi venu pour donner la vie (10, 10)\u00a0; s\u2019il met surtout ici en relief la v\u00e9rit\u00e9, c\u2019est peut-\u00eatre que cette id\u00e9e, moins mystique, \u00e9tait plus accessible \u00e0 un Romain.\u00a0 [\u2026] R\u00e9v\u00e9ler la v\u00e9rit\u00e9 \u00e9tait encore une mani\u00e8re de se faire des partisans et de cr\u00e9er un royaume, compos\u00e9 des amis de la v\u00e9rit\u00e9 [\u2026].<\/p>\n<p><span lang=\"IT\">Photo\u00a0: Jesuscristo Rey del Universo, Arzobispado de Santiago, Chile.<\/span><\/p>\n<p>&nbsp;<\/p>\n<p><span style=\"color: #993300;\"><strong>21 novembre 2019<\/strong><\/span><br \/>\n<span style=\"color: #993300;\"><strong><a href=\"https:\/\/mj-lagrange.org\/wp-content\/uploads\/2019\/10\/Pr\u00e9sentation-de-la-Vierge-Marie-Ghirlandaio-d\u00e9tail.jpg\"><img loading=\"lazy\" decoding=\"async\" class=\"alignleft size-thumbnail wp-image-13066\" src=\"https:\/\/mj-lagrange.org\/wp-content\/uploads\/2019\/10\/Pr\u00e9sentation-de-la-Vierge-Marie-Ghirlandaio-d\u00e9tail-150x150.jpg\" alt=\"\" width=\"150\" height=\"150\" \/><\/a>Pr\u00e9sentation de la Vierge Marie<\/strong><\/span><\/p>\n<p>\u00ab\u00a0La marque d\u2019un v\u00e9ritable enfant de Marie, c\u2019est la fid\u00e9lit\u00e9 \u00e0 la gr\u00e2ce\u00a0: pour cela demander une profonde humilit\u00e9 et une contrition parfaite \u2013 les deux gr\u00e2ces que j\u2019avais demand\u00e9es.\u00a0\u00bb<br \/>\n(Marie-Joseph Lagrange, <i>Journal spirituel<\/i>, 21 novembre 1879, Cerf, 2014, p. 42.)<\/p>\n<p>&nbsp;<\/p>\n<p><span lang=\"IT\">Photo\u00a0: Presentazione della Vergine Maria ai tempio (d\u00e9tail), Ghirlandaio Domenico, 1486-1490, Cappella Tornabuoni, Santa Maria Novella, Firenze.<\/span><\/p>\n<p><span style=\"color: #993300;\"><strong>18 novembre 2019<\/strong><\/span><br \/>\n<span style=\"color: #993300;\"><strong>\u00ab\u00a0J\u00e9sus, fils de David, prends piti\u00e9 de moi\u00a0!\u00a0\u00bb (Luc 18, 38)<\/strong><\/span><\/p>\n<p><a href=\"https:\/\/mj-lagrange.org\/wp-content\/uploads\/2019\/10\/Bartim\u00e9-et-J\u00e9sus.jpg\"><img loading=\"lazy\" decoding=\"async\" class=\"alignleft size-thumbnail wp-image-13063\" src=\"https:\/\/mj-lagrange.org\/wp-content\/uploads\/2019\/10\/Bartim\u00e9-et-J\u00e9sus-150x150.jpg\" alt=\"\" width=\"150\" height=\"150\" \/><\/a>[\u2026] Touch\u00e9 de son malheur, et aussi de tant de confiance, il [J\u00e9sus] s\u2019arr\u00eate\u00a0: \u00ab\u00a0Appelez-le\u00a0!\u00a0\u00bb La foule, mobile comme toujours, s\u2019int\u00e9resse maintenant \u00e0 l\u2019aveugle. \u00ab\u00a0Courage\u00a0! l\u00e8ve-toi\u00a0; il t\u2019appelle.\u00a0\u00bb Alors l\u2019homme au lieu de s\u2019avancer en t\u00e2tonnant pour bien faire constater qu\u2019il \u00e9tait aveugle et inspirer la piti\u00e9, jette son manteau pour \u00eatre plus libre, bondit, et d\u2019un instinct tr\u00e8s s\u00fbr se trouve en face de J\u00e9sus. Afin de lui permettre d\u2019exprimer publiquement sa foi, le Sauveur demande \u00e0 l\u2019aveugle\u00a0: \u00ab\u00a0Que veux-tu que je fasse pour toi\u00a0?\u00a0\u00bb Mais que peut d\u00e9sirer un aveugle\u00a0? \u00ab\u00a0Ma\u00eetre, que je voie\u00a0!\u00a0\u00bb Et J\u00e9sus lui dit\u00a0: \u00ab\u00a0Va\u00a0; ta foi t\u2019a sauv\u00e9.\u00a0\u00bb Aussit\u00f4t il fut gu\u00e9ri et il le suivit, et sa reconnaissance \u00e9clatant en louanges envers Dieu, la curiosit\u00e9 de la foule se transforma en une pieuse admiration. (Marie-Joseph Lagrange, o. p., <i>L\u2019\u00c9vangile de J\u00e9sus Christ avec la synopse \u00e9vang\u00e9lique<\/i>, Art\u00e8ge-Lethielleux, 2017, p. 456-457.)<\/p>\n<p><span style=\"color: #993300;\"><strong>15 novembre 2019<\/strong><\/span><br \/>\n<span style=\"color: #993300;\"><strong><a href=\"https:\/\/mj-lagrange.org\/wp-content\/uploads\/2019\/10\/Saint-Albert-le-Grand.jpg\"><img loading=\"lazy\" decoding=\"async\" class=\"alignleft size-medium wp-image-13059\" src=\"https:\/\/mj-lagrange.org\/wp-content\/uploads\/2019\/10\/Saint-Albert-le-Grand-300x150.jpg\" alt=\"\" width=\"300\" height=\"150\" srcset=\"https:\/\/mj-lagrange.org\/wp-content\/uploads\/2019\/10\/Saint-Albert-le-Grand-300x150.jpg 300w, https:\/\/mj-lagrange.org\/wp-content\/uploads\/2019\/10\/Saint-Albert-le-Grand-768x384.jpg 768w, https:\/\/mj-lagrange.org\/wp-content\/uploads\/2019\/10\/Saint-Albert-le-Grand.jpg 1024w, https:\/\/mj-lagrange.org\/wp-content\/uploads\/2019\/10\/Saint-Albert-le-Grand-730x365.jpg 730w\" sizes=\"auto, (max-width: 300px) 100vw, 300px\" \/><\/a>Saint Albert le Grand, op, \u2020 1280, \u00e9v\u00eaque, Docteur de l\u2019\u00c9glise, saint patron des savants chr\u00e9tiens.<\/strong><\/span><br \/>\n<span style=\"color: #993300;\"><strong>Saint patron de bapt\u00eame du p\u00e8re Lagrange, n\u00e9 Albert Lagrange.<\/strong><\/span><\/p>\n<p>Le 15 novembre 1880, le p\u00e8re Lagrange \u00e9crit dans son Journal spirituel : <span class=\"text_exposed_show\"><br \/>\n\u00ab L\u2019intelligence a pour objet l\u2019universel et s\u2019agrandit avec son objet : cependant li\u00e9e aux puissances sensibles, elle peut, en abaissant ses regards sur elles, conna\u00eetre les objets particuliers. Mais cette nourriture lui enl\u00e8ve sa force et sa vigueur. Il en est de m\u00eame de la volont\u00e9 : si elle s\u2019attache \u00e0 un objet particulier, cette attache cesse d\u2019\u00eatre purement spirituelle et devient sensible. La volont\u00e9 n\u2019est vraiment mue par son objet que lorsqu\u2019elle aime toutes les cr\u00e9atures en Dieu et pour Dieu. \u00bb (Cerf, 2014, p. 103)<\/span><\/p>\n<div class=\"text_exposed_show\">\n<p>Il y a une grande ressemblance entre ces deux hommes formateurs exceptionnels d\u00e9termin\u00e9s, dou\u00e9s d\u2019un grand esprit scientifique et d\u2019une grande foi :<br \/>\n&#8211; Saint Albert le Grand, op, fonde \u00e0 Cologne un centre de formation th\u00e9ologique et philosophique,<br \/>\n&#8211; Le p\u00e8re Marie-Joseph Lagrange, o.p. fonde \u00e0 J\u00e9rusalem l\u2019\u00c9cole biblique et arch\u00e9ologique fran\u00e7aise.<br \/>\nTous les deux ont une \u00ab confiance absolue au Christ et \u00e0 sa Divine M\u00e8re \u00bb. (Voir le texte ci-dessous de fr. Albert-Henri K\u00fclhem, o.p.)<br \/>\nSource : <a href=\"https:\/\/www.notrehistoireavecmarie.com\/fr\/esc\/saint-albert-le-grand-entre-science-et-foi\/?fbclid=IwAR3awzG563Q9AmFdVci-9e4qkgouCvwXbanDG7u4MVMR9ACrWafnf-eIDGU\" target=\"_blank\" rel=\"noopener nofollow noreferrer\" data-ft=\"{&quot;tn&quot;:&quot;-U&quot;}\" data-lynx-mode=\"origin\" data-lynx-uri=\"https:\/\/l.facebook.com\/l.php?u=https%3A%2F%2Fwww.notrehistoireavecmarie.com%2Ffr%2Fesc%2Fsaint-albert-le-grand-entre-science-et-foi%2F%3Ffbclid%3DIwAR3awzG563Q9AmFdVci-9e4qkgouCvwXbanDG7u4MVMR9ACrWafnf-eIDGU&amp;h=AT0FnyA441tMEE5aym2sEVCrYjbussJpX1a63ZXpCpEclnrFy8j3PC_zdCTRY8MihGZow7Vj4rAFHbCpbQK0qFWeMkhsr0nje3QYW1FtQiXt6kEXEOniDHbnIbjzVI5XTrAnJSZYq9T2hSs9hZkpHoFngDmkynpfs9VdhQLbTI75cKdD7EF2JSftWoSnscV9VrXWc-P5MpTrLRchHm18dyW20oA2UrnZzPIokU8x4hLhC8KKx5nMiFfDK5KNaulUVirvuDBAG5Ui-iiu7p85Utq0WloHpB5HHnr-UoKhnY2je9F8In99HcWCHLWDy8q31gFgjBBwNpO2N5KC0FImiJOdIpzk8ZUlH7UTRL8oZz-_-AZuai2y8ctda0z3sNvL9Ta4UretjB6JDkY41qZw2lK-KLpYi2gq64z-uxTS6t40G9Nxbq7EfKOV5solYADjQZndAwB8OlYnaVifZ6gAwmjY58HUT7p1gX_6mTesO8BR9clmSROd7JuyHs9cBQ9H5HeIruCxKbZqSPVHB70S8bqztqDnn65qdbD2l2uHZemjRA2slGKmZU4xdAlo4GqcApD981Oj74wktvZdGSMJ32UyhO_j86QrGJt1f2bqCvAgysh79XDwT9dOtYguPKoihg5i-sz-rT7GtRlUyEytKJ7ELt6vUGXsWUXxgw\">https:\/\/www.notrehistoireavecmarie.com\/\u2026\/saint-albert-le-g\u2026\/<\/a><\/p>\n<\/div>\n<p>&nbsp;<\/p>\n<p><span style=\"color: #993300;\"><strong>11 novembre 2019<\/strong><\/span><br \/>\n<span style=\"color: #993300;\"><strong>Saint Martin de Tours<\/strong><\/span><\/p>\n<p>\u00ab\u00a0L\u2019\u00c9glise nous dit que saint Martin \u00e9tait invincible dans la pri\u00e8re.\u00a0\u00bb<br \/>\n(Marie-Joseph Lagrange o.p., <em>Journal spirituel,<\/em> 11 novembre 1880.<\/p>\n<p>Photo\u00a0: S. Martin, d\u00e9tail du retable de la Piet\u00e0, Louis Brea, 1475. \u00c9glise des Franciscain de Cimiez, Nice. \u00a9 Germaine et Pierre Leclerc.<\/p>\n<p><strong><span style=\"color: #993300;\"><a href=\"https:\/\/mj-lagrange.org\/wp-content\/uploads\/2019\/10\/Saint-Martin-de-Tours-Louis-Brea-1475-Cimiez-Nice.jpg\"><img loading=\"lazy\" decoding=\"async\" class=\"alignleft size-thumbnail wp-image-13061\" src=\"https:\/\/mj-lagrange.org\/wp-content\/uploads\/2019\/10\/Saint-Martin-de-Tours-Louis-Brea-1475-Cimiez-Nice-150x150.jpg\" alt=\"\" width=\"150\" height=\"150\" \/><\/a>La charit\u00e9 de saint Martin<\/span><\/strong><br \/>\n\u00ab\u00a0J\u2019\u00e9tais nu et vous m\u2019avez v\u00eatu\u00a0\u00bb, geste qui va trouver sa cons\u00e9cration mystique dans la vision qui illuminera la vie du jeune homme, le conduira au bapt\u00eame.<\/p>\n<p><em>\u00ab\u00a0La nuit suivante, il vit J\u00e9sus-Christ, rev\u00eatu de la moiti\u00e9 du manteau dont il avait couvert le pauvre, et l\u2019entendit dire aux anges qui l\u2019entouraient\u00a0: \u00ab\u00a0Martin, qui n\u2019est encore que cat\u00e9chum\u00e8ne, m\u2019a couvert de ce v\u00eatement\u00a0\u00bb.\u00a0\u00bb<\/em><\/p>\n<p>Bien loin de s\u2019en tenir \u00e0 un \u00e9pisode qui pourrait \u00eatre simplement narratif, le peintre con\u00e7oit la repr\u00e9sentation de la sc\u00e8ne en fonction de sa dimension sacr\u00e9e, et comme au manteau essentiel, il donne toute son importance au visage du saint, dont le d\u00e9licat model\u00e9, conforme \u00e0 l\u2019id\u00e9al du \u00ab\u00a0sfumato\u00a0\u00bb, r\u00e9v\u00e8le l\u2019\u00e9l\u00e9vation spirituelle. Les yeux baiss\u00e9s, attentif \u00e0 son partage<a href=\"applewebdata:\/\/F1A6CF88-B435-406D-A689-E0B786E2454A#_ftn1\" name=\"_ftnref1\">[1]<\/a>, il est comme habit\u00e9 par cette pr\u00e9monition que sugg\u00e8re la <em>L\u00e9gende dor\u00e9e<\/em>. Bien au-del\u00e0 de l\u2019instant, n\u2019entrevoit-il pas que ce geste engage sa vie, va le conduire sur un tout autre chemin\u00a0? (Extrait de <em>La charit\u00e9 de saint Martin,<\/em> texte de Germaine et Pierre Leclerc, La <em>Revue du Rosaire<\/em>, mars 2007.)<\/p>\n<p><a href=\"applewebdata:\/\/F1A6CF88-B435-406D-A689-E0B786E2454A#_ftnref1\" name=\"_ftn1\">[1]<\/a> Martin ne pouvait donner, dit-on, que cette moiti\u00e9 du manteau qui lui appartenait, l\u2019autre moiti\u00e9 \u00e9tant propri\u00e9t\u00e9 de l\u2019arm\u00e9e.<\/p>\n<p>&nbsp;<\/p>\n<p><span style=\"color: #993300;\"><strong>10 novembre 2019 \u2013 Jour-anniversaire de la mort du p\u00e8re Lagrange. La messe est c\u00e9l\u00e9br\u00e9e par fr. Manuel Rivero aux intentions des amis de l\u2019association et pour la b\u00e9atification du P. Lagrange.<\/strong><\/span><\/p>\n<p><a href=\"https:\/\/mj-lagrange.org\/wp-content\/uploads\/2019\/10\/angelico-tous-saints.jpg\"><img loading=\"lazy\" decoding=\"async\" class=\"alignleft size-medium wp-image-13057\" src=\"https:\/\/mj-lagrange.org\/wp-content\/uploads\/2019\/10\/angelico-tous-saints-300x150.jpg\" alt=\"\" width=\"300\" height=\"150\" srcset=\"https:\/\/mj-lagrange.org\/wp-content\/uploads\/2019\/10\/angelico-tous-saints-300x150.jpg 300w, https:\/\/mj-lagrange.org\/wp-content\/uploads\/2019\/10\/angelico-tous-saints-768x384.jpg 768w, https:\/\/mj-lagrange.org\/wp-content\/uploads\/2019\/10\/angelico-tous-saints-1024x513.jpg 1024w, https:\/\/mj-lagrange.org\/wp-content\/uploads\/2019\/10\/angelico-tous-saints-730x365.jpg 730w, https:\/\/mj-lagrange.org\/wp-content\/uploads\/2019\/10\/angelico-tous-saints.jpg 1600w\" sizes=\"auto, (max-width: 300px) 100vw, 300px\" \/><\/a>\u00ab\u00a0Or, il n\u2019est pas le Dieu des morts, mais des vivants\u00a0\u00bb (Lc 20, 38)<br \/>\n\u00ab\u00a0Car ils ne peuvent plus mourir d\u00e9sormais, car ils sont \u00e9gaux aux anges, et ils sont fils de Dieu, \u00e9tant fils de la r\u00e9surrection.\u00a0\u00bb (Lc 20, 36)<\/p>\n<p>Commentaire du p\u00e8re Lagrange\u00a0: Dieu n\u2019aurait pas dit qu\u2019il \u00e9tait le Dieu des patriarches, s\u2019ils n\u2019\u00e9taient plus vivants. La raison c\u2019est qu\u2019il est le Dieu des vivants, non de ce qui serait hors d\u2019\u00e9tat d\u2019avoir une relation avec lui. Les patriarches ne sont plus sur la terre parmi les vivants\u00a0; cependant Dieu ne dit pas\u00a0: J\u2019ai \u00e9t\u00e9 leur Dieu, mais il dit \u00eatre (encore) leur Dieu. C\u2019est donc qu\u2019ils existent. Pour cette raison \u2026 tous ceux qui sont dans la m\u00eame situation que les patriarches. \u2026 Il n\u2019est point question directement ici de la r\u00e9surrection ni des justes, ni des m\u00e9chants, mais des hommes qui vivent en attendant le moment fix\u00e9 pour la r\u00e9surrection. (Marie-Joseph Lagrange o.p., <em>\u00c9vangile selon saint Luc,<\/em> Lecoffre, 1941, p. 516-517).<\/p>\n<p><strong>Pri\u00e8re\u00a0:<\/strong> <strong>P\u00e8re saint, tu as mis en ton serviteur le fr\u00e8re Marie-Joseph Lagrange, le d\u00e9sir de la v\u00e9rit\u00e9 et un go\u00fbt passionn\u00e9 pour la Parole de Dieu. \u00c0 la lumi\u00e8re de la Loi de Mo\u00efse, des Proph\u00e8tes et des Psaumes, il a scrut\u00e9 le myst\u00e8re de J\u00e9sus-Christ et son c\u0153ur est devenu br\u00fblant. Avec la Vierge Marie, il a m\u00e9dit\u00e9 l\u2019\u00c9vangile dans la pri\u00e8re du rosaire. Il a vou\u00e9 son existence \u00e0 l\u2019\u00e9tude scientifique de la Bible dans l\u2019harmonie \u00e9vang\u00e9lique de la foi et de la raison afin de sauver les \u00e2mes perturb\u00e9es par la critique scientifique. Ceux qui l\u2019ont connu ont t\u00e9moign\u00e9 de sa foi rayonnante et de son exemplaire ob\u00e9issance dans les \u00e9preuves.<\/strong><\/p>\n<p><strong>Nous te prions, P\u00e8re, de h\u00e2ter le jour o\u00f9 l\u2019\u00c9glise reconna\u00eetra publiquement la saintet\u00e9 de sa vie, afin que son exemple bienfaisant entra\u00eene nos fr\u00e8res \u00e0 croire en la Parole de Dieu.<\/strong><\/p>\n<p><strong>Que l\u2019intercession du fr\u00e8re Marie-Joseph Lagrange nous obtienne les gr\u00e2ces dont nous avons besoin, et en particulier\u00a0: <\/strong><strong><em>(pr\u00e9ciser laquelle)<\/em><\/strong><\/p>\n<p><strong>Nous te le demandons, P\u00e8re au nom de ton Fils J\u00e9sus-Christ, dans la communion du Saint-Esprit, un seul Dieu vivant pour les si\u00e8cles des si\u00e8cles. <em>Amen.<\/em><\/strong><\/p>\n<p><strong>Fr. Manuel Rivero, o.p.<\/strong><br \/>\n<strong>Pr\u00e9sident de l\u2019Association des amis du P\u00e8re Lagrange<\/strong><\/p>\n<p><strong>Vous pouvez envoyer vos intentions de pri\u00e8re \u00e0 Fr. Manuel Rivero : <\/strong><a href=\"mailto:manuel.rivero@free.fr\"><strong>manuel.rivero@free.fr<\/strong><\/a><br \/>\n<strong>Pour adh\u00e9rer\u00a0: <\/strong><a href=\"https:\/\/www.mj-lagrange.org\/?p=13049\"><strong>Bulletin d&rsquo;adh\u00e9sion<\/strong><\/a><\/p>\n<p>&nbsp;<\/p>\n<p><strong><span style=\"color: #993300;\">7 novembre 2019<\/span><\/strong><\/p>\n<p><span style=\"color: #993300;\"><strong><a href=\"https:\/\/mj-lagrange.org\/wp-content\/uploads\/2019\/10\/Saints-OP.jpg\"><img loading=\"lazy\" decoding=\"async\" class=\"alignleft size-medium wp-image-13045\" src=\"https:\/\/mj-lagrange.org\/wp-content\/uploads\/2019\/10\/Saints-OP-218x300.jpg\" alt=\"\" width=\"218\" height=\"300\" srcset=\"https:\/\/mj-lagrange.org\/wp-content\/uploads\/2019\/10\/Saints-OP-218x300.jpg 218w, https:\/\/mj-lagrange.org\/wp-content\/uploads\/2019\/10\/Saints-OP.jpg 557w\" sizes=\"auto, (max-width: 218px) 100vw, 218px\" \/><\/a><\/strong><\/span><br \/>\n<span style=\"color: #993300;\"><strong>Nous f\u00eatons aujourd\u2019hui tous les saints de l\u2019ordre des Pr\u00eacheurs.<\/strong><\/span><\/p>\n<p>&nbsp;<\/p>\n<p>\u00ab\u00a0Il est tout dans tout : \u2026 les martyrs sont ses t\u00e9moins, les saints ses serviteurs&#8230;<br \/>\nDu courage et de l\u2019humilit\u00e9, \u00e0 l\u2019\u0153uvre pour J\u00e9sus. D\u00e9votion plus grande aux saints de notre Ordre.\u00a0\u00bb<\/p>\n<p>(Marie-Joseph Lagrange, o.p., <em>Journal spirituel<\/em>.)<\/p>\n<p>&nbsp;<\/p>\n<p>Photo\u00a0: Image ancienne des saints dominicains c\u00e9l\u00e9br\u00e9s au Moyen \u00c2ge au couvent de la Ste-Trinit\u00e9 \u00e0 Cracovie. Au pied de l\u2019arbre\u00a0: Saint Dominique et sainte Catherine de Sienne.\u00a0D\u2019apr\u00e8s les inscriptions sur les aur\u00e9oles, on peut identifier\u00a0: De bas en haut et de droite \u00e0 gauche\u00a0:\u00a0 SS. Petrus (de Dacia, Su\u00e8de), Thomas d\u2019Aquin, Raimundus (Raymond de Pe\u00f1afort), Ludovicus (Louis Bertrand), Johannes (Placentius), Vincentius (Vincent Ferrier), Pius (Pius V\u00a0?), Hiacintus (Hyacinthe de Cracovie), Ste Agnes (de Montepulciano) , Ste Rose de Lima,\u00a0 S. Antoninus (Antonin de Florence), Ste Catherine de Racconigi.<\/p>\n<p>&nbsp;<\/p>\n<p><span style=\"color: #993300;\"><strong>6 novembre 2019<\/strong><\/span><br \/>\n<span style=\"color: #993300;\"><strong>Bienheureux Alphonse Navarrete, pr\u00eatre, o.p. \u2020 1617, et ses compagnons, martyrs au Japon.<\/strong><\/span><\/p>\n<p><a href=\"https:\/\/mj-lagrange.org\/wp-content\/uploads\/2019\/10\/Alfonso-Navarrete-bienheureux.jpg\"><img loading=\"lazy\" decoding=\"async\" class=\"alignleft size-medium wp-image-13044\" src=\"https:\/\/mj-lagrange.org\/wp-content\/uploads\/2019\/10\/Alfonso-Navarrete-bienheureux-211x300.jpg\" alt=\"\" width=\"211\" height=\"300\" srcset=\"https:\/\/mj-lagrange.org\/wp-content\/uploads\/2019\/10\/Alfonso-Navarrete-bienheureux-211x300.jpg 211w, https:\/\/mj-lagrange.org\/wp-content\/uploads\/2019\/10\/Alfonso-Navarrete-bienheureux.jpg 541w\" sizes=\"auto, (max-width: 211px) 100vw, 211px\" \/><\/a>\u00ab\u00a0Mais quand nous lisons la vie des saints \u2026 sans parler de ceux qui sont plus hauts encore, dont les perfections nous \u00e9blouissent dans la splendeur de Dieu, nous comprenons le charme souverain qui a attir\u00e9 tant d\u2019\u00e2mes apr\u00e8s ces \u00e2mes\u2026 Qui se donne volontiers \u00e0 un autre homme\u00a0? Et pourtant on se donne aux saints, parce que la beaut\u00e9 de leur \u00e2me est vraiment un rayon de la beaut\u00e9 de Dieu, parce qu\u2019ils avaient Dieu, ils ont atteint la plus haute perfection de l\u2019homme, que leur intercession vienne en aide \u00e0 notre faiblesse.\u00a0\u00bb (Marie-Joseph Lagrange, <em>Journal spirituel<\/em>, Cerf, 2014.)<\/p>\n<p>Au Japon, \u00e0 partir de 1614, 205 martyrs subirent la terrible pers\u00e9cution que connut ce pays. Parmi eux saint Alphonse Navarrete avec d\u2019autres dominicains espagnols, une centaine de japonais, novices, convers, tertiaires, membre de la confr\u00e9rie du Rosaire. Lorsqu\u2019au XIXe si\u00e8cle des missionnaires reprirent l\u2019\u00e9vang\u00e9lisation, ils d\u00e9couvrirent des communaut\u00e9s qui avaient gard\u00e9 intacte leur foi pendant deux si\u00e8cles gr\u00e2ce \u00e0 la pri\u00e8re du Rosaire. (Source\u00a0: moniales dominicaines Ste-Baume)<\/p>\n<p>&nbsp;<\/p>\n<p>&nbsp;<\/p>\n<p><span style=\"color: #993300;\"><strong>3 novembre 2019<\/strong><\/span><br \/>\n<span style=\"color: #993300;\"><strong>Aujourd\u2019hui, nous souhaitons une BONNE ET SAINTE F\u00caTE \u00e0 fr\u00e8re MARTIN DZURILLA du couvent des dominicains de NICE. Que Dieu vous b\u00e9nisse et vous garde, fr\u00e8re Martin\u00a0!\u00a0<\/strong><\/span><\/p>\n<p><strong><span style=\"color: #993300;\"><em>Saint Martin de Porr\u00e8s<\/em><\/span><\/strong><br \/>\nN\u00e9 hors mariage \u00e0 Lima (P\u00e9rou) d\u2019un chevalier espagnol et d\u2019une indig\u00e8ne en 1579, Martin repr\u00e9sente parmi les saints le \u2018coloured people\u2019 du Nouveau <a href=\"https:\/\/mj-lagrange.org\/wp-content\/uploads\/2019\/10\/Saint-Martin-de-Porr\u00e8s.jpg\"><img loading=\"lazy\" decoding=\"async\" class=\"alignleft size-medium wp-image-13041\" src=\"https:\/\/mj-lagrange.org\/wp-content\/uploads\/2019\/10\/Saint-Martin-de-Porr\u00e8s-201x300.jpg\" alt=\"\" width=\"201\" height=\"300\" srcset=\"https:\/\/mj-lagrange.org\/wp-content\/uploads\/2019\/10\/Saint-Martin-de-Porr\u00e8s-201x300.jpg 201w, https:\/\/mj-lagrange.org\/wp-content\/uploads\/2019\/10\/Saint-Martin-de-Porr\u00e8s.jpg 515w\" sizes=\"auto, (max-width: 201px) 100vw, 201px\" \/><\/a>monde, le peuple des gens de couleur qui ressent douloureusement sa condition humili\u00e9e. Martin \u00e9tait infirmier quand il entra comme tertiaire la\u00efc au couvent dominicain de Notre Dame de Lima, o\u00f9 il fut admis \u00e0 faire profession en 1603. Dans son couvent il continua \u00e0 exercer son m\u00e9tier d\u2019infirmier parmi ses fr\u00e8res. Le soin qu\u2019il prenait de ses malades s\u2019\u00e9tendait jusqu\u2019aux animaux. Il aimait surtout prier la nuit \u00e0 l\u2019exemple de J\u00e9sus et puisait dans la pri\u00e8re de grandes lumi\u00e8res, qui rendaient merveilleuses ses le\u00e7ons de cat\u00e9chisme. Il mourut le 3 novembre 1639, et fut canonis\u00e9 le 6 mai 1962 par Jean XXIII. (Calendrier des dominicaines de la Sainte-Baume.)<\/p>\n<p>Dieu est tout \u00e0 la fois l\u2019objet premier de la charit\u00e9, et le motif. C\u2019est en passant par l\u2019amour de Dieu que nous aimons le prochain pour chercher sa conformit\u00e9 avec la volont\u00e9 de Dieu comme la n\u00f4tre propre. (P\u00e8re Lagrange, <em>Journal spirituel.<\/em>)<\/p>\n<p>&nbsp;<\/p>\n<p>&nbsp;<\/p>\n<p><span style=\"color: #993300;\"><strong>2 novembre 2019<\/strong><\/span><br \/>\n<span style=\"color: #993300;\"><strong><em>Comm\u00e9moraison de tous les fid\u00e8les d\u00e9funts<\/em><\/strong><\/span><\/p>\n<p>Mon Dieu ! Soyez b\u00e9ni. Vous m\u2019avez fait pressentir par un sentiment tr\u00e8s vif de soumission \u00e0 votre volont\u00e9 que j\u2019avais perdu quelqu\u2019un qui m\u2019\u00e9tait cher. Je l\u2019aimais ce fr\u00e8re, toujours dou\u00e9 et modeste, qui n\u2019avait rien de vulgaire dans l\u2019esprit\u2026 Il me semblait voir, \u00e0 quelques regards, qu\u2019il \u00e9tait reconnaissant du soin que je me donnais de l\u2019instruire : je m\u2019\u00e9tais trop complu en voyant dans son esprit ce que je t\u00e2chais d\u2019y mettre. Esp\u00e9rance bris\u00e9e ! Pour lui, il est heureux, en pri\u00e8re pour nous. Peu \u00e0 peu le ciel se peuple des \u00e2mes que j\u2019ai connues et aim\u00e9es : le moment viendra de les rejoindre.<br \/>\n(Marie-Joseph Lagrange, <em>Journal spirituel<\/em>, Cerf, 2014.)<\/p>\n<p><a href=\"https:\/\/mj-lagrange.org\/wp-content\/uploads\/2019\/10\/Prier-pour-nos-d\u00e9funts.jpg\"><img loading=\"lazy\" decoding=\"async\" class=\"alignleft size-medium wp-image-13034\" src=\"https:\/\/mj-lagrange.org\/wp-content\/uploads\/2019\/10\/Prier-pour-nos-d\u00e9funts-300x279.jpg\" alt=\"\" width=\"300\" height=\"279\" srcset=\"https:\/\/mj-lagrange.org\/wp-content\/uploads\/2019\/10\/Prier-pour-nos-d\u00e9funts-300x279.jpg 300w, https:\/\/mj-lagrange.org\/wp-content\/uploads\/2019\/10\/Prier-pour-nos-d\u00e9funts-768x713.jpg 768w, https:\/\/mj-lagrange.org\/wp-content\/uploads\/2019\/10\/Prier-pour-nos-d\u00e9funts-730x678.jpg 730w, https:\/\/mj-lagrange.org\/wp-content\/uploads\/2019\/10\/Prier-pour-nos-d\u00e9funts.jpg 827w\" sizes=\"auto, (max-width: 300px) 100vw, 300px\" \/><\/a>Souvenons-nous de tous nos chers d\u00e9funts, particuli\u00e8rement ceux qui nous ont quitt\u00e9s cette ann\u00e9e, et sans oublier les \u00e2mes du Purgatoire.<\/p>\n<p><strong>Psaume 129<\/strong>\u00a0: Du fond de l\u2019ab\u00eeme je crie vers toi, Seigneur, \u00e9coute ma voix. Que tes oreilles soient attentives aux accents de ma pri\u00e8re. Seigneur, si tu tiens un compte rigoureux de nos iniquit\u00e9s, qui pourra subsister devant toi\u00a0? Mais tu es plein de mis\u00e9ricorde, aussi j\u2019esp\u00e8re en toi, Seigneur, \u00e0 cause de ta loi. Mon \u00e2me attend, confiante en ta parole\u00a0: mon \u00e2me a mis son espoir dans le Seigneur. Que depuis le point du jour jusqu\u2019\u00e0 la nuit Isra\u00ebl esp\u00e8re dans le Seigneur. Car le Seigneur est mis\u00e9ricordieux, et nous trouvons en lui une r\u00e9demption abondante. C\u2019est lui qui rach\u00e8tera Isra\u00ebl de toutes ses iniquit\u00e9s. Donne-leur, Seigneur, le repos \u00e9ternel, et fait briller sur eux la lumi\u00e8re sans d\u00e9clin. Qu\u2019ils reposent en paix. Amen.<\/p>\n<p>Seigneur, exauce ma pri\u00e8re. Que mon cri monte jusqu\u2019\u00e0 toi.<\/p>\n<p><strong>Oraison<\/strong>\u00a0: \u00d4 Dieu, Cr\u00e9ateur et R\u00e9dempteur de tous les fid\u00e8les, accordez aux \u00e2mes de vos serviteurs et de vos servantes la r\u00e9mission de tous leurs p\u00e9ch\u00e9s, afin qu\u2019elles obtiennent par nos pieuses supplications le pardon qu\u2019elles ont toujours esp\u00e9r\u00e9\u00a0; Vous qui vivez et r\u00e9gnez.<\/p>\n<p>&nbsp;<\/p>\n<p><span style=\"color: #993300;\"><strong>1<sup>er<\/sup> novembre 2019<\/strong><\/span><br \/>\n<span style=\"color: #993300;\"><strong><em>Tous les Saints<\/em><\/strong><\/span><\/p>\n<p>Dans l\u2019\u00e9vangile de ce dimanche Mt 5, 1-12a, le P. Lagrange pr\u00e9cise que l\u2019introduction renferme en elle seule toute une doctrine, ch\u00e8re aux mystiques de tous les temps, d\u00e9j\u00e0 largement esquiss\u00e9e par saint Augustin et saint Thomas d\u2019Aquin et que Pascal a fait go\u00fbter aux modernes\u00a0: la v\u00e9rit\u00e9 n\u2019est f\u00e9conde dans les \u00e2mes, bien plus, elle ne peut \u00eatre comprise, que si la volont\u00e9, ou comme on dit le c\u0153ur\u00a0 est d\u00e9j\u00e0 bien dispos\u00e9 \u00e0 l\u2019\u00e9gard de Dieu. S\u2019il n\u2019\u00e9prouve aucun sentiment pour Dieu, l\u2019intelligence est aveugle. Il faut donc tout d\u2019abord que les penchants les plus ordinaires \u00e0 l\u2019homme, qui sont pour les biens temporels, soient remplac\u00e9s par des appr\u00e9ciations toutes contraires sur la valeur des biens, les apparents qui plaisent aux sens, et ceux qui sont v\u00e9ritables. Il faut op\u00e9rer ainsi une sorte de renversement des valeurs, se convaincre que le bonheur se trouvera, \u00e0 la fin, r\u00e9alis\u00e9 en faveur de ceux qui paraissent d\u00e9pourvus de ces avantages fallacieux que l\u2019on recherche si fort\u2026<\/p>\n<p>(Dans les formules), une clef musicale est r\u00e9p\u00e9t\u00e9e \u00e0 chaque ligne de peur qu\u2019on n\u2019oublie qu\u2019elle r\u00e9git tout le morceau. Matthieu ne dit pas seulement \u00ab\u00a0les pauvres\u00a0\u00bb, il ajoute\u00a0: \u00ab\u00a0en esprit\u00a0\u00bb, c\u2019est-\u00e0-dire ceux qui ont conscience de leur impuissance \u00e0 satisfaire leurs aspirations vers le r\u00e8gne de Cieux. <a href=\"https:\/\/mj-lagrange.org\/wp-content\/uploads\/2019\/10\/Toussaint-ronde-des-elus.jpg\"><img loading=\"lazy\" decoding=\"async\" class=\"alignleft size-medium wp-image-13028\" src=\"https:\/\/mj-lagrange.org\/wp-content\/uploads\/2019\/10\/Toussaint-ronde-des-elus-300x300.jpg\" alt=\"\" width=\"300\" height=\"300\" srcset=\"https:\/\/mj-lagrange.org\/wp-content\/uploads\/2019\/10\/Toussaint-ronde-des-elus-300x300.jpg 300w, https:\/\/mj-lagrange.org\/wp-content\/uploads\/2019\/10\/Toussaint-ronde-des-elus-150x150.jpg 150w, https:\/\/mj-lagrange.org\/wp-content\/uploads\/2019\/10\/Toussaint-ronde-des-elus.jpg 600w\" sizes=\"auto, (max-width: 300px) 100vw, 300px\" \/><\/a>Ceux qui ont soif sont alt\u00e9r\u00e9s \u00ab\u00a0de la justice\u00a0\u00bb. Les mis\u00e9ricordieux, ceux qui ont le c\u0153ur pur, ceux qui s\u2019efforcent \u00e0 faire r\u00e9gner la paix, sont d\u00e9j\u00e0 sur la route du royaume de Dieu\u00a0: il faudra donc entendre dans le m\u00eame domaine de la vie religieuse et morale ceux qui sont doux, et ceux qui pleurent. De la m\u00eame mani\u00e8re, poss\u00e9der la terre en h\u00e9ritage ne sera pas agrandir ses domaines, mais entrer dans le ciel comme fils de Dieu. La seule r\u00e9mun\u00e9ration de la terre pour les disciples sera d\u2019\u00eatre pers\u00e9cut\u00e9s, comme l\u2019ont \u00e9t\u00e9 les proph\u00e8tes de l\u2019ancienne histoire d\u2019Isra\u00ebl. \u00a0(<em>L\u2019\u00c9vangile de J\u00e9sus Christ avec la synopse \u00e9vang\u00e9lique,<\/em> Art\u00e8ge-Lethielleux, 2017, p. 167.)<\/p>\n<p>&nbsp;<\/p>\n<p>\u00ab\u00a0<em>\u00d4 saints martyrs, colonnes in\u00e9branlables de notre foi, donnez-nous votre courage g\u00e9n\u00e9reux\u00a0: vous avez aim\u00e9 J\u00e9sus-Christ et vous \u00eates morts pour lui ; votre amour l\u2019a veng\u00e9 des calomnies absurdes des pa\u00efens, de la l\u00e2chet\u00e9 des ti\u00e8des ; vous \u00eates jusqu\u2019\u00e0 la fin des temps notre mod\u00e8le et notre soutien<\/em>.\u00a0\u00bb (<em>Journal spirituel<\/em>, Cerf, 2014, p. 106.)<\/p>\n","protected":false},"excerpt":{"rendered":"<p>&nbsp; 30 novembre 2019 F\u00eate de Saint Andr\u00e9, ap\u00f4tre, patron des marins p\u00eacheurs. \u00a0\u00ab\u00a0Venez \u00e0 ma suite, et je vous ferai p\u00eacheurs d\u2019hommes.\u00a0\u00bb (Mt 4, 19) Vocation de Simon, d&rsquo;Andr\u00e9 et de ses deux fr\u00e8res Jacques et Jean\u00a0: Tous les quatre \u00e9taient en train de nettoyer leurs filets pendant que J\u00e9sus pr\u00eachait sur le rivage &#8230;<\/p>\n<p><a href=\"https:\/\/www.mj-lagrange.org\/?p=13027\" class=\"more-link\">Continue reading &lsquo;\u00c9cho de notre page Facebook : novembre 2019&rsquo; &raquo;<\/a><\/p>\n","protected":false},"author":2,"featured_media":0,"comment_status":"closed","ping_status":"closed","sticky":false,"template":"","format":"standard","meta":{"footnotes":""},"categories":[147],"tags":[],"class_list":["post-13027","post","type-post","status-publish","format-standard","hentry","category-echo_de_notre_page_facebook"],"_links":{"self":[{"href":"https:\/\/www.mj-lagrange.org\/index.php?rest_route=\/wp\/v2\/posts\/13027","targetHints":{"allow":["GET"]}}],"collection":[{"href":"https:\/\/www.mj-lagrange.org\/index.php?rest_route=\/wp\/v2\/posts"}],"about":[{"href":"https:\/\/www.mj-lagrange.org\/index.php?rest_route=\/wp\/v2\/types\/post"}],"author":[{"embeddable":true,"href":"https:\/\/www.mj-lagrange.org\/index.php?rest_route=\/wp\/v2\/users\/2"}],"replies":[{"embeddable":true,"href":"https:\/\/www.mj-lagrange.org\/index.php?rest_route=%2Fwp%2Fv2%2Fcomments&post=13027"}],"version-history":[{"count":19,"href":"https:\/\/www.mj-lagrange.org\/index.php?rest_route=\/wp\/v2\/posts\/13027\/revisions"}],"predecessor-version":[{"id":13099,"href":"https:\/\/www.mj-lagrange.org\/index.php?rest_route=\/wp\/v2\/posts\/13027\/revisions\/13099"}],"wp:attachment":[{"href":"https:\/\/www.mj-lagrange.org\/index.php?rest_route=%2Fwp%2Fv2%2Fmedia&parent=13027"}],"wp:term":[{"taxonomy":"category","embeddable":true,"href":"https:\/\/www.mj-lagrange.org\/index.php?rest_route=%2Fwp%2Fv2%2Fcategories&post=13027"},{"taxonomy":"post_tag","embeddable":true,"href":"https:\/\/www.mj-lagrange.org\/index.php?rest_route=%2Fwp%2Fv2%2Ftags&post=13027"}],"curies":[{"name":"wp","href":"https:\/\/api.w.org\/{rel}","templated":true}]}}