{"id":14225,"date":"2021-05-01T01:22:36","date_gmt":"2021-04-30T23:22:36","guid":{"rendered":"https:\/\/www.mj-lagrange.org\/?p=14225"},"modified":"2021-06-03T11:40:47","modified_gmt":"2021-06-03T09:40:47","slug":"actualites-echo-de-notre-page-facebook-mai-2021","status":"publish","type":"post","link":"https:\/\/www.mj-lagrange.org\/?p=14225","title":{"rendered":"Actualit\u00e9s &#8211; \u00c9cho de notre page Facebook : mai 2021"},"content":{"rendered":"<div class=\"fcbkbttn_buttons_block\" id=\"fcbkbttn_left\"><div class=\"fcbkbttn_button\">\n\t\t\t\t\t<a href=\"https:\/\/www.facebook.com\/\" target=\"_blank\">\n\t\t\t\t\t\t<img decoding=\"async\" src=\"https:\/\/mj-lagrange.org\/wp-content\/plugins\/facebook-button-plugin\/images\/standard-facebook-ico.png\" alt=\"Fb-Button\" \/>\n\t\t\t\t\t<\/a>\n\t\t\t\t<\/div><div class=\"fcbkbttn_like \"><fb:like href=\"https:\/\/www.mj-lagrange.org\/?p=14225\" action=\"like\" colorscheme=\"light\" layout=\"standard\"  width=\"225px\" size=\"small\"><\/fb:like><\/div><\/div><p><span style=\"color: #993300;\"><strong>30 mai 2021<\/strong><\/span><br \/>\n<span style=\"color: #993300;\"><strong><em>Bonne f\u00eate \u00e0 toutes nos mamans de la terre et du ciel\u00a0!<\/em><\/strong><\/span><\/p>\n<p><span style=\"color: #993300;\"><strong><em><a href=\"https:\/\/mj-lagrange.org\/wp-content\/uploads\/2021\/05\/Vierge-Marie-et-lenfant-Jesus-vatican.jpg\"><img loading=\"lazy\" decoding=\"async\" class=\"alignleft size-thumbnail wp-image-14344\" src=\"https:\/\/mj-lagrange.org\/wp-content\/uploads\/2021\/05\/Vierge-Marie-et-lenfant-Jesus-vatican-150x150.jpg\" alt=\"\" width=\"150\" height=\"150\" \/><\/a>L\u2019exemple d\u2019une maman chr\u00e9tienne<\/em><\/strong><\/span><\/p>\n<p>Ma m\u00e8re m\u2019avait inspir\u00e9e tant de sa flamme spirituelle.<br \/>\nC\u2019est \u00e0 son bureau, \u00e0 c\u00f4t\u00e9 de l\u2019\u00e9tag\u00e8re qui lui servait d\u2019oratoire, en lisant ses livres, que je suis revenu \u00e0 Dieu. (P. Lagrange. <em>Journal spirituel.<\/em>)<\/p>\n<p>Illustration Vierge Marie et l\u2019enfant J\u00e9sus Ic\u00f4ne Vatican<\/p>\n<p>&nbsp;<\/p>\n<p><strong><span style=\"color: #993300;\"><em>La Sainte Trinit\u00e9<\/em><\/span><\/strong><\/p>\n<p><a href=\"https:\/\/mj-lagrange.org\/wp-content\/uploads\/2021\/05\/La-Sainte-Trinite.jpg\"><img loading=\"lazy\" decoding=\"async\" class=\"alignleft size-thumbnail wp-image-14345\" src=\"https:\/\/mj-lagrange.org\/wp-content\/uploads\/2021\/05\/La-Sainte-Trinite-150x150.jpg\" alt=\"\" width=\"150\" height=\"150\" \/><\/a>P\u00e8re tr\u00e8s saint, Dieu \u00e9ternel et tout puissant, avec ton Fils unique et le Saint-Esprit, tu es un seul Dieu, tu es un seul Seigneur, dans la trinit\u00e9 des personnes et l\u2019unit\u00e9 de leur nature. Ce que nous croyons de ta gloire, parce que tu l\u2019as r\u00e9v\u00e9l\u00e9, nous le croyons pareillement et, de ton Fils et du Saint-Esprit\u00a0; et quand nous proclamons notre foi au Dieu \u00e9ternel et v\u00e9ritable, nous adorons en m\u00eame temps chacune des personnes, leur unique nature, leur \u00e9gale majest\u00e9.<\/p>\n<p>(Pr\u00e9face de la Trinit\u00e9)<\/p>\n<p>Illustration\u00a0: La Sainte Trinit\u00e9 Vatican<\/p>\n<p><strong><span style=\"color: #993300;\">26 mai 2021<\/span><\/strong><br \/>\n<strong><span style=\"color: #993300;\"><em><a href=\"https:\/\/mj-lagrange.org\/wp-content\/uploads\/2021\/05\/Pape-Francois-a-genoux-pour-la-paix-au-Sud-Soudan.jpg\"><img loading=\"lazy\" decoding=\"async\" class=\"alignleft size-medium wp-image-14340\" src=\"https:\/\/mj-lagrange.org\/wp-content\/uploads\/2021\/05\/Pape-Francois-a-genoux-pour-la-paix-au-Sud-Soudan-300x226.jpg\" alt=\"\" width=\"300\" height=\"226\" srcset=\"https:\/\/mj-lagrange.org\/wp-content\/uploads\/2021\/05\/Pape-Francois-a-genoux-pour-la-paix-au-Sud-Soudan-300x226.jpg 300w, https:\/\/mj-lagrange.org\/wp-content\/uploads\/2021\/05\/Pape-Francois-a-genoux-pour-la-paix-au-Sud-Soudan-768x578.jpg 768w, https:\/\/mj-lagrange.org\/wp-content\/uploads\/2021\/05\/Pape-Francois-a-genoux-pour-la-paix-au-Sud-Soudan-730x550.jpg 730w, https:\/\/mj-lagrange.org\/wp-content\/uploads\/2021\/05\/Pape-Francois-a-genoux-pour-la-paix-au-Sud-Soudan.jpg 1024w\" sizes=\"auto, (max-width: 300px) 100vw, 300px\" \/><\/a><\/em><\/span><\/strong><\/p>\n<p>&nbsp;<\/p>\n<p><strong><span style=\"color: #993300;\"><em>D\u2019apr\u00e8s l\u2019exemple de J\u00e9sus, l\u2019autorit\u00e9 doit \u00eatre un service (Marc 41-45)<\/em><\/span><\/strong><br \/>\nParmi les disciples du Christ, celui qui disposera de l\u2019autorit\u00e9 devra se faire le serviteur de tous. Admirable notion du pouvoir qui p\u00e9n\u00e8tre, quoique lentement, m\u00eame dans les soci\u00e9t\u00e9s humaines. (Marie-Joseph Lagrange o.p., <em>L\u2019\u00c9vangile selon saint Marc<\/em>, \u00e9d. Lecoffre-Gabalda, 1935, p. 108.)<\/p>\n<p>&nbsp;<\/p>\n<p>Illustration\u00a0: Pape Fran\u00e7ois \u00e0 genoux pour la paix au Sud Soudan\u00a0: bel exemple d\u2019humilit\u00e9.<\/p>\n<p>&nbsp;<\/p>\n<p><strong><span style=\"color: #993300;\">24 mai 2021<\/span><\/strong><br \/>\n<strong><span style=\"color: #993300;\">D\u00e9part pour le P\u00e8re de Madame Soucila ALIKARA, amie de la Famille dominicaine et de l&rsquo;association des amis du p\u00e8re <a href=\"https:\/\/mj-lagrange.org\/wp-content\/uploads\/2021\/05\/Soucila-Rome-Colloque-Angelicum-2015.jpg\"><img loading=\"lazy\" decoding=\"async\" class=\"alignleft size-medium wp-image-14339\" src=\"https:\/\/mj-lagrange.org\/wp-content\/uploads\/2021\/05\/Soucila-Rome-Colloque-Angelicum-2015-300x224.jpg\" alt=\"\" width=\"300\" height=\"224\" srcset=\"https:\/\/mj-lagrange.org\/wp-content\/uploads\/2021\/05\/Soucila-Rome-Colloque-Angelicum-2015-300x224.jpg 300w, https:\/\/mj-lagrange.org\/wp-content\/uploads\/2021\/05\/Soucila-Rome-Colloque-Angelicum-2015-768x574.jpg 768w, https:\/\/mj-lagrange.org\/wp-content\/uploads\/2021\/05\/Soucila-Rome-Colloque-Angelicum-2015-730x545.jpg 730w, https:\/\/mj-lagrange.org\/wp-content\/uploads\/2021\/05\/Soucila-Rome-Colloque-Angelicum-2015.jpg 1024w\" sizes=\"auto, (max-width: 300px) 100vw, 300px\" \/><\/a>Lagrange.<\/span><\/strong><\/p>\n<p>En ce 24 mai 2021, f\u00eate de la translation des reliques de saint Dominique et f\u00eate de la Vierge Marie, M\u00e8re de l&rsquo;Eglise, elle est partie vers son Seigneur.<\/p>\n<p>Musulmane, pratiquante catholique depuis son enfance chez les religieuses \u00e0 Majunga (Madagascar), elle n&rsquo;a jamais demand\u00e9 le bapt\u00eame.<\/p>\n<p>Samedi dernier, le 22 mai, je suis pass\u00e9 la voir, elle ne parlait plus mais au terme de la b\u00e9n\u00e9diction au nom du P\u00e8re, du Fils et de l&rsquo;Esprit Saint, elle a r\u00e9pondu \u00ab\u00a0Amen\u00a0\u00bb.<\/p>\n<p>Merci, Seigneur, pour tout ce qu&rsquo;elle a apport\u00e9 \u00e0 tant de personnes et aux enfants pauvres. Pardon pour ses p\u00e9ch\u00e9s. A-Dieu mis\u00e9ricordieux qui conna\u00eet les profondeurs du c\u0153ur.<\/p>\n<p>Fr. Manuel.<\/p>\n<p>Photos : Soucila \u00e0 Rome \u00e0 l&rsquo;occasion du colloque sur le p\u00e8re Lagrange en 2015<\/p>\n<p>&nbsp;<\/p>\n<p><strong><span style=\"color: #993300;\">23 mai 2021<\/span><\/strong><br \/>\n<strong><span style=\"color: #993300;\"><em>Le r\u00f4le du Saint-Esprit.<\/em><\/span><\/strong><br \/>\n<strong><span style=\"color: #993300;\"><em>\u00ab\u00a0J\u2019ai encore beaucoup de choses \u00e0 vous dire que vous n\u2019\u00eates pas en \u00e9tat maintenant de porter\u00a0; mais, quand il sera venu, lui, l\u2019Esprit de la v\u00e9rit\u00e9, il vous guidera vers la v\u00e9rit\u00e9 tout enti\u00e8re\u00a0\u00bb <\/em>(Jean 16, 12-13).<\/span><\/strong><\/p>\n<p><a href=\"https:\/\/mj-lagrange.org\/wp-content\/uploads\/2021\/05\/La-Pentecote-huile-sur-bois-peinture-realisee-par-la-Communaute-du-Cenacle-de-Laxou.jpg\"><img loading=\"lazy\" decoding=\"async\" class=\"alignleft size-medium wp-image-14330\" src=\"https:\/\/mj-lagrange.org\/wp-content\/uploads\/2021\/05\/La-Pentecote-huile-sur-bois-peinture-realisee-par-la-Communaute-du-Cenacle-de-Laxou-282x300.jpg\" alt=\"\" width=\"282\" height=\"300\" srcset=\"https:\/\/mj-lagrange.org\/wp-content\/uploads\/2021\/05\/La-Pentecote-huile-sur-bois-peinture-realisee-par-la-Communaute-du-Cenacle-de-Laxou-282x300.jpg 282w, https:\/\/mj-lagrange.org\/wp-content\/uploads\/2021\/05\/La-Pentecote-huile-sur-bois-peinture-realisee-par-la-Communaute-du-Cenacle-de-Laxou-768x816.jpg 768w, https:\/\/mj-lagrange.org\/wp-content\/uploads\/2021\/05\/La-Pentecote-huile-sur-bois-peinture-realisee-par-la-Communaute-du-Cenacle-de-Laxou-730x775.jpg 730w, https:\/\/mj-lagrange.org\/wp-content\/uploads\/2021\/05\/La-Pentecote-huile-sur-bois-peinture-realisee-par-la-Communaute-du-Cenacle-de-Laxou.jpg 964w\" sizes=\"auto, (max-width: 282px) 100vw, 282px\" \/><\/a>L\u2019Esprit ayant \u00e9t\u00e9 promis pour assister les Ap\u00f4tres, et aussi pour les consoler du d\u00e9part du Christ, l\u2019\u00c9glise a entendu son nom de Paraclet, litt\u00e9ralement Assistant ou D\u00e9fenseur, dans le sens voisin de Consolateur de tous comme l\u2019h\u00f4te tr\u00e8s suave de chaque \u00e2me\u00a0:<\/p>\n<p>\u00ab\u00a0<em>Viens, Esprit Saint, et envoie du haut du ciel un rayon de ta lumi\u00e8re.<\/em><br \/>\n<em>Viens en nous, p\u00e8re des pauvres, viens, dispensateur des dons, viens, lumi\u00e8re de nos c\u0153urs.<\/em><br \/>\n<em>Consolateur souverain, h\u00f4te tr\u00e8s doux de nos \u00e2mes, adoucissante fra\u00eecheur.<\/em><br \/>\n<em>Dans le labeur, le repos, dans la fi\u00e8vre, la fra\u00eecheur, dans les pleurs, le r\u00e9confort.<\/em><br \/>\n<em>O lumi\u00e8re bienheureuse, viens remplir jusqu&rsquo;\u00e0 l&rsquo;intime le c\u0153ur de tous tes fid\u00e8les.<\/em><br \/>\n<em>Sans ta puissance divine, il n&rsquo;est rien en aucun homme, rien qui ne soit perverti.<\/em><br \/>\n<em>Lave ce qui est souill\u00e9, baigne ce qui est aride, gu\u00e9ris ce qui est bless\u00e9.<\/em><br \/>\n<em>Assouplis ce qui est raide, r\u00e9chauffe ce qui est froid, rends droit ce qui est fauss\u00e9.<\/em><br \/>\n<em>A tous ceux qui ont la foi et qui en toi se confient, donne tes sept dons sacr\u00e9s.\u00a0<\/em><br \/>\n<em>Donne m\u00e9rite et vertu, donne le salut final donne la joie \u00e9ternelle. Amen\u00a0\u00bb <\/em>(Prose incomparable de la Pentec\u00f4te).<br \/>\nTout ce que J\u00e9sus venait de dire avait sa port\u00e9e dans la perspective ind\u00e9finie entre son d\u00e9part et le moment de la r\u00e9union dans l\u2019\u00e9ternit\u00e9.<\/p>\n<p>(Marie-Joseph Lagrange o.p. <em>L\u2019\u00c9vangile de J\u00e9sus Christ avec la synopse \u00e9vang\u00e9lique<\/em>,Art\u00e8ge-Lethielleux, 2017, p. 564).<\/p>\n<p>Illustration\u00a0: La Pentec\u00f4te, huile sur bois, peinture r\u00e9alis\u00e9e par la Communaut\u00e9 du C\u00e9nacle de Laxou.<\/p>\n<p>&nbsp;<\/p>\n<p><strong><span style=\"color: #993300;\">19 mai 2021<\/span><\/strong><br \/>\n<strong><span style=\"color: #993300;\">\u00ab\u00a0P\u00e8re saint, garde mes disciples unis dans ton nom, le nom que tu m\u2019as donn\u00e9, pour qu\u2019ils soient un, comme nous-m\u00eames\u00a0\u00bb <a href=\"https:\/\/mj-lagrange.org\/wp-content\/uploads\/2021\/05\/Quils-soient-un-Jean-17-11.jpg\"><img loading=\"lazy\" decoding=\"async\" class=\"alignleft size-medium wp-image-14329\" src=\"https:\/\/mj-lagrange.org\/wp-content\/uploads\/2021\/05\/Quils-soient-un-Jean-17-11-300x166.jpg\" alt=\"\" width=\"300\" height=\"166\" srcset=\"https:\/\/mj-lagrange.org\/wp-content\/uploads\/2021\/05\/Quils-soient-un-Jean-17-11-300x166.jpg 300w, https:\/\/mj-lagrange.org\/wp-content\/uploads\/2021\/05\/Quils-soient-un-Jean-17-11-768x426.jpg 768w, https:\/\/mj-lagrange.org\/wp-content\/uploads\/2021\/05\/Quils-soient-un-Jean-17-11-730x405.jpg 730w, https:\/\/mj-lagrange.org\/wp-content\/uploads\/2021\/05\/Quils-soient-un-Jean-17-11.jpg 1024w\" sizes=\"auto, (max-width: 300px) 100vw, 300px\" \/><\/a>(Jean 17, 11).<\/span><\/strong><\/p>\n<p>La charit\u00e9 fraternelle qui est l\u2019union de tous les membres du Christ entre eux et avec lui, comme il est uni \u00e0 Dieu le P\u00e8re. Pratique : voir J\u00e9sus-Christ en eux ; non pas pr\u00e9cis\u00e9ment comme le repr\u00e9sentant, c\u2019est-\u00e0-dire agissant comme il e\u00fbt agi, mais comme le contenant tr\u00e8s r\u00e9ellement, unis \u00e0 lui tr\u00e8s intimement, demandant \u00e0 grandir en eux. Cela supprimera deux choses f\u00e2cheuses : les jugements m\u00eame l\u00e9gers et bienveillants, \u2013 les plaisanteries et taquineries qui peuvent mener ou aux petits froissements ou \u00e0 l\u2019attachement trop humain. S\u2019humilier devant eux int\u00e9rieurement.<\/p>\n<p>(Marie-Joseph Lagrange o.p. <em>Journal spirituel<\/em>, Cerf, 2014.)<\/p>\n<p>Illustration\u00a0: Qu\u2019ils soient un<\/p>\n<p>&nbsp;<\/p>\n<p><strong><span style=\"color: #993300;\">13 mai 2021<\/span><\/strong><br \/>\n<strong><span style=\"color: #993300;\">Belle F\u00eate de L\u2019Ascension du Seigneur<\/span><\/strong><\/p>\n<p><strong><span style=\"color: #993300;\"><a href=\"https:\/\/mj-lagrange.org\/wp-content\/uploads\/2021\/05\/Ascension-du-Seigneur.-Icone-russe-1.jpg\"><img loading=\"lazy\" decoding=\"async\" class=\"alignleft size-thumbnail wp-image-14267\" src=\"https:\/\/mj-lagrange.org\/wp-content\/uploads\/2021\/05\/Ascension-du-Seigneur.-Icone-russe-1-150x150.jpg\" alt=\"\" width=\"150\" height=\"150\" \/><\/a>\u00ab\u00a0Or le Seigneur J\u00e9sus, apr\u00e8s leur avoir parl\u00e9, fut enlev\u00e9 au ciel, et il s\u2019est assis \u00e0 la droite de Dieu, et eux s\u2019en all\u00e8rent pr\u00eacher partout, le Seigneur les assistant\u00a0\u00bb (Marc 16, 19-20).<\/span><\/strong><\/p>\n<p>La session \u00e0 la droite du P\u00e8re est naturellement une expression m\u00e9taphorique\u00a0; c\u2019est une v\u00e9rit\u00e9 de foi qui n\u2019a pu \u00eatre constat\u00e9e par des t\u00e9moins, non plus d\u2019ailleurs que le terme de l\u2019Ascension de J\u00e9sus. L\u2019auteur n\u2019\u00e9crit plus ici comme historien. Il constate au nom de la foi l\u2019accomplissement d\u2019une partie de ce que J\u00e9sus avait annonc\u00e9 aux sanh\u00e9drites\u00a0: \u00ab\u00a0Et vous verrez le Fils de l\u2019homme assis \u00e0 la droite de la Puissance, et venant avec les nu\u00e9es du ciel\u00a0\u00bb (Mc 14, 62).<\/p>\n<p>L\u2019auteur repr\u00e9sente la pr\u00e9dication de l\u2019\u00c9vangile \u00e0 vol d\u2019oiseau. Il n\u2019a pas dit o\u00f9 \u00e9taient les ap\u00f4tres, il ne dit pas d\u2019o\u00f9 ils sortent. On doit penser \u00e0 J\u00e9rusalem, puisque rien n\u2019indique qu\u2019on s\u2019en soit \u00e9loign\u00e9. Il n\u2019est question ni de la descente du Saint-Esprit, ni de la fondation de l\u2019\u00c9glise de J\u00e9rusalem. On dirait simplement la r\u00e9alisation de l\u2019ancienne proph\u00e9tie\u00a0: \u00ab\u00a0Des peuples nombreux s\u2019y rendront et diront\u00a0: \u00ab\u00a0Venez, montons \u00e0 la montagne de Yahv\u00e9, allons au Temple du Dieu de Jacob, pour qu\u2019il nous enseigne ses voies et que nous suivions ses sentiers. Car de Sion viendra la Loi et de J\u00e9rusalem l\u2019oracle de Yahv\u00e9\u00a0\u00bb (Isa\u00efe 2, 3). Cette vue sch\u00e9matique n\u2019exclut \u00e9videmment pas les modalit\u00e9s de l\u2019histoire qu\u2019elle n\u00e9glige de raconter. [\u2026] La t\u00e2che est immense mais quoi de plus consolant que cette assistance de J\u00e9sus ressuscit\u00e9\u00a0? Il travaille avec ses Ap\u00f4tres, et comme <a href=\"https:\/\/mj-lagrange.org\/wp-content\/uploads\/2021\/05\/Saint-Pierre-prechant-a-Jerusalem.jpg\"><img loading=\"lazy\" decoding=\"async\" class=\"alignright size-thumbnail wp-image-14268\" src=\"https:\/\/mj-lagrange.org\/wp-content\/uploads\/2021\/05\/Saint-Pierre-prechant-a-Jerusalem-150x150.jpg\" alt=\"\" width=\"150\" height=\"150\" \/><\/a>Dieu garantit le succ\u00e8s \u2013 comme le vendeur qui garantit l\u2019acheteur de toute \u00e9viction, et qui assure la qualit\u00e9 de la marchandise. J\u00e9sus montre par les effets qui accompagnent la parole que c\u2019est bien la parole de v\u00e9rit\u00e9. Le caract\u00e8re divin de cette garantie [\u2026], c\u2019est tout ce qui prouve la v\u00e9rit\u00e9 et la saintet\u00e9 de la doctrine \u00e9vang\u00e9lique. (Marie-Joseph Lagrange o.p. <em>L\u2019\u00c9vangile selon saint Marc<\/em>, Lecoffre-Gabalda, Paris, 1911<\/p>\n<p><span style=\"color: #000000;\">Illustration\u00a0:<\/span><br \/>\n<span style=\"color: #000000;\">L\u2019Ascension du Seigneur. Ic\u00f4ne russe.<\/span><br \/>\n<span style=\"color: #000000;\">Saint Pierre pr\u00eachant \u00e0 J\u00e9rusalem par Charles Po\u00ebrson (1642). Notre-Dame de Paris.<\/span><\/p>\n<p>&nbsp;<\/p>\n<p style=\"text-align: left;\"><span style=\"color: #993300;\"><strong>10 mai 2021<\/strong><\/span><\/p>\n<p style=\"text-align: left;\"><strong><span style=\"color: #993300;\">LES VINGT MYST\u00c8RES POUR \u00caTRE D\u00c9LIVR\u00c9S DE LA PAND\u00c9MIE<a href=\"https:\/\/mj-lagrange.org\/wp-content\/uploads\/2021\/05\/Le-Saint-Rosaire-Vatican.jpg\"><img loading=\"lazy\" decoding=\"async\" class=\"alignright size-thumbnail wp-image-14271\" src=\"https:\/\/mj-lagrange.org\/wp-content\/uploads\/2021\/05\/Le-Saint-Rosaire-Vatican-150x150.jpg\" alt=\"\" width=\"150\" height=\"150\" \/><\/a><\/span><\/strong><br \/>\n<strong><span style=\"color: #993300;\">Fr. Manuel Rivero O.P.<\/span><\/strong><\/p>\n<p><span style=\"color: #000000;\">En ce mois de mai 2021, \u00e0 la demande du pape Fran\u00e7ois, nous prions le rosaire pour la sant\u00e9 de l\u2019humanit\u00e9, pour les malades et le corps m\u00e9dical \u00e0 leur service.<\/span><\/p>\n<p>Comment prier le chapelet :<a href=\"http:\/\/www.vatican.va\/special\/rosary\/documents\/misteri_fr.html\"> http:\/\/www.vatican.va\/special\/rosary\/documents\/misteri_fr.html<\/a><\/p>\n<p>&nbsp;<\/p>\n<p><span style=\"color: #993300;\"><strong>MYST\u00c8RES JOYEUX<\/strong><\/span><br \/>\n<span style=\"color: #993300;\"><strong>L\u2019Annonciation <\/strong><\/span><br \/>\n<span style=\"color: #993300;\"><strong><em>\u00ab\u00a0Le Verbe s\u2019est fait chair et il a habit\u00e9 parmi nous\u00a0\u00bb (Jn 1,14)<\/em><\/strong><strong>. <\/strong><\/span><\/p>\n<p>Le Fils de Dieu a pris notre nature humaine. Il est devenu une personne humaine comme nous. Son corps a \u00e9prouv\u00e9 de la douleur au cours de sa Passion.<br \/>\n<em>Seigneur J\u00e9sus, d\u00e9livre nos corps de la pand\u00e9mie du Covid-19.<\/em><\/p>\n<p><span style=\"color: #993300;\"><strong>La Visitation<\/strong><\/span><br \/>\n<span style=\"color: #993300;\"><strong><em>\u00ab\u00a0Marie partit et se rendit en h\u00e2te vers la r\u00e9gion montagneuse, dans une ville de Juda\u00a0\u00bb (Lc 1,39).<\/em><\/strong><\/span><\/p>\n<p>Marie, enceinte de J\u00e9sus, traverse les montagnes pour aider sa cousine \u00c9lisabeth, enceinte de Jean le Baptiste.<br \/>\n<span style=\"color: #993300;\">Il y a la souffrance physique\u00a0des malades ; il y a aussi la souffrance morale de se sentir oubli\u00e9 et abandonn\u00e9, sans aucun soutien.<\/span><br \/>\n<em><span style=\"color: #993300;\">Puissions-nous, \u00e0 l\u2019exemple de la Vierge Marie, nous mettre en route pour rencontrer nos fr\u00e8res et nos s\u0153urs malades, leur apportant la Bonne Nouvelle de l\u2019amour de Dieu et la joie de l\u2019amiti\u00e9<\/span>.<\/em><\/p>\n<p><span style=\"color: #993300;\"><strong>La Naissance de J\u00e9sus \u00e0 Bethl\u00e9em<\/strong><\/span><br \/>\n<span style=\"color: #993300;\"><strong><em>\u00ab\u00a0Marie enfanta son fils premier-n\u00e9, l\u2019enveloppa de langes et le coucha dans une cr\u00e8che, parce qu\u2019ils manquaient de place dans la salle\u00a0\u00bb (Lc 2,8). <\/em><\/strong><\/span><\/p>\n<p>Celui qui cr\u00e9e l\u2019espace ne trouve pas de place pour sa naissance.<br \/>\n<em>Prions pour les malades \u00e0 la rue, sans soins, faute de moyens financiers pour leur prise en charge.<\/em><\/p>\n<p><span style=\"color: #993300;\"><strong>La Pr\u00e9sentation de J\u00e9sus au Temple et la Purification de Marie<\/strong><\/span><br \/>\n<span style=\"color: #993300;\"><strong><em>\u00ab\u00a0Maintenant, \u00f4 Ma\u00eetre Souverain, tu peux laisser ton serviteur s\u2019en aller en paix\u00a0; car mes yeux ont vu le salut\u00a0\u00bb (Lc 2, 29).<\/em><\/strong><\/span><br \/>\nCette pri\u00e8re de Sym\u00e9on au moment d\u2019accueillir l\u2019enfant J\u00e9sus dans ses bras illumine l\u2019approche de la mort. La mort ne sera qu\u2019un passage vers la lumi\u00e8re du Christ ressuscit\u00e9.<br \/>\n<em>Que la Vierge Marie et saint Joseph, patron de la bonne mort, interc\u00e8dent pour nous \u00ab\u00a0\u00e0 l\u2019heure de la mort\u00a0\u00bb comme nous le prions dans l\u2019Ave Maria. <\/em><\/p>\n<p><span style=\"color: #993300;\"><strong>J\u00e9sus parmi les docteurs de la Loi au Temple de J\u00e9rusalem<\/strong><\/span><br \/>\n<span style=\"color: #993300;\"><strong><em>Marie et Joseph\u00a0ne comprirent pas la parole\u00a0de J\u00e9sus\u00a0: \u00ab\u00a0Ne saviez-vous pas que je dois \u00eatre dans la maison de mon P\u00e8re\u00a0?\u00a0\u00bb (Lc 2,49-50).<\/em><\/strong><\/span><br \/>\nSi Marie et Joseph n\u2019ont pas tout compris et s\u2019ils ont march\u00e9 dans la foi, tout chr\u00e9tien, \u00e0 la suite du Christ doit aussi avancer dans la foi, s\u2019appuyant sur la Parole de Dieu.<br \/>\n<em>\u00c9levons nos c\u0153urs vers Dieu et demandons pour nous-m\u00eames et pour tous la gr\u00e2ce de la foi en J\u00e9sus, tourn\u00e9 vers son P\u00e8re.<\/em><\/p>\n<p><strong>\u00a0<\/strong><\/p>\n<p><span style=\"color: #993300;\"><strong>MYST\u00c8RES LUMINEUX<\/strong><\/span><br \/>\n<span style=\"color: #993300;\"><strong>Le Bapt\u00eame de J\u00e9sus<\/strong><\/span><br \/>\n<span style=\"color: #993300;\"><strong><em>\u00ab\u00a0Une voix vint des cieux\u00a0: \u00ab\u00a0Tu es mon Fils bien-aim\u00e9, tu as toute ma faveur\u00a0\u00bb (Mc 1,11).<\/em><\/strong><\/span><\/p>\n<p>Cette voix du P\u00e8re r\u00e9sonne aussi dans le c\u0153ur de tous les baptis\u00e9s qui ne font qu\u2019un avec le Fils bien-aim\u00e9 du P\u00e8re, J\u00e9sus.<br \/>\n<em>Pourquoi ne pas reprendre au cours de nos journ\u00e9es et dans nos d\u00e9placements cette parole de Dieu notre P\u00e8re pour chacun d\u2019entre nous\u00a0: \u00ab\u00a0Tu es mon fils bien-aim\u00e9, ma fille bien-aim\u00e9e, en J\u00e9sus\u00a0\u00bb\u00a0?<\/em><\/p>\n<p><span style=\"color: #993300;\"><strong>Les Noces de Cana<\/strong><\/span><br \/>\n<span style=\"color: #993300;\"><strong><em>\u00ab\u00a0Mon heure n\u2019est pas encore arriv\u00e9e\u00a0\u00bb (Jn 2, 4), <\/em><\/strong><\/span><\/p>\n<p>a dit J\u00e9sus en r\u00e9ponse \u00e0 la demande de sa m\u00e8re\u00a0: \u00ab\u00a0Ils n\u2019ont pas de vin\u00a0\u00bb. Gr\u00e2ce \u00e0 l\u2019intercession de Marie, l\u2019heure de J\u00e9sus s\u2019est manifest\u00e9e. L\u2019eau a \u00e9t\u00e9 chang\u00e9e en vin, la peur a laiss\u00e9 place \u00e0 la paix, la tristesse a disparu et la joie a \u00e9clat\u00e9.<br \/>\n<em>Dieu ne nous laisse pas sans sa gr\u00e2ce dans la maladie. <\/em><br \/>\n<em>Mettons notre confiance en l\u2019intercession de la Vierge Marie et la gloire de Dieu brillera dans nos c\u0153urs.<\/em><\/p>\n<p><span style=\"color: #993300;\"><strong>J\u00e9sus dans la synagogue de Nazareth<\/strong><\/span><br \/>\n<span style=\"color: #993300;\"><strong><em>J\u00e9sus a lu un passage du proph\u00e8te Isa\u00efe\u00a0: \u00ab\u00a0L\u2019Esprit du Seigneur est sur moi\u00a0\u00bb (Lc\u00a04, 18).<\/em><\/strong><\/span><\/p>\n<p>La proph\u00e9tie de l\u2019Ancien Testament s\u2019est r\u00e9alis\u00e9e\u00a0: \u00ab\u00a0Aujourd\u2019hui s\u2019accomplit \u00e0 vos oreilles ce passage de l\u2019\u00c9criture\u00a0\u00bb, avait d\u00e9clar\u00e9 J\u00e9sus.<br \/>\nAujourd\u2019hui, l\u2019Esprit Saint est r\u00e9pandu dans nos c\u0153urs par le saint-chr\u00eame re\u00e7u au bapt\u00eame, \u00e0 la Confirmation et dans le sacrement de l\u2019onction des malades. Aujourd\u2019hui s\u2019accomplit en nous l\u2019annonce faite au proph\u00e8te Isa\u00efe.<br \/>\n<em>Les chr\u00e9tiens sont ainsi envoy\u00e9s annoncer la Bonne Nouvelle aux malades qui seront gu\u00e9ris dans leur \u00e2me par le pardon et dans leur corps par la gu\u00e9rison et la r\u00e9surrection.<\/em><\/p>\n<p><span style=\"color: #993300;\"><strong>La Transfiguration de J\u00e9sus<\/strong><\/span><br \/>\n<span style=\"color: #993300;\"><strong><em>\u00ab\u00a0Il advint comme J\u00e9sus priait, que l\u2019aspect de son visage devint autre, et son v\u00eatement, d\u2019une blancheur fulgurante\u00a0\u00bb (Lc 9,29).<\/em><\/strong><\/span><\/p>\n<p>J\u00e9sus a \u00e9t\u00e9 transfigur\u00e9 devant Pierre, Jacques et Jean alors qu\u2019il priait. La pri\u00e8re appara\u00eet comme le lieu de la transfiguration. Derri\u00e8re le voile de sa chair se cache la lumi\u00e8re de sa divinit\u00e9.<br \/>\n<em>Puissions-nous vivre le c\u0153ur \u00e0 c\u0153ur avec J\u00e9sus dans la pri\u00e8re pour contempler sa lumi\u00e8re divine qui resplendira dans nos c\u0153urs.<\/em><\/p>\n<p><span style=\"color: #993300;\"><strong>La C\u00e8ne<\/strong><\/span><br \/>\n<span style=\"color: #993300;\"><strong><em>\u00ab\u00a0Je suis le pain de vie\u00a0\u00bb (Jn 6,34), d\u00e9clare J\u00e9sus.<\/em><\/strong><\/span><\/p>\n<p>Aux malades, l\u2019\u00c9glise apporte le sacrement de l\u2019onction des malades qui donne la force de l\u2019Esprit Saint pour combattre le mal et le malin. \u00c0 ceux qui s\u2019approchent de la mort, l\u2019\u00c9glise donne le viatique, \u00ab\u00a0le pain vivant descendu du Ciel\u00a0\u00bb, pain de la vie \u00e9ternelle, le Corps du Christ.<\/p>\n<p>&nbsp;<\/p>\n<p><strong><span style=\"color: #993300;\">MYST\u00c8RES DOULOUREUX<\/span> <\/strong><br \/>\n<span style=\"color: #993300;\"><strong>L\u2019Agonie \u00e0 Geths\u00e9mani<\/strong><\/span><br \/>\n<span style=\"color: #993300;\"><strong><em>La veille de sa Passion, dans le Jardin des Oliviers, J\u00e9sus a pri\u00e9\u00a0: \u00ab\u00a0Abba (P\u00e8re)\u00a0! tout t\u2019est possible\u00a0: \u00e9loigne de moi cette coupe\u00a0; pourtant, pas ce que je veux, mais ce que tu veux\u00a0\u00bb (Mc 14,36).<\/em><\/strong><\/span><br \/>\n<span style=\"color: #993300;\"><strong><em>La sueur de J\u00e9sus devint alors \u00ab\u00a0comme de grosses gouttes de sang qui tombaient \u00e0 terre\u00a0\u00bb (Lc 22,44).<\/em><\/strong><\/span><br \/>\nLe disciple n\u2019est pas sup\u00e9rieur au ma\u00eetre. Tout chr\u00e9tien partage un jour ou l\u2019autre l\u2019agonie de J\u00e9sus \u00e0 Geths\u00e9mani.<br \/>\n<em>Agonie veut dire \u00ab\u00a0combat\u00a0\u00bb. J\u00e9sus combat avec nous dans la maladie. Nous ne sommes pas seuls.<\/em><\/p>\n<p><span style=\"color: #993300;\"><strong>La Flagellation de J\u00e9sus<\/strong><\/span><br \/>\n<span style=\"color: #993300;\"><strong><em>\u00ab\u00a0Pilate, voulant contenter la foule, rel\u00e2cha Barabbas et, apr\u00e8s avoir fait flageller J\u00e9sus, il le livra pour \u00eatre crucifi\u00e9\u00a0\u00bb (Mc 15,15).<\/em><\/strong><\/span><\/p>\n<p>Contenter la foule, contenter les \u00e9lecteurs, contenter les puissants.<br \/>\n<em>Seigneur J\u00e9sus, accorde-nous de n\u2019adorer que toi par-dessus tout, \u00ab\u00a0le chemin, la v\u00e9rit\u00e9 et la vie\u00a0\u00bb (Jn 14,6) et d\u00e9livre-nous de la peur des autres et de la\u00a0l\u00e2chet\u00e9.<\/em><\/p>\n<p><span style=\"color: #993300;\"><strong>Le Couronnement d\u2019\u00e9pines<\/strong> <\/span><br \/>\n<span style=\"color: #993300;\"><strong><em>\u00ab\u00a0Les soldats se mirent \u00e0 saluer J\u00e9sus\u00a0: \u2018\u00a0Salut, roi des Juifs\u00a0!\u00a0\u2018. Ils lui frappaient la t\u00eate avec un roseau. Ils lui crachaient dessus\u00a0\u00bb (Mc 15, 18-19).<\/em><\/strong><\/span><br \/>\n<em>Seigneur J\u00e9sus, d\u00e9livre-nous de l\u2019aveuglement et de l\u2019abus de pouvoir.<\/em><\/p>\n<p><span style=\"color: #993300;\"><strong>Le Portement de la croix<\/strong><\/span><br \/>\n<span style=\"color: #993300;\"><strong><em>\u00ab\u00a0Les soldats requi\u00e8rent pour porter la croix de J\u00e9sus, Simon de Cyr\u00e8ne, le p\u00e8re d\u2019Alexandre et de Rufus\u00a0; qui passait par l\u00e0, en revenant des champs\u00a0\u00bb (Mc\u00a016,21).<\/em><\/strong><\/span><\/p>\n<p>Simon de Cyr\u00e8ne rentrait du travail, fatigu\u00e9. Il n\u2019\u00e9tait pas tout jeune. L\u2019\u00c9vangile cite ses deux fils connus. Au contact du corps douloureux de J\u00e9sus, la corv\u00e9e s\u2019est transform\u00e9e en torrent de gr\u00e2ce.<br \/>\n<em>Seigneur J\u00e9sus, puissions-nous accepter de rendre service alors que nous sommes d\u00e9j\u00e0 fatigu\u00e9s\u00a0; ce faisant nous toucherons aussi ton divin corps, car ce que nous faisons aux malades c\u2019est \u00e0 toi que nous le faisons (cf. Mt 25, 43).<\/em><\/p>\n<p><span style=\"color: #993300;\"><strong>La mort de J\u00e9sus<\/strong><\/span><br \/>\n<span style=\"color: #993300;\"><strong><em>Sur la croix, J\u00e9sus s\u2019est exclam\u00e9\u00a0: \u00ab\u00a0Tout est accompli\u00a0\u00bb (Jn 19, 30).<\/em><\/strong><\/span><\/p>\n<p>Sans la foi en Dieu, la mort appara\u00eet comme une d\u00e9gringolade finale, tragique et absurde.<br \/>\nPour J\u00e9sus, la mort repr\u00e9sente un sommet de gloire, car don absolu de lui-m\u00eame dans l\u2019amour pour le salut des hommes.<br \/>\nPour les disciples de J\u00e9sus, la mort est aussi accomplissement, car acte de foi total.<br \/>\n<em>Nous te prions pour les d\u00e9funts, et en particulier pour ceux qui sont morts aujourd\u2019hui.<\/em><\/p>\n<p>&nbsp;<\/p>\n<p><span style=\"color: #993300;\"><strong>MYST\u00c8RES GLORIEUX<\/strong><\/span><br \/>\n<span style=\"color: #993300;\"><strong>La R\u00e9surrection de J\u00e9sus<\/strong><\/span><br \/>\n<strong><em><span style=\"color: #993300;\">\u00ab\u00a0Je suis avec vous pour toujours\u00a0\u00bb (Mt 28,20)<\/span>, a d\u00e9clar\u00e9 J\u00e9sus, ressuscit\u00e9, \u00e0 ses onze disciples.<\/em><\/strong><br \/>\n<em>Dans la vie et dans la mort, dans la maladie et les \u00e9preuves, J\u00e9sus est avec nous et il ne nous laisse pas sans sa gr\u00e2ce.<\/em><\/p>\n<p><span style=\"color: #993300;\"><strong>L\u2019Ascension de J\u00e9sus<\/strong><\/span><br \/>\n<span style=\"color: #993300;\"><strong><em>\u00c0<\/em><\/strong><strong><em> B\u00e9thanie, J\u00e9sus ressuscit\u00e9 b\u00e9nit les ap\u00f4tres avant de monter vers son P\u00e8re (cf. Lc 24,50).<\/em><\/strong><\/span><br \/>\n<em>Seigneur J\u00e9sus, b\u00e9nis-nous\u00a0!<\/em><\/p>\n<p><span style=\"color: #993300;\"><strong>La Pentec\u00f4te<\/strong><\/span><br \/>\n<span style=\"color: #993300;\"><em><strong>\u00ab\u00a0Dans la chambre haute de J\u00e9rusalem, les ap\u00f4tres et Marie, m\u00e8re de J\u00e9sus, priaient tous d\u2019un m\u00eame c\u0153ur\u00a0\u00bb (cf. Ac 1, 14).<\/strong><\/em><\/span><br \/>\n<em>Viens, Esprit Saint, rassemble-nous dans la ferveur de la pri\u00e8re et la communion de la foi en J\u00e9sus.<\/em><\/p>\n<p><span style=\"color: #993300;\"><strong>L\u2019Assomption de la Vierge Marie au Ciel et son Couronnement comme Reine de la cr\u00e9ation<\/strong><\/span><br \/>\n<em>\u00c0<\/em><em> l\u2019exemple de la reine Esther qui interc\u00e9dait aupr\u00e8s du roi pour son peuple juif menac\u00e9 de mort, la Vierge Marie glorifi\u00e9e dans son corps et dans son \u00e2me interc\u00e8de pour nous aupr\u00e8s de son Fils J\u00e9sus, roi de l\u2019univers.<\/em><\/p>\n<p><span style=\"color: #993300;\"><strong>Le Jugement dernier<\/strong><\/span><br \/>\n<em>Puissions-nous entendre au jour de notre mort comme le serviteur de la parabole des talents qui avait fait fructifier les dons re\u00e7us\u00a0: \u00ab\u00a0C\u2019est bien, serviteur bon et fid\u00e8le, en peu de choses tu as \u00e9t\u00e9 fid\u00e8le, entre dans la joie de ton Seigneur.\u00a0\u00bb (Mt 25,21).<\/em><\/p>\n<p>Illustration : Le Saint Rosaire. Comment prier le chapelet : http:\/\/www.vatican.va\/special\/rosary\/documents\/misteri_fr.html<\/p>\n<p>&nbsp;<\/p>\n<p><strong><span style=\"color: #993300;\">10 mai 2021 \u2013 Messe-anniversaire mensuelle<\/span><\/strong><\/p>\n<p><a href=\"https:\/\/mj-lagrange.org\/wp-content\/uploads\/2020\/05\/Pri\u00e8re2-111.jpg\"><img loading=\"lazy\" decoding=\"async\" class=\"alignleft size-thumbnail wp-image-13325\" src=\"https:\/\/mj-lagrange.org\/wp-content\/uploads\/2020\/05\/Pri\u00e8re2-111-150x150.jpg\" alt=\"\" width=\"150\" height=\"150\" \/><\/a><\/p>\n<p>&nbsp;<\/p>\n<p>L\u2019intention particuli\u00e8re confi\u00e9e au cours de la messe-anniversaire de ce jour, c\u00e9l\u00e9br\u00e9e par fr. Manuel Rivero o.p., est pour notre ch\u00e8re Soucila, premi\u00e8re adh\u00e9rente de l\u2019Association, qui lutte depuis plusieurs mois contre la maladie et la souffrance. Nous confions notre pri\u00e8re \u00e0 l\u2019intercession du P. Lagrange et exprimons \u00e0 Soucila toute notre affection.<\/p>\n<p>&nbsp;<\/p>\n<p>&nbsp;<\/p>\n<p><strong><span style=\"color: #993300;\">9 mai 2021<\/span><\/strong><br \/>\n<strong><span style=\"color: #993300;\">\u00ab\u00a0Comme le P\u00e8re m\u2019a aim\u00e9, moi aussi je vous ai aim\u00e9s\u00a0; demeurez en mon amour\u00a0\u00bb (Jean 15, 9).<\/span><\/strong><\/p>\n<p><a href=\"https:\/\/mj-lagrange.org\/wp-content\/uploads\/2021\/05\/Il-ny-a-pas-de-plus-grand-amour-Jean-15-9-17.jpg\"><img loading=\"lazy\" decoding=\"async\" class=\"alignleft size-thumbnail wp-image-14264\" src=\"https:\/\/mj-lagrange.org\/wp-content\/uploads\/2021\/05\/Il-ny-a-pas-de-plus-grand-amour-Jean-15-9-17-150x150.jpg\" alt=\"\" width=\"150\" height=\"150\" \/><\/a>D\u00e8s lors, le Fils avait \u00e0 accomplir les commandements du P\u00e8re pour lui t\u00e9moigner son amour. Et c\u2019est de la m\u00eame fa\u00e7on que J\u00e9sus a aim\u00e9 ses disciples, qui eux aussi lui t\u00e9moigneront leur amour en observant ses commandements. Ils sont aim\u00e9s\u00a0! Que leur c\u0153ur tressaille de joie \u00e0 ce mot que nul autre n\u2019\u00e9gale\u00a0! C\u2019est une grande joie du christianisme que rien ne peut alt\u00e9rer. Il pr\u00eache la discipline, l\u2019abn\u00e9gation, l\u2019acceptation des souffrances, mais de tout cela c\u2019est l\u2019abandon de celui qui se sait aim\u00e9, et la tristesse est absorb\u00e9e dans la joie. L\u2019amour descendu du P\u00e8re va plus loin que chaque disciple\u00a0: il faut qu\u2019il rayonne entre eux. Et ce n\u2019est pas un amour pour rire (sainte Ang\u00e8le de Foligno), c\u2019est un don de soi qui va en J\u00e9sus jusqu\u2019au sacrifice de la vie, il le leur rappelle discr\u00e8tement, et aucun amour ne peut aller plus loin. [\u2026] Ce ne sont que quelques paroles. Mais elles renferment le secret de la vie spirituelle, le principe de tout apostolat. Les amis de J\u00e9sus vivront d\u00e9sormais de sa vie, et feront son \u0153uvre. Ils sont en Dieu par la charit\u00e9, et cette charit\u00e9 est un amour d\u2019amiti\u00e9, et le commandement par excellence. C\u2019est toute la th\u00e9ologie de la gr\u00e2ce, dont les d\u00e9veloppements sont admirables, mais qu\u2019elle est claire et savoureuse \u00e0 sa source\u00a0!<\/p>\n<p>(Marie-Joseph Lagrange o.p. L\u2019\u00c9vangile de J\u00e9sus Christ avec la synopse \u00e9vang\u00e9lique, Art\u00e8ge, 2017, p. 559.)<\/p>\n<p><strong><span style=\"color: #0000ff;\">3 mai 2021<\/span><\/strong><br \/>\n<strong><span style=\"color: #0000ff;\">Dans la maladie, le p\u00e8re Lagrange priait toujours la Vierge Marie.<\/span><\/strong><br \/>\n<strong><span style=\"color: #0000ff;\">Aujourd\u2019hui, le pape Fran\u00e7ois a lanc\u00e9 un marathon de la pri\u00e8re pour mettre fin \u00e0 la pand\u00e9mie\u00a0:<\/span><\/strong><\/p>\n<p><a href=\"https:\/\/mj-lagrange.org\/wp-content\/uploads\/2021\/05\/Pape-Francois-pendant-la-priere-a-Marie-pour-mettre-fin-a-la-pandemie.jpg\"><img loading=\"lazy\" decoding=\"async\" class=\"alignleft size-medium wp-image-14232\" src=\"https:\/\/mj-lagrange.org\/wp-content\/uploads\/2021\/05\/Pape-Francois-pendant-la-priere-a-Marie-pour-mettre-fin-a-la-pandemie-300x169.jpg\" alt=\"\" width=\"300\" height=\"169\" srcset=\"https:\/\/mj-lagrange.org\/wp-content\/uploads\/2021\/05\/Pape-Francois-pendant-la-priere-a-Marie-pour-mettre-fin-a-la-pandemie-300x169.jpg 300w, https:\/\/mj-lagrange.org\/wp-content\/uploads\/2021\/05\/Pape-Francois-pendant-la-priere-a-Marie-pour-mettre-fin-a-la-pandemie-768x433.jpg 768w, https:\/\/mj-lagrange.org\/wp-content\/uploads\/2021\/05\/Pape-Francois-pendant-la-priere-a-Marie-pour-mettre-fin-a-la-pandemie-730x411.jpg 730w, https:\/\/mj-lagrange.org\/wp-content\/uploads\/2021\/05\/Pape-Francois-pendant-la-priere-a-Marie-pour-mettre-fin-a-la-pandemie.jpg 1024w\" sizes=\"auto, (max-width: 300px) 100vw, 300px\" \/><\/a><\/p>\n<p><strong><a href=\"http:\/\/w2.vatican.va\/content\/francesco\/fr\/prayers\/documents\/papa-francesco_preghiere_20200425_preghiera-mariana-maggio.html\">Pri\u00e8re \u00e0 Marie<\/a><\/strong><\/p>\n<p>\u00ab\u00a0Sous ta protection nous nous r\u00e9fugions, Sainte M\u00e8re de Dieu\u00a0\u00bb.<\/p>\n<p>Dans la pr\u00e9sente situation dramatique, charg\u00e9e de souffrances et d\u2019angoisses qui frappent le monde entier, nous recourons \u00e0 Toi, M\u00e8re de Dieu et notre M\u00e8re, et nous cherchons refuge sous ta protection.<\/p>\n<p>O Vierge Marie, tourne vers nous tes yeux mis\u00e9ricordieux dans cette pand\u00e9mie du coronavirus, et r\u00e9conforte ceux qui sont perdus et qui pleurent leurs proches qui sont morts, enterr\u00e9s parfois d\u2019une mani\u00e8re qui blesse l\u2019\u00e2me. Soutiens ceux qui sont angoiss\u00e9s pour les personnes malades aupr\u00e8s desquelles, pour emp\u00eacher la contagion, ils ne peuvent \u00eatre proches. Suscite la confiance en celui qui est inquiet pour l\u2019avenir incertain et pour les cons\u00e9quences sur l\u2019\u00e9conomie et sur le travail.<\/p>\n<p>M\u00e8re de Dieu et notre M\u00e8re, implore pour nous de Dieu, P\u00e8re de mis\u00e9ricorde, que cette dure \u00e9preuve finisse et que revienne un horizon <a href=\"https:\/\/mj-lagrange.org\/wp-content\/uploads\/2021\/05\/Sainte-Mere-de-Dieu-sous-ta-protection-nous-nous-refugions.jpg\"><img loading=\"lazy\" decoding=\"async\" class=\"alignright size-medium wp-image-14233\" src=\"https:\/\/mj-lagrange.org\/wp-content\/uploads\/2021\/05\/Sainte-Mere-de-Dieu-sous-ta-protection-nous-nous-refugions-260x300.jpg\" alt=\"\" width=\"260\" height=\"300\" srcset=\"https:\/\/mj-lagrange.org\/wp-content\/uploads\/2021\/05\/Sainte-Mere-de-Dieu-sous-ta-protection-nous-nous-refugions-260x300.jpg 260w, https:\/\/mj-lagrange.org\/wp-content\/uploads\/2021\/05\/Sainte-Mere-de-Dieu-sous-ta-protection-nous-nous-refugions-768x888.jpg 768w, https:\/\/mj-lagrange.org\/wp-content\/uploads\/2021\/05\/Sainte-Mere-de-Dieu-sous-ta-protection-nous-nous-refugions-730x844.jpg 730w, https:\/\/mj-lagrange.org\/wp-content\/uploads\/2021\/05\/Sainte-Mere-de-Dieu-sous-ta-protection-nous-nous-refugions.jpg 886w\" sizes=\"auto, (max-width: 260px) 100vw, 260px\" \/><\/a>d\u2019esp\u00e9rance et de paix. Comme \u00e0 Cana, interviens aupr\u00e8s de ton Divin Fils, en lui demandant de r\u00e9conforter les familles des malades et des victimes, et d\u2019ouvrir leur c\u0153ur \u00e0 la confiance.<\/p>\n<p>Prot\u00e8ge les m\u00e9decins, les infirmiers et les infirmi\u00e8res, le personnel sanitaire, les volontaires qui, en cette p\u00e9riode d\u2019urgence, sont en premi\u00e8re ligne et risquent leur vie pour sauver d\u2019autres vies. Accompagne leur fatigue h\u00e9ro\u00efque et donne-leur force, bont\u00e9 et sant\u00e9.<\/p>\n<p>Sois aux c\u00f4t\u00e9s de ceux qui, nuit et jour, assistent les malades ainsi que des pr\u00eatres qui, avec sollicitude pastorale et engagement \u00e9vang\u00e9lique, cherchent \u00e0 aider et \u00e0 soutenir chacun.<\/p>\n<p>Vierge Sainte, \u00e9claire l\u2019esprit des hommes et des femmes de science, pour qu\u2019ils trouvent de justes solutions pour vaincre ce virus.<\/p>\n<p>Assiste les Responsables des Nations, pour qu\u2019ils \u0153uvrent avec sagesse, sollicitude et g\u00e9n\u00e9rosit\u00e9, en secourant ceux qui manquent du n\u00e9cessaire pour vivre, en programmant des solutions sociales et \u00e9conomiques avec clairvoyance et avec esprit de solidarit\u00e9.<\/p>\n<p>Marie tr\u00e8s Sainte, touche les consciences pour que les sommes consid\u00e9rables utilis\u00e9es pour accro\u00eetre et perfectionner les armements soient au contraire destin\u00e9es \u00e0 promouvoir des \u00e9tudes ad\u00e9quates pour pr\u00e9venir de semblables catastrophes dans l\u2019avenir.<\/p>\n<p>M\u00e8re tr\u00e8s aim\u00e9e, fais grandir dans le monde le sens d\u2019appartenance \u00e0 une seule grande famille, dans la conscience du lien qui nous unit tous, pour que nous venions en aide aux nombreuses pauvret\u00e9s et situations de mis\u00e8re avec un esprit fraternel et solidaire. Encourage la fermet\u00e9 dans la foi, la pers\u00e9v\u00e9rance dans le service, la constance dans la pri\u00e8re.<\/p>\n<p>O Marie, Consolatrice des afflig\u00e9s, embrasse tous tes enfants dans la tribulation et obtiens que Dieu intervienne de sa main toute puissante pour nous lib\u00e9rer de cette terrible \u00e9pid\u00e9mie, afin que la vie puisse reprendre dans la s\u00e9r\u00e9nit\u00e9 son cours normal.<\/p>\n<p>Nous nous confions \u00e0 Toi, toi qui resplendis sur notre chemin comme signe de salut et d\u2019esp\u00e9rance, o cl\u00e9mente, o mis\u00e9ricordieuse, o douce Vierge Marie. Amen.<\/p>\n<h1 class=\"article__title\"><span style=\"color: #993300;\">Un \u00abmarathon de pri\u00e8re\u00bb au mois de mai pour la fin de la pand\u00e9mie<\/span><\/h1>\n<div class=\"article__subTitle\">Les fid\u00e8les sont invit\u00e9s \u00e0 prier assidument le chapelet durant ce mois traditionnellement consacr\u00e9 \u00e0 la Vierge Marie. De nombreux sanctuaires se joignent \u00e0 cette initiative voulue par le Pape Fran\u00e7ois.<\/div>\n<div class=\"article__text \">\n<p>L\u2019initiative est n\u00e9e d\u2019un \u00ab<i>vif d\u00e9sir du Saint-P\u00e8re<\/i>\u00bb, pr\u00e9cise un communiqu\u00e9 du Conseil pontifical pour la nouvelle \u00e9vang\u00e9lisation. Ce \u00abmarathon\u00bb de pri\u00e8re qui doit couvrir tout le mois de mai sera centr\u00e9 sur le th\u00e8me suivant: \u00ab<i>l\u2019\u00c9glise priait Dieu avec insistance<\/i>\u00bb (Actes 12,5).<\/p>\n<p>Il impliquera de mani\u00e8re particuli\u00e8re tous les sanctuaires du monde, invit\u00e9s \u00e0 promouvoir aupr\u00e8s des fid\u00e8les, des familles et des communaut\u00e9s la r\u00e9citation du rosaire, pour invoquer la fin de la pand\u00e9mie de Covid.<\/p>\n<p>Trente sanctuaires du monde entier guideront \u00e0 tour de r\u00f4le la pri\u00e8re mariale, chaque jour \u00e0 18h, en direct sur les m\u00e9dias officiels du Saint-Si\u00e8ge. Le Pape Fran\u00e7ois ouvrira ce mois de pri\u00e8re le 1er\u00a0mai et le cl\u00f4turera le 31.<\/p>\n<p>L\u2019ann\u00e9e derni\u00e8re d\u00e9j\u00e0, le Souverain Pontife avait \u00e9crit aux fid\u00e8les une <a href=\"http:\/\/www.vatican.va\/content\/francesco\/fr\/letters\/2020\/documents\/papa-francesco_20200425_lettera-mesedimaggio.html\" rel=\"external\">lettre<\/a>, dans laquelle il les invitait \u00e0 \u00ab<i>red\u00e9couvrir la beaut\u00e9 du chapelet chez soi<\/i>\u00bb durant le mois de mai. Il y joignait deux pri\u00e8res r\u00e9dig\u00e9es de sa main pour invoquer de la reine du Ciel la fin de la pand\u00e9mie.<\/p>\n<\/div>\n<p>&nbsp;<\/p>\n<p><strong><span style=\"color: #993300;\">1<sup>er<\/sup> mai 2021<\/span><\/strong><br \/>\n<strong><span style=\"color: #993300;\">Saint Joseph, ouvrier. Saint patron de tous les travailleurs.<a href=\"https:\/\/mj-lagrange.org\/wp-content\/uploads\/2021\/05\/San-Jose-con-el-nino-Jesus-Joan-de-Joanes-16e-Berlin-Gemaldegalerie.jpg\"><img loading=\"lazy\" decoding=\"async\" class=\"alignright size-medium wp-image-14228\" src=\"https:\/\/mj-lagrange.org\/wp-content\/uploads\/2021\/05\/San-Jose-con-el-nino-Jesus-Joan-de-Joanes-16e-Berlin-Gemaldegalerie-225x300.jpg\" alt=\"\" width=\"225\" height=\"300\" srcset=\"https:\/\/mj-lagrange.org\/wp-content\/uploads\/2021\/05\/San-Jose-con-el-nino-Jesus-Joan-de-Joanes-16e-Berlin-Gemaldegalerie-225x300.jpg 225w, https:\/\/mj-lagrange.org\/wp-content\/uploads\/2021\/05\/San-Jose-con-el-nino-Jesus-Joan-de-Joanes-16e-Berlin-Gemaldegalerie-730x973.jpg 730w, https:\/\/mj-lagrange.org\/wp-content\/uploads\/2021\/05\/San-Jose-con-el-nino-Jesus-Joan-de-Joanes-16e-Berlin-Gemaldegalerie.jpg 768w\" sizes=\"auto, (max-width: 225px) 100vw, 225px\" \/><\/a><\/span><\/strong><\/p>\n<p>\u00ab\u00a0\u00d4 glorieux et tr\u00e8s bon saint Joseph, je suis honteux de vous invoquer si peu souvent. Du moins, tr\u00e8s indulgent p\u00e8re nourricier de J\u00e9sus, daignez pr\u00e9senter \u00e0 votre \u00c9pouse Immacul\u00e9e les mis\u00e9rables pri\u00e8res que je lui adresse, et les faire agr\u00e9er d\u2019elle. En la priant, j\u2019ai toujours recours \u00e0 vous qu\u2019elle m\u2019a donn\u00e9 pour patron. Le 8 mai [1881] Patronage de St Joseph.\u00a0\u00bb<\/p>\n<p>(Marie-Joseph Lagrange, <em>Journal spirituel<\/em>, Cerf, 2004.)<\/p>\n<p>Le P. Lagrange dans son <em>Journal spirituel<\/em> invoque au moins une cinquante de fois saint Joseph, Sa pri\u00e8re montre son grand attachement \u00e0 l\u2019\u00e9poux de la Vierge Marie et p\u00e8re adoptif de J\u00e9sus.<\/p>\n<p>Dans le cadre de l\u2019\u00ab\u00a0Ann\u00e9e saint Joseph\u00a0\u00bb promulgu\u00e9e par le pape Fran\u00e7ois, fr. Manuel Rivero o.p. a \u00e9crit une r\u00e9flexion sur ce grand silencieux que fut l\u2019\u00e9poux de la Vierge Marie\u00a0:<\/p>\n<p><strong>Saint Joseph ouvrier, antidote d\u2019\u00ab un\u00a0catholicisme zombie\u00a0\u00bb.<\/strong><br \/>\n<strong>Fr. Manuel Rivero O.P.<\/strong><a href=\"applewebdata:\/\/A79C5317-44D1-41E1-B3E6-9C5755670371#_ftn1\" name=\"_ftnref1\"><strong>[1]<\/strong><\/a><\/p>\n<p><strong>Le 1<sup>er<\/sup> mai, saint Joseph, le p\u00e8re adoptif de J\u00e9sus, est c\u00e9l\u00e9br\u00e9 dans sa facette de professionnel responsable et comp\u00e9tent, au service de sa famille et du bien commun.<\/strong><\/p>\n<p><strong>L\u2019\u00c9vangile l\u2019appelle homme <\/strong><strong>\u00ab\u00a0<\/strong><strong>juste<\/strong><strong>\u00ab\u00a0<\/strong><a href=\"applewebdata:\/\/A79C5317-44D1-41E1-B3E6-9C5755670371#_ftn2\" name=\"_ftnref2\"><strong>[2]<\/strong><\/a><strong>, c\u2019est-\u00e0-dire un homme juif qui connaissait la Loi de Mo\u00efse et qui la mettait en pratique. En unissant la foi et la science, la pri\u00e8re et le travail, saint Joseph a go\u00fbt\u00e9 l\u2019union \u00e0 Dieu en partageant les exp\u00e9riences heureuses et douloureuses d\u2019Isra\u00ebl. Chaque samedi, il se rendait \u00e0 la synagogue de Nazareth pour c\u00e9l\u00e9brer la Loi proclam\u00e9e en h\u00e9breu et comment\u00e9e en langue aram\u00e9enne, sa langue maternelle. Combien de fois, J\u00e9sus, adolescent, l\u2019a \u00e9cout\u00e9 avec un c\u0153ur br\u00fblant.<\/strong><\/p>\n<p><strong><em>Sanctifier la famille<\/em><\/strong><\/p>\n<p><strong>Homme d\u2019action, saint Joseph accomplit la volont\u00e9 de Dieu. Silencieux, il m\u00e9dite dans la lumi\u00e8re de la foi les paroles de l\u2019Ange du Seigneur qui l\u2019exhorte \u00e0 assumer sa responsabilit\u00e9 d\u2019\u00e9poux et de p\u00e8re adoptif de l\u2019enfant que Marie porte en son sein par l\u2019action de l\u2019Esprit Saint. Homme fort, orient\u00e9 vers l\u2019avenir, il change son projet initial en r\u00e9ponse \u00e0 la r\u00e9v\u00e9lation de l\u2019Ange. La mission que Dieu lui confie d\u00e9passe celle des proph\u00e8tes et des chefs de son Peuple. Il doit accompagner, prot\u00e9ger et \u00e9duquer J\u00e9sus \u00ab\u00a0qui sauvera son peuple de ses p\u00e9ch\u00e9s\u00a0\u00bb (Mt 1,21). <\/strong><\/p>\n<p><strong><a href=\"https:\/\/mj-lagrange.org\/wp-content\/uploads\/2021\/05\/181255561_149989527130562_1711402515492881812_n.jpg\"><img loading=\"lazy\" decoding=\"async\" class=\"alignleft size-medium wp-image-14226\" src=\"https:\/\/mj-lagrange.org\/wp-content\/uploads\/2021\/05\/181255561_149989527130562_1711402515492881812_n-300x200.jpg\" alt=\"\" width=\"300\" height=\"200\" srcset=\"https:\/\/mj-lagrange.org\/wp-content\/uploads\/2021\/05\/181255561_149989527130562_1711402515492881812_n-300x200.jpg 300w, https:\/\/mj-lagrange.org\/wp-content\/uploads\/2021\/05\/181255561_149989527130562_1711402515492881812_n-768x512.jpg 768w, https:\/\/mj-lagrange.org\/wp-content\/uploads\/2021\/05\/181255561_149989527130562_1711402515492881812_n-730x487.jpg 730w, https:\/\/mj-lagrange.org\/wp-content\/uploads\/2021\/05\/181255561_149989527130562_1711402515492881812_n.jpg 1024w\" sizes=\"auto, (max-width: 300px) 100vw, 300px\" \/><\/a>Avec son \u00e9pouse, Marie, Joseph s\u2019engage dans le service du salut de l\u2019humanit\u00e9 par l\u2019Incarnation du Verbe. Gardien du myst\u00e8re de la maternit\u00e9 divine de Marie, partageant la m\u00eame foi, Joseph fait preuve d\u2019amour, de prudence et d\u2019endurance.<\/strong><\/p>\n<p><strong>En cette \u00ab\u00a0Ann\u00e9e de la famille\u00a0\u00bb, commenc\u00e9e le 19 mars en la f\u00eate de saint Joseph, le p\u00e8re adoptif de J\u00e9sus met en lumi\u00e8re la grandeur de la vie ordinaire. Le concile Vatican II a soulign\u00e9 l\u2019appel universel \u00e0 la saintet\u00e9 dans l\u2019\u00c9glise<\/strong><a href=\"applewebdata:\/\/A79C5317-44D1-41E1-B3E6-9C5755670371#_ftn3\" name=\"_ftnref3\"><strong>[3]<\/strong><\/a><strong>. Les chr\u00e9tiens ont pour vocation la sanctification de la famille, du travail, de l\u2019\u00e9conomie et de la politique.<\/strong><\/p>\n<p><strong>La demande de la pri\u00e8re du <em>Notre P\u00e8re<\/em> \u00ab\u00a0que ton Nom soit sanctifi\u00e9\u00a0\u00bb correspond \u00e0 cette sanctification de toutes les dimensions de la personne et de la vie sociale. Habit\u00e9 par la gr\u00e2ce de l\u2019Esprit Saint, saint Joseph a veill\u00e9 sur son \u00e9pouse, Marie. <\/strong><strong>\u00c0<\/strong><strong> l\u2019image du grand-pr\u00eatre de l\u2019Ancien Testament qui veillait sur le Temple, saint Joseph a trouv\u00e9 Dieu en aimant Marie, \u00ab\u00a0nouvelle arche d\u2019Alliance\u00a0\u00bb<\/strong><a href=\"applewebdata:\/\/A79C5317-44D1-41E1-B3E6-9C5755670371#_ftn4\" name=\"_ftnref4\"><strong>[4]<\/strong><\/a><strong>, demeure de Dieu. L\u2019Arche de l\u2019Alliance contenait la manne et les tables de la Loi<\/strong><a href=\"applewebdata:\/\/A79C5317-44D1-41E1-B3E6-9C5755670371#_ftn5\" name=\"_ftnref5\"><strong>[5]<\/strong><\/a><strong>. Marie portait en son sein J\u00e9sus, le Verbe fait chair, Loi nouvelle d\u2019amour et Pain de Vie descendu du Ciel<\/strong><a href=\"applewebdata:\/\/A79C5317-44D1-41E1-B3E6-9C5755670371#_ftn6\" name=\"_ftnref6\"><strong>[6]<\/strong><\/a><strong>. Dans un beau sermon, saint Bernard (+1153) a mis en parall\u00e8le le patriarche Joseph, fils de Jacob, et Joseph, \u00e9poux de Marie. Si dans l\u2019Ancien Testament, Joseph, intendant de Pharaon, avait mis les bl\u00e9s en r\u00e9serve pour tout le peuple d\u2019\u00c9gypte et non pour lui-m\u00eame\u00a0; dans le Nouveau Testament, Joseph, p\u00e8re adoptif de J\u00e9sus \u00ab\u00a0re\u00e7ut le Pain vivant du ciel afin de le conserver aussi bien pour lui que pour le monde entier<\/strong><a href=\"applewebdata:\/\/A79C5317-44D1-41E1-B3E6-9C5755670371#_ftn7\" name=\"_ftnref7\"><strong>[7]<\/strong><\/a><strong>.\u00a0\u00bb<\/strong><\/p>\n<p><strong>Pour le p\u00e8re Marie-Joseph Lagrange (+1938), fondateur de l\u2019\u00c9cole biblique de J\u00e9rusalem, \u00abDieu le P\u00e8re avait encore vers\u00e9 beaucoup de joie dans l\u2019\u00e2me de J\u00e9sus par l\u2019amour de sa M\u00e8re<\/strong><a href=\"applewebdata:\/\/A79C5317-44D1-41E1-B3E6-9C5755670371#_ftn8\" name=\"_ftnref8\"><strong>[8]<\/strong><\/a><strong>\u00a0\u00bb. Il me semble que les chr\u00e9tiens peuvent en dire la m\u00eame chose au sujet de saint Joseph. Par l\u2019amour de son p\u00e8re adoptif, l\u2019\u00e2me de J\u00e9sus a \u00e9t\u00e9 impr\u00e9gn\u00e9e de la joie de Dieu le P\u00e8re.<\/strong><\/p>\n<p><strong><em>Sanctifier le travail, se sanctifier dans le travail, t\u00e9moigner par le travail<\/em><\/strong><\/p>\n<p><strong>Artisan charpentier-ma\u00e7on, saint Joseph s\u2019est sanctifi\u00e9 dans son atelier au service des clients qui avaient besoin d\u2019une maison, d\u2019une armoire, d\u2019une table ou d\u2019une chaise. Ses journ\u00e9es comportaient des hauts et des bas, des r\u00e9ussites commerciales et des heures de soucis \u00e9conomiques pour nourrir sa famille. Il a sanctifi\u00e9 la cr\u00e9ation l\u2019impr\u00e9gnant de son intelligence, de son amour et de sa pri\u00e8re. Ceux qui le fr\u00e9quentaient dans les relations professionnelles ont \u00e9t\u00e9 attir\u00e9s vers Dieu par son t\u00e9moignage.<\/strong><\/p>\n<p><strong>Saint Josemar\u00eda Escriv\u00e1 de Balaguer<\/strong><strong> (+1975) a excell\u00e9 dans la mise en valeur de la saintet\u00e9 v\u00e9cue au travail quotidien\u00a0: \u00ab\u00a0<\/strong><strong>\u00ab\u00a0Dieu vous appelle \u00e0 le servir dans et \u00e0 partir des t\u00e2ches civiles, mat\u00e9rielles, s\u00e9culi\u00e8res de la vie humaine : c&rsquo;est dans un laboratoire, dans la salle d&rsquo;op\u00e9ration d&rsquo;un h\u00f4pital, dans une chaire d&rsquo;universit\u00e9, \u00e0 l&rsquo;usine, \u00e0 l&rsquo;atelier, aux champs, dans le foyer familial et au sein de l&rsquo;immense panorama du travail. C&rsquo;est l\u00e0 que Dieu nous attend chaque jour : il y a quelque chose de divin qui se cache dans les situations les plus ordinaires et c&rsquo;est \u00e0 chacun d&rsquo;entre vous qu&rsquo;il appartient de le d\u00e9couvrir\u00a0\u00bb<\/strong><a href=\"applewebdata:\/\/A79C5317-44D1-41E1-B3E6-9C5755670371#_ftn9\" name=\"_ftnref9\"><strong>[9]<\/strong><\/a><strong>\u00a0\u00bb.<\/strong><\/p>\n<p><strong><em>Le primat de la personne sur le capital<\/em><\/strong><\/p>\n<p><strong>Le philosophe chr\u00e9tien Emmanuel Mounier (+1950) a d\u00e9velopp\u00e9 une philosophie du personnalisme communautaire avec le primat de la personne sur le capital, le primat du spirituel sur le mat\u00e9riel, \u00e0 l\u2019oppos\u00e9 de l\u2019individualisme. Il arrive souvent que la foi en Dieu soit remplac\u00e9e non pas par l\u2019ath\u00e9isme mais par l\u2019idol\u00e2trie o\u00f9 le march\u00e9 devient \u00ab\u00a0dieu\u00a0\u00bb, la finance \u00ab\u00a0une d\u00e9esse\u00a0\u00bb et le bien-\u00eatre \u00ab\u00a0un veau d\u2019or\u00a0\u00bb. La pens\u00e9e de Mounier a inspir\u00e9 l\u2019enseignement du saint Pape Jean-Paul II sur le travail dans l\u2019encyclique <em>Laborens exercens<\/em> du 14\u00a0septembre 1981 qui proclame le primat du travail sur le capital et de la personne sur la propri\u00e9t\u00e9 priv\u00e9e. \u00ab\u00a0Un jeune travailleur vaut plus que tout l\u2019or du monde\u00a0\u00bb, clame la Jeunesse ouvri\u00e8re chr\u00e9tienne (J.O.C.).<\/strong><\/p>\n<p><strong><em>La destination universelle des biens<\/em><\/strong><\/p>\n<p><strong>Le pape Fran\u00e7ois \u00e9voque les trois T n\u00e9cessaires pour la vie\u00a0: un toit, une terre et un travail.<\/strong><\/p>\n<p><strong>La doctrine sociale de l\u2019\u00c9glise enseigne la destination universelle des biens\u00a0: La terre est \u00e0 tous et Dieu en est le propri\u00e9taire\u00a0; les hommes n\u2019\u00e9tant que ses gestionnaires. C\u2019est pourquoi, en cas d\u2019extr\u00eame besoin, le principe de la propri\u00e9t\u00e9 priv\u00e9e de biens s\u2019efface au profit de la vie de l\u2019homme. La propri\u00e9t\u00e9 priv\u00e9e ne figure pas dans le <em>Credo<\/em>. Elle n\u2019est pas sacr\u00e9e. En revanche, la vie de tout homme porte au plus profond d\u2019elle-m\u00eame une dignit\u00e9 et une vocation sacr\u00e9es\u00a0: \u00ab\u00a0La gloire de Dieu est l\u2019homme vivant et la vie de l\u2019homme est de voir Dieu\u00a0\u00bb, enseigne saint Ir\u00e9n\u00e9e de Lyon. C\u2019est en ce sens que le pape Fran\u00e7ois plaide pour un revenu universel qui garantisse \u00e0 chacun sa dignit\u00e9 humaine sans d\u00e9choir dans la mis\u00e8re<\/strong><a href=\"applewebdata:\/\/A79C5317-44D1-41E1-B3E6-9C5755670371#_ftn10\" name=\"_ftnref10\"><strong>[10]<\/strong><\/a><strong>. <\/strong><\/p>\n<p><strong>La foi vivante de saint Joseph repr\u00e9sente un antidote contre \u00ab\u00a0un catholicisme\u00a0zombie<\/strong><a href=\"applewebdata:\/\/A79C5317-44D1-41E1-B3E6-9C5755670371#_ftn11\" name=\"_ftnref11\"><strong>[11]<\/strong><\/a><strong>\u00a0\u00bb qui n\u2019aurait qu\u2019une influence indirecte et vague sur les r\u00e9alit\u00e9s familiales, \u00e9conomiques et politiques. <\/strong><\/p>\n<p><strong>L\u2019exemple de saint Joseph invite \u00e0 commencer par la conversion personnelle avant de vouloir changer le monde, car la tentation est grande pour chacun d\u2019aspirer \u00e0 transformer la soci\u00e9t\u00e9 mais sans vouloir se mettre en cause.<\/strong><\/p>\n<p><strong>Saint Joseph a accept\u00e9 de changer son projet de vie pour faire la volont\u00e9 de Dieu. Il l\u2019a fait avec r\u00e9alisme, de mani\u00e8re int\u00e9grale, spirituelle et mat\u00e9rielle. Son travail et la transmission de son savoir-faire font partie du Salut de l\u2019humanit\u00e9 par J\u00e9sus le Christ, ouvrier lui-m\u00eame.<\/strong><\/p>\n<p><strong>Saint-Denis (La R\u00e9union), le 27 avril 2021.<\/strong><\/p>\n<p>Illustration\u00a0: Joan de JOANES:\u00a0<em>San Jos\u00e9 con el ni\u00f1o Jes\u00fas<\/em>\u00a0(segunda mitad del siglo XVI, Berl\u00edn: Gem\u00e4ldegalerie)<\/p>\n<p><a href=\"applewebdata:\/\/A79C5317-44D1-41E1-B3E6-9C5755670371#_ftnref1\" name=\"_ftn1\">[1]<\/a> Doyen de la Facult\u00e9 des sciences sociales \u00e0 <em>DOMUNI Universitas <\/em>(https:\/\/www.domuni.eu\/fr\/).<\/p>\n<p><a href=\"applewebdata:\/\/A79C5317-44D1-41E1-B3E6-9C5755670371#_ftnref2\" name=\"_ftn2\">[2]<\/a> <em>\u00c9vangile selon saint Matthieu<\/em> 1, 19.<\/p>\n<p><a href=\"applewebdata:\/\/A79C5317-44D1-41E1-B3E6-9C5755670371#_ftnref3\" name=\"_ftn3\">[3]<\/a> Voir <em>Lumen gentium<\/em> chapitre V.<\/p>\n<p><a href=\"applewebdata:\/\/A79C5317-44D1-41E1-B3E6-9C5755670371#_ftnref4\" name=\"_ftn4\">[4]<\/a> Voir <em>Litanies de Lorette<\/em>.<\/p>\n<p><a href=\"applewebdata:\/\/A79C5317-44D1-41E1-B3E6-9C5755670371#_ftnref5\" name=\"_ftn5\">[5]<\/a> Voir <em>\u00c9p\u00eetre aux H\u00e9breux<\/em> 9, 1-5.<\/p>\n<p><a href=\"applewebdata:\/\/A79C5317-44D1-41E1-B3E6-9C5755670371#_ftnref6\" name=\"_ftn6\">[6]<\/a> Voir \u00c9vangile selon saint Jean 6, 33-35.<\/p>\n<p><a href=\"applewebdata:\/\/A79C5317-44D1-41E1-B3E6-9C5755670371#_ftnref7\" name=\"_ftn7\">[7]<\/a> Saint Bernard, <em>Hom\u00e9lie sur le \u00ab\u00a0Missus est\u00a0\u00bb,<\/em> 2, 16, PL 183, col. 55. Voir Jean-Ren\u00e9 Bouchet, <em>Lectionnaire pour les dimanches et pour les f\u00eates<\/em>, Lectionnaire patristique dominicain, Paris, Les \u00e9ditions du Cerf, 1994, p. 403, pour la f\u00eate de saint Joseph, le 19 mars.<\/p>\n<p><a href=\"applewebdata:\/\/A79C5317-44D1-41E1-B3E6-9C5755670371#_ftnref8\" name=\"_ftn8\">[8]<\/a> <em>L\u2019\u00c9vangile de J\u00e9sus-Christ<\/em>, par le P. Marie-Joseph Lagrange, O.P., avec la synopse \u00e9vang\u00e9lique\u00a0traduite par le p\u00e8re Ceslas Lavergne, O.P. Pr\u00e9face de Jean-Michel Poffet, O.P. et pr\u00e9sentation de Manuel Rivero, O.P., Paris, Art\u00e8ge-Lethielleux, 2017. P. 609.<\/p>\n<p><a href=\"applewebdata:\/\/A79C5317-44D1-41E1-B3E6-9C5755670371#_ftnref9\" name=\"_ftn9\">[9]<\/a> Entretiens, point 114.<\/p>\n<p><a href=\"applewebdata:\/\/A79C5317-44D1-41E1-B3E6-9C5755670371#_ftnref10\" name=\"_ftn10\">[10]<\/a> Cf. Pape Fran\u00e7ois, <em>Un temps pour changer<\/em>. Conversations avec Austen Ivereigh, Paris. \u00c9ditions de Noyelles, 2020, p.195.<\/p>\n<p><a href=\"applewebdata:\/\/A79C5317-44D1-41E1-B3E6-9C5755670371#_ftnref11\" name=\"_ftn11\">[11]<\/a> Voir l\u2019\u00e9tude d\u2019<a href=\"https:\/\/fr.wikipedia.org\/wiki\/Herv%C3%A9_Le_Bras\">Herv\u00e9 Le Bras<\/a>\u00a0et\u00a0d\u2019<a href=\"https:\/\/fr.wikipedia.org\/wiki\/Emmanuel_Todd\">Emmanuel Todd<\/a>\u00a0dans\u00a0<a href=\"https:\/\/fr.wikipedia.org\/w\/index.php?title=Le_Myst%C3%A8re_fran%C3%A7ais&amp;action=edit&amp;redlink=1\"><em>Le Myst\u00e8re fran\u00e7ais<\/em><\/a>\u00a0(2013) qui \u00e9voquent un \u00ab\u00a0catholicisme zombie\u00a0\u00bb\u00a0qui continuerait de marquer les relations sociales \u00e0 l\u2019image des zombies qui ont cess\u00e9 d\u2019exister.<\/p>\n","protected":false},"excerpt":{"rendered":"<p>30 mai 2021 Bonne f\u00eate \u00e0 toutes nos mamans de la terre et du ciel\u00a0! L\u2019exemple d\u2019une maman chr\u00e9tienne Ma m\u00e8re m\u2019avait inspir\u00e9e tant de sa flamme spirituelle. C\u2019est \u00e0 son bureau, \u00e0 c\u00f4t\u00e9 de l\u2019\u00e9tag\u00e8re qui lui servait d\u2019oratoire, en lisant ses livres, que je suis revenu \u00e0 Dieu. (P. Lagrange. Journal spirituel.) Illustration &#8230;<\/p>\n<p><a href=\"https:\/\/www.mj-lagrange.org\/?p=14225\" class=\"more-link\">Continue reading &lsquo;Actualit\u00e9s &#8211; \u00c9cho de notre page Facebook : mai 2021&rsquo; &raquo;<\/a><\/p>\n","protected":false},"author":2,"featured_media":0,"comment_status":"closed","ping_status":"closed","sticky":false,"template":"","format":"standard","meta":{"footnotes":""},"categories":[54],"tags":[],"class_list":["post-14225","post","type-post","status-publish","format-standard","hentry","category-actualites"],"_links":{"self":[{"href":"https:\/\/www.mj-lagrange.org\/index.php?rest_route=\/wp\/v2\/posts\/14225","targetHints":{"allow":["GET"]}}],"collection":[{"href":"https:\/\/www.mj-lagrange.org\/index.php?rest_route=\/wp\/v2\/posts"}],"about":[{"href":"https:\/\/www.mj-lagrange.org\/index.php?rest_route=\/wp\/v2\/types\/post"}],"author":[{"embeddable":true,"href":"https:\/\/www.mj-lagrange.org\/index.php?rest_route=\/wp\/v2\/users\/2"}],"replies":[{"embeddable":true,"href":"https:\/\/www.mj-lagrange.org\/index.php?rest_route=%2Fwp%2Fv2%2Fcomments&post=14225"}],"version-history":[{"count":17,"href":"https:\/\/www.mj-lagrange.org\/index.php?rest_route=\/wp\/v2\/posts\/14225\/revisions"}],"predecessor-version":[{"id":14346,"href":"https:\/\/www.mj-lagrange.org\/index.php?rest_route=\/wp\/v2\/posts\/14225\/revisions\/14346"}],"wp:attachment":[{"href":"https:\/\/www.mj-lagrange.org\/index.php?rest_route=%2Fwp%2Fv2%2Fmedia&parent=14225"}],"wp:term":[{"taxonomy":"category","embeddable":true,"href":"https:\/\/www.mj-lagrange.org\/index.php?rest_route=%2Fwp%2Fv2%2Fcategories&post=14225"},{"taxonomy":"post_tag","embeddable":true,"href":"https:\/\/www.mj-lagrange.org\/index.php?rest_route=%2Fwp%2Fv2%2Ftags&post=14225"}],"curies":[{"name":"wp","href":"https:\/\/api.w.org\/{rel}","templated":true}]}}