{"id":14276,"date":"2021-05-13T10:32:47","date_gmt":"2021-05-13T08:32:47","guid":{"rendered":"https:\/\/www.mj-lagrange.org\/?p=14276"},"modified":"2021-05-13T16:29:44","modified_gmt":"2021-05-13T14:29:44","slug":"les-vingt-mysteres-du-rosaire-pour-etre-delivres-de-la-pandemie-par-manuel-rivero-o-p","status":"publish","type":"post","link":"https:\/\/www.mj-lagrange.org\/?p=14276","title":{"rendered":"Les vingt myst\u00e8res du Rosaire pour \u00eatre d\u00e9livr\u00e9s de la pand\u00e9mie par Manuel Rivero o.p."},"content":{"rendered":"<div class=\"fcbkbttn_buttons_block\" id=\"fcbkbttn_left\"><div class=\"fcbkbttn_button\">\n\t\t\t\t\t<a href=\"https:\/\/www.facebook.com\/\" target=\"_blank\">\n\t\t\t\t\t\t<img decoding=\"async\" src=\"https:\/\/mj-lagrange.org\/wp-content\/plugins\/facebook-button-plugin\/images\/standard-facebook-ico.png\" alt=\"Fb-Button\" \/>\n\t\t\t\t\t<\/a>\n\t\t\t\t<\/div><div class=\"fcbkbttn_like \"><fb:like href=\"https:\/\/www.mj-lagrange.org\/?p=14276\" action=\"like\" colorscheme=\"light\" layout=\"standard\"  width=\"225px\" size=\"small\"><\/fb:like><\/div><\/div><p><span style=\"color: #993300;\"><strong>10 mai 2021<\/strong><\/span><\/p>\n<p><span style=\"color: #993300;\"><strong><a href=\"https:\/\/mj-lagrange.org\/wp-content\/uploads\/2021\/05\/Le-Saint-Rosaire-Vatican.jpg\"><img loading=\"lazy\" decoding=\"async\" class=\"alignleft size-medium wp-image-14271\" src=\"https:\/\/mj-lagrange.org\/wp-content\/uploads\/2021\/05\/Le-Saint-Rosaire-Vatican-269x300.jpg\" alt=\"\" width=\"269\" height=\"300\" srcset=\"https:\/\/mj-lagrange.org\/wp-content\/uploads\/2021\/05\/Le-Saint-Rosaire-Vatican-269x300.jpg 269w, https:\/\/mj-lagrange.org\/wp-content\/uploads\/2021\/05\/Le-Saint-Rosaire-Vatican.jpg 717w\" sizes=\"auto, (max-width: 269px) 100vw, 269px\" \/><\/a>En ce mois de mai 2021, \u00e0 la demande du pape Fran\u00e7ois, nous prions le rosaire pour la sant\u00e9 de l\u2019humanit\u00e9, pour les malades et le corps m\u00e9dical \u00e0 leur service.<\/strong><\/span><\/p>\n<p>Comment prier le chapelet :<a href=\"http:\/\/www.vatican.va\/special\/rosary\/documents\/misteri_fr.html\"> http:\/\/www.vatican.va\/special\/rosary\/documents\/misteri_fr.html<\/a><\/p>\n<p><span style=\"color: #993300;\"><strong>MYST\u00c8RES JOYEUX<\/strong><\/span><br \/>\n<span style=\"color: #993300;\"><strong>L\u2019Annonciation <\/strong><\/span><br \/>\n<span style=\"color: #993300;\"><strong><em>\u00ab\u00a0Le Verbe s\u2019est fait chair et il a habit\u00e9 parmi nous\u00a0\u00bb (Jn 1,14)<\/em><\/strong><strong>. <\/strong><\/span><\/p>\n<p>Le Fils de Dieu a pris notre nature humaine. Il est devenu une personne humaine comme nous. Son corps a \u00e9prouv\u00e9 de la douleur au cours de sa Passion.<br \/>\n<em>Seigneur J\u00e9sus, d\u00e9livre nos corps de la pand\u00e9mie du Covid-19.<\/em><\/p>\n<p><span style=\"color: #993300;\"><strong>La Visitation<\/strong><\/span><br \/>\n<span style=\"color: #993300;\"><strong><em>\u00ab\u00a0Marie partit et se rendit en h\u00e2te vers la r\u00e9gion montagneuse, dans une ville de Juda\u00a0\u00bb (Lc 1,39).<\/em><\/strong><\/span><\/p>\n<p>Marie, enceinte de J\u00e9sus, traverse les montagnes pour aider sa cousine \u00c9lisabeth, enceinte de Jean le Baptiste.<br \/>\nIl y a la souffrance physique\u00a0des malades ; il y a aussi la souffrance morale de se sentir oubli\u00e9 et abandonn\u00e9, sans aucun soutien.<br \/>\n<em>Puissions-nous, \u00e0 l\u2019exemple de la Vierge Marie, nous mettre en route pour rencontrer nos fr\u00e8res et nos s\u0153urs malades, leur apportant la Bonne Nouvelle de l\u2019amour de Dieu et la joie de l\u2019amiti\u00e9.<\/em><\/p>\n<p><span style=\"color: #993300;\"><strong>La Naissance de J\u00e9sus \u00e0 Bethl\u00e9em<\/strong><\/span><br \/>\n<span style=\"color: #993300;\"><strong><em>\u00ab\u00a0Marie enfanta son fils premier-n\u00e9, l\u2019enveloppa de langes et le coucha dans une cr\u00e8che, parce qu\u2019ils manquaient de place dans la salle\u00a0\u00bb (Lc 2,8). <\/em><\/strong><\/span><\/p>\n<p>Celui qui cr\u00e9e l\u2019espace ne trouve pas de place pour sa naissance.<br \/>\n<em>Prions pour les malades \u00e0 la rue, sans soins, faute de moyens financiers pour leur prise en charge.<\/em><\/p>\n<p><span style=\"color: #993300;\"><strong>La Pr\u00e9sentation de J\u00e9sus au Temple et la Purification de Marie<\/strong><\/span><br \/>\n<span style=\"color: #993300;\"><strong><em>\u00ab\u00a0Maintenant, \u00f4 Ma\u00eetre Souverain, tu peux laisser ton serviteur s\u2019en aller en paix\u00a0; car mes yeux ont vu le salut\u00a0\u00bb (Lc 2, 29).<\/em><\/strong><\/span><br \/>\nCette pri\u00e8re de Sym\u00e9on au moment d\u2019accueillir l\u2019enfant J\u00e9sus dans ses bras illumine l\u2019approche de la mort. La mort ne sera qu\u2019un passage vers la lumi\u00e8re du Christ ressuscit\u00e9.<br \/>\n<em>Que la Vierge Marie et saint Joseph, patron de la bonne mort, interc\u00e8dent pour nous \u00ab\u00a0\u00e0 l\u2019heure de la mort\u00a0\u00bb comme nous le prions dans l\u2019Ave Maria. <\/em><\/p>\n<p><span style=\"color: #993300;\"><strong>J\u00e9sus parmi les docteurs de la Loi au Temple de J\u00e9rusalem<\/strong><\/span><br \/>\n<span style=\"color: #993300;\"><strong><em>Marie et Joseph\u00a0ne comprirent pas la parole\u00a0de J\u00e9sus\u00a0: \u00ab\u00a0Ne saviez-vous pas que je dois \u00eatre dans la maison de mon P\u00e8re\u00a0?\u00a0\u00bb (Lc 2,49-50).<\/em><\/strong><\/span><br \/>\nSi Marie et Joseph n\u2019ont pas tout compris et s\u2019ils ont march\u00e9 dans la foi, tout chr\u00e9tien, \u00e0 la suite du Christ doit aussi avancer dans la foi, s\u2019appuyant sur la Parole de Dieu.<br \/>\n<em>\u00c9levons nos c\u0153urs vers Dieu et demandons pour nous-m\u00eames et pour tous la gr\u00e2ce de la foi en J\u00e9sus, tourn\u00e9 vers son P\u00e8re.<\/em><\/p>\n<p><strong>\u00a0<\/strong><\/p>\n<p><span style=\"color: #993300;\"><strong>MYST\u00c8RES LUMINEUX<\/strong><\/span><br \/>\n<span style=\"color: #993300;\"><strong>Le Bapt\u00eame de J\u00e9sus<\/strong><\/span><br \/>\n<span style=\"color: #993300;\"><strong><em>\u00ab\u00a0Une voix vint des cieux\u00a0: \u00ab\u00a0Tu es mon Fils bien-aim\u00e9, tu as toute ma faveur\u00a0\u00bb (Mc 1,11).<\/em><\/strong><\/span><\/p>\n<p>Cette voix du P\u00e8re r\u00e9sonne aussi dans le c\u0153ur de tous les baptis\u00e9s qui ne font qu\u2019un avec le Fils bien-aim\u00e9 du P\u00e8re, J\u00e9sus.<br \/>\n<em>Pourquoi ne pas reprendre au cours de nos journ\u00e9es et dans nos d\u00e9placements cette parole de Dieu notre P\u00e8re pour chacun d\u2019entre nous\u00a0: \u00ab\u00a0Tu es mon fils bien-aim\u00e9, ma fille bien-aim\u00e9e, en J\u00e9sus\u00a0\u00bb\u00a0?<\/em><\/p>\n<p><span style=\"color: #993300;\"><strong>Les Noces de Cana<\/strong><\/span><br \/>\n<span style=\"color: #993300;\"><strong><em>\u00ab\u00a0Mon heure n\u2019est pas encore arriv\u00e9e\u00a0\u00bb (Jn 2, 4), <\/em><\/strong><\/span><\/p>\n<p>a dit J\u00e9sus en r\u00e9ponse \u00e0 la demande de sa m\u00e8re\u00a0: \u00ab\u00a0Ils n\u2019ont pas de vin\u00a0\u00bb. Gr\u00e2ce \u00e0 l\u2019intercession de Marie, l\u2019heure de J\u00e9sus s\u2019est manifest\u00e9e. L\u2019eau a \u00e9t\u00e9 chang\u00e9e en vin, la peur a laiss\u00e9 place \u00e0 la paix, la tristesse a disparu et la joie a \u00e9clat\u00e9.<br \/>\n<em>Dieu ne nous laisse pas sans sa gr\u00e2ce dans la maladie. <\/em><br \/>\n<em>Mettons notre confiance en l\u2019intercession de la Vierge Marie et la gloire de Dieu brillera dans nos c\u0153urs.<\/em><\/p>\n<p><span style=\"color: #993300;\"><strong>J\u00e9sus dans la synagogue de Nazareth<\/strong><\/span><br \/>\n<span style=\"color: #993300;\"><strong><em>J\u00e9sus a lu un passage du proph\u00e8te Isa\u00efe\u00a0: \u00ab\u00a0L\u2019Esprit du Seigneur est sur moi\u00a0\u00bb (Lc\u00a04, 18).<\/em><\/strong><\/span><\/p>\n<p>La proph\u00e9tie de l\u2019Ancien Testament s\u2019est r\u00e9alis\u00e9e\u00a0: \u00ab\u00a0Aujourd\u2019hui s\u2019accomplit \u00e0 vos oreilles ce passage de l\u2019\u00c9criture\u00a0\u00bb, avait d\u00e9clar\u00e9 J\u00e9sus.<br \/>\nAujourd\u2019hui, l\u2019Esprit Saint est r\u00e9pandu dans nos c\u0153urs par le saint-chr\u00eame re\u00e7u au bapt\u00eame, \u00e0 la Confirmation et dans le sacrement de l\u2019onction des malades. Aujourd\u2019hui s\u2019accomplit en nous l\u2019annonce faite au proph\u00e8te Isa\u00efe.<br \/>\n<em>Les chr\u00e9tiens sont ainsi envoy\u00e9s annoncer la Bonne Nouvelle aux malades qui seront gu\u00e9ris dans leur \u00e2me par le pardon et dans leur corps par la gu\u00e9rison et la r\u00e9surrection.<\/em><\/p>\n<p><span style=\"color: #993300;\"><strong>La Transfiguration de J\u00e9sus<\/strong><\/span><br \/>\n<span style=\"color: #993300;\"><strong><em>\u00ab\u00a0Il advint comme J\u00e9sus priait, que l\u2019aspect de son visage devint autre, et son v\u00eatement, d\u2019une blancheur fulgurante\u00a0\u00bb (Lc 9,29).<\/em><\/strong><\/span><\/p>\n<p>J\u00e9sus a \u00e9t\u00e9 transfigur\u00e9 devant Pierre, Jacques et Jean alors qu\u2019il priait. La pri\u00e8re appara\u00eet comme le lieu de la transfiguration. Derri\u00e8re le voile de sa chair se cache la lumi\u00e8re de sa divinit\u00e9.<br \/>\n<em>Puissions-nous vivre le c\u0153ur \u00e0 c\u0153ur avec J\u00e9sus dans la pri\u00e8re pour contempler sa lumi\u00e8re divine qui resplendira dans nos c\u0153urs.<\/em><\/p>\n<p><span style=\"color: #993300;\"><strong>La C\u00e8ne<\/strong><\/span><br \/>\n<span style=\"color: #993300;\"><strong><em>\u00ab\u00a0Je suis le pain de vie\u00a0\u00bb (Jn 6,34), d\u00e9clare J\u00e9sus.<\/em><\/strong><\/span><\/p>\n<p>Aux malades, l\u2019\u00c9glise apporte le sacrement de l\u2019onction des malades qui donne la force de l\u2019Esprit Saint pour combattre le mal et le malin. \u00c0 ceux qui s\u2019approchent de la mort, l\u2019\u00c9glise donne le viatique, \u00ab\u00a0le pain vivant descendu du Ciel\u00a0\u00bb, pain de la vie \u00e9ternelle, le Corps du Christ.<\/p>\n<p>&nbsp;<\/p>\n<p><span style=\"color: #993300;\"><strong>MYST\u00c8RES DOULOUREUX <\/strong><\/span><br \/>\n<span style=\"color: #993300;\"><strong>L\u2019Agonie \u00e0 Geths\u00e9mani<\/strong><\/span><br \/>\n<span style=\"color: #993300;\"><strong><em>La veille de sa Passion, dans le Jardin des Oliviers, J\u00e9sus a pri\u00e9\u00a0: \u00ab\u00a0Abba (P\u00e8re)\u00a0! tout t\u2019est possible\u00a0: \u00e9loigne de moi cette coupe\u00a0; pourtant, pas ce que je veux, mais ce que tu veux\u00a0\u00bb (Mc 14,36).<\/em><\/strong><\/span><br \/>\n<span style=\"color: #993300;\"><strong><em>La sueur de J\u00e9sus devint alors \u00ab\u00a0comme de grosses gouttes de sang qui tombaient \u00e0 terre\u00a0\u00bb (Lc 22,44).<\/em><\/strong><\/span><br \/>\nLe disciple n\u2019est pas sup\u00e9rieur au ma\u00eetre. Tout chr\u00e9tien partage un jour ou l\u2019autre l\u2019agonie de J\u00e9sus \u00e0 Geths\u00e9mani.<br \/>\n<em>Agonie veut dire \u00ab\u00a0combat\u00a0\u00bb. J\u00e9sus combat avec nous dans la maladie. Nous ne sommes pas seuls.<\/em><\/p>\n<p><span style=\"color: #993300;\"><strong>La Flagellation de J\u00e9sus<\/strong><\/span><br \/>\n<strong><em>\u00ab\u00a0Pilate, voulant contenter la foule, rel\u00e2cha Barabbas et, apr\u00e8s avoir fait flageller J\u00e9sus, il le livra pour \u00eatre crucifi\u00e9\u00a0\u00bb (Mc 15,15).<\/em><\/strong><\/p>\n<p>Contenter la foule, contenter les \u00e9lecteurs, contenter les puissants.<br \/>\n<em>Seigneur J\u00e9sus, accorde-nous de n\u2019adorer que toi par-dessus tout, \u00ab\u00a0le chemin, la v\u00e9rit\u00e9 et la vie\u00a0\u00bb (Jn 14,6) et d\u00e9livre-nous de la peur des autres et de la\u00a0l\u00e2chet\u00e9.<\/em><\/p>\n<p><span style=\"color: #993300;\"><strong>Le Couronnement d\u2019\u00e9pines<\/strong> <\/span><br \/>\n<span style=\"color: #993300;\"><strong><em>\u00ab\u00a0Les soldats se mirent \u00e0 saluer J\u00e9sus\u00a0: \u2018\u00a0Salut, roi des Juifs\u00a0!\u00a0\u2018. Ils lui frappaient la t\u00eate avec un roseau. Ils lui crachaient dessus\u00a0\u00bb (Mc 15, 18-19).<\/em><\/strong><\/span><br \/>\n<em>Seigneur J\u00e9sus, d\u00e9livre-nous de l\u2019aveuglement et de l\u2019abus de pouvoir.<\/em><\/p>\n<p><span style=\"color: #993300;\"><strong><a href=\"https:\/\/mj-lagrange.org\/wp-content\/uploads\/2021\/05\/Saint-Dominique-au-pied-de-la-croix.jpg\"><img loading=\"lazy\" decoding=\"async\" class=\"alignleft size-medium wp-image-14281\" src=\"https:\/\/mj-lagrange.org\/wp-content\/uploads\/2021\/05\/Saint-Dominique-au-pied-de-la-croix-225x300.jpg\" alt=\"\" width=\"225\" height=\"300\" srcset=\"https:\/\/mj-lagrange.org\/wp-content\/uploads\/2021\/05\/Saint-Dominique-au-pied-de-la-croix-225x300.jpg 225w, https:\/\/mj-lagrange.org\/wp-content\/uploads\/2021\/05\/Saint-Dominique-au-pied-de-la-croix-730x973.jpg 730w, https:\/\/mj-lagrange.org\/wp-content\/uploads\/2021\/05\/Saint-Dominique-au-pied-de-la-croix.jpg 768w\" sizes=\"auto, (max-width: 225px) 100vw, 225px\" \/><\/a>Le Portement de la croix<\/strong><\/span><br \/>\n<span style=\"color: #993300;\"><strong><em>\u00ab\u00a0Les soldats requi\u00e8rent pour porter la croix de J\u00e9sus, Simon de Cyr\u00e8ne, le p\u00e8re d\u2019Alexandre et de Rufus\u00a0; qui passait par l\u00e0, en revenant des champs\u00a0\u00bb (Mc\u00a016,21).<\/em><\/strong><\/span><\/p>\n<p>Simon de Cyr\u00e8ne rentrait du travail, fatigu\u00e9. Il n\u2019\u00e9tait pas tout jeune. L\u2019\u00c9vangile cite ses deux fils connus. Au contact du corps douloureux de J\u00e9sus, la corv\u00e9e s\u2019est transform\u00e9e en torrent de gr\u00e2ce.<br \/>\n<em>Seigneur J\u00e9sus, puissions-nous accepter de rendre service alors que nous sommes d\u00e9j\u00e0 fatigu\u00e9s\u00a0; ce faisant nous toucherons aussi ton divin corps, car ce que nous faisons aux malades c\u2019est \u00e0 toi que nous le faisons (cf. Mt 25, 43).<\/em><\/p>\n<p><span style=\"color: #993300;\"><strong>La mort de J\u00e9sus<\/strong><\/span><br \/>\n<span style=\"color: #993300;\"><strong><em>Sur la croix, J\u00e9sus s\u2019est exclam\u00e9\u00a0: \u00ab\u00a0Tout est accompli\u00a0\u00bb (Jn 19, 30).<\/em><\/strong><\/span><\/p>\n<p>Sans la foi en Dieu, la mort appara\u00eet comme une d\u00e9gringolade finale, tragique et absurde.<br \/>\nPour J\u00e9sus, la mort repr\u00e9sente un sommet de gloire, car don absolu de lui-m\u00eame dans l\u2019amour pour le salut des hommes.<br \/>\nPour les disciples de J\u00e9sus, la mort est aussi accomplissement, car acte de foi total.<br \/>\n<em>Nous te prions pour les d\u00e9funts, et en particulier pour ceux qui sont morts aujourd\u2019hui.<\/em><\/p>\n<p>&nbsp;<\/p>\n<p><span style=\"color: #993300;\"><strong>MYST\u00c8RES GLORIEUX<\/strong><\/span><br \/>\n<span style=\"color: #993300;\"><strong>La R\u00e9surrection de J\u00e9sus<\/strong><\/span><br \/>\n<span style=\"color: #993300;\"><strong><em>\u00ab\u00a0Je suis avec vous pour toujours\u00a0\u00bb (Mt 28,20), a d\u00e9clar\u00e9 J\u00e9sus, ressuscit\u00e9, \u00e0 ses onze disciples.<\/em><\/strong><\/span><br \/>\n<em>Dans la vie et dans la mort, dans la maladie et les \u00e9preuves, J\u00e9sus est avec nous et il ne nous laisse pas sans sa gr\u00e2ce.<\/em><\/p>\n<p><span style=\"color: #993300;\"><strong>L\u2019Ascension de J\u00e9sus<\/strong><\/span><br \/>\n<span style=\"color: #993300;\"><strong><em>\u00c0<\/em><\/strong><strong><em> B\u00e9thanie, J\u00e9sus ressuscit\u00e9 b\u00e9nit les ap\u00f4tres avant de monter vers son P\u00e8re (cf. Lc 24,50).<\/em><\/strong><\/span><br \/>\n<em>Seigneur J\u00e9sus, b\u00e9nis-nous\u00a0!<\/em><\/p>\n<p><span style=\"color: #993300;\"><strong>La Pentec\u00f4te<\/strong><\/span><br \/>\n<span style=\"color: #993300;\"><em><strong>\u00ab\u00a0Dans la chambre haute de J\u00e9rusalem, les ap\u00f4tres et Marie, m\u00e8re de J\u00e9sus, priaient tous d\u2019un m\u00eame c\u0153ur\u00a0\u00bb (cf. Ac 1, 14).<\/strong><\/em><\/span><br \/>\n<em>Viens, Esprit Saint, rassemble-nous dans la ferveur de la pri\u00e8re et la communion de la foi en J\u00e9sus.<\/em><\/p>\n<p><span style=\"color: #993300;\"><strong>L\u2019Assomption de la Vierge Marie au Ciel et son Couronnement comme Reine de la cr\u00e9ation.<\/strong><\/span><br \/>\n<em>\u00c0<\/em><em> l\u2019exemple de la reine Esther qui interc\u00e9dait aupr\u00e8s du roi pour son peuple juif menac\u00e9 de mort, la Vierge Marie glorifi\u00e9e dans son corps et dans son \u00e2me interc\u00e8de pour nous aupr\u00e8s de son Fils J\u00e9sus, roi de l\u2019univers.<\/em><\/p>\n<p><span style=\"color: #993300;\"><strong>Le Jugement dernier<\/strong><\/span><br \/>\n<em>Puissions-nous entendre au jour de notre mort comme le serviteur de la parabole des talents qui avait fait fructifier les dons re\u00e7us\u00a0: \u00ab\u00a0C\u2019est bien, serviteur bon et fid\u00e8le, en peu de choses tu as \u00e9t\u00e9 fid\u00e8le, entre dans la joie de ton Seigneur.\u00a0\u00bb (Mt 25,21).<\/em><\/p>\n<p>Illustration : Le Saint Rosaire. Comment prier le chapelet :<a href=\"http:\/\/www.vatican.va\/special\/rosary\/documents\/misteri_fr.html\"> http:\/\/www.vatican.va\/special\/rosary\/documents\/misteri_fr.html<\/a><\/p>\n<p>&nbsp;<\/p>\n","protected":false},"excerpt":{"rendered":"<p>10 mai 2021 En ce mois de mai 2021, \u00e0 la demande du pape Fran\u00e7ois, nous prions le rosaire pour la sant\u00e9 de l\u2019humanit\u00e9, pour les malades et le corps m\u00e9dical \u00e0 leur service. Comment prier le chapelet : http:\/\/www.vatican.va\/special\/rosary\/documents\/misteri_fr.html MYST\u00c8RES JOYEUX L\u2019Annonciation \u00ab\u00a0Le Verbe s\u2019est fait chair et il a habit\u00e9 parmi nous\u00a0\u00bb (Jn &#8230;<\/p>\n<p><a href=\"https:\/\/www.mj-lagrange.org\/?p=14276\" class=\"more-link\">Continue reading &lsquo;Les vingt myst\u00e8res du Rosaire pour \u00eatre d\u00e9livr\u00e9s de la pand\u00e9mie par Manuel Rivero o.p.&rsquo; &raquo;<\/a><\/p>\n","protected":false},"author":2,"featured_media":0,"comment_status":"closed","ping_status":"closed","sticky":false,"template":"","format":"standard","meta":{"footnotes":""},"categories":[25],"tags":[],"class_list":["post-14276","post","type-post","status-publish","format-standard","hentry","category-la-priere-du-rosaire"],"_links":{"self":[{"href":"https:\/\/www.mj-lagrange.org\/index.php?rest_route=\/wp\/v2\/posts\/14276","targetHints":{"allow":["GET"]}}],"collection":[{"href":"https:\/\/www.mj-lagrange.org\/index.php?rest_route=\/wp\/v2\/posts"}],"about":[{"href":"https:\/\/www.mj-lagrange.org\/index.php?rest_route=\/wp\/v2\/types\/post"}],"author":[{"embeddable":true,"href":"https:\/\/www.mj-lagrange.org\/index.php?rest_route=\/wp\/v2\/users\/2"}],"replies":[{"embeddable":true,"href":"https:\/\/www.mj-lagrange.org\/index.php?rest_route=%2Fwp%2Fv2%2Fcomments&post=14276"}],"version-history":[{"count":4,"href":"https:\/\/www.mj-lagrange.org\/index.php?rest_route=\/wp\/v2\/posts\/14276\/revisions"}],"predecessor-version":[{"id":14283,"href":"https:\/\/www.mj-lagrange.org\/index.php?rest_route=\/wp\/v2\/posts\/14276\/revisions\/14283"}],"wp:attachment":[{"href":"https:\/\/www.mj-lagrange.org\/index.php?rest_route=%2Fwp%2Fv2%2Fmedia&parent=14276"}],"wp:term":[{"taxonomy":"category","embeddable":true,"href":"https:\/\/www.mj-lagrange.org\/index.php?rest_route=%2Fwp%2Fv2%2Fcategories&post=14276"},{"taxonomy":"post_tag","embeddable":true,"href":"https:\/\/www.mj-lagrange.org\/index.php?rest_route=%2Fwp%2Fv2%2Ftags&post=14276"}],"curies":[{"name":"wp","href":"https:\/\/api.w.org\/{rel}","templated":true}]}}