{"id":14558,"date":"2021-10-19T12:32:06","date_gmt":"2021-10-19T10:32:06","guid":{"rendered":"https:\/\/www.mj-lagrange.org\/?p=14558"},"modified":"2021-10-26T17:18:49","modified_gmt":"2021-10-26T15:18:49","slug":"parue-sur-zenit-saint-joseph-ouvrier-antidote-d-un-catholicisme-zombie-par-fr-manuel-rivero-o-p","status":"publish","type":"post","link":"https:\/\/www.mj-lagrange.org\/?p=14558","title":{"rendered":"Paru sur Zenit : Saint Joseph ouvrier, antidote d&rsquo; \u00ab\u00a0un catholicisme zombie\u00a0\u00bb par fr. Manuel Rivero o.p."},"content":{"rendered":"<div class=\"fcbkbttn_buttons_block\" id=\"fcbkbttn_left\"><div class=\"fcbkbttn_button\">\n\t\t\t\t\t<a href=\"https:\/\/www.facebook.com\/\" target=\"_blank\">\n\t\t\t\t\t\t<img decoding=\"async\" src=\"https:\/\/mj-lagrange.org\/wp-content\/plugins\/facebook-button-plugin\/images\/standard-facebook-ico.png\" alt=\"Fb-Button\" \/>\n\t\t\t\t\t<\/a>\n\t\t\t\t<\/div><div class=\"fcbkbttn_like \"><fb:like href=\"https:\/\/www.mj-lagrange.org\/?p=14558\" action=\"like\" colorscheme=\"light\" layout=\"standard\"  width=\"225px\" size=\"small\"><\/fb:like><\/div><\/div><p>27 avril 2021<\/p>\n<p><strong>Cause des Saints<\/strong><\/p>\n<p><strong>Saint Joseph ouvrier, antidote d\u2019 \u00ab\u00a0un catholicisme zombie\u00a0\u00bb <\/strong><br \/>\n<em>Fr. Manuel Rivero O.P.<\/em><a name=\"_ftnref1\"><\/a><a href=\"https:\/\/zimbra.free.fr\/zimbra\/h\/search?su=1&amp;si=3&amp;so=0&amp;sc=9023&amp;sq=rivero&amp;st=conversation&amp;action=rowView&amp;cid=-627620#_ftn1\"><em>[1]<\/em><\/a><\/p>\n<p><a href=\"https:\/\/mj-lagrange.org\/wp-content\/uploads\/2021\/10\/Saint-Joseph-et-lEnfant-Jesus.jpg\"><img loading=\"lazy\" decoding=\"async\" class=\"alignleft size-medium wp-image-14559\" src=\"https:\/\/mj-lagrange.org\/wp-content\/uploads\/2021\/10\/Saint-Joseph-et-lEnfant-Jesus-300x169.jpg\" alt=\"\" width=\"300\" height=\"169\" srcset=\"https:\/\/mj-lagrange.org\/wp-content\/uploads\/2021\/10\/Saint-Joseph-et-lEnfant-Jesus-300x169.jpg 300w, https:\/\/mj-lagrange.org\/wp-content\/uploads\/2021\/10\/Saint-Joseph-et-lEnfant-Jesus-768x432.jpg 768w, https:\/\/mj-lagrange.org\/wp-content\/uploads\/2021\/10\/Saint-Joseph-et-lEnfant-Jesus-730x411.jpg 730w, https:\/\/mj-lagrange.org\/wp-content\/uploads\/2021\/10\/Saint-Joseph-et-lEnfant-Jesus.jpg 1024w\" sizes=\"auto, (max-width: 300px) 100vw, 300px\" \/><\/a>\u00ab\u00a0Saint Joseph a accept\u00e9 de changer son projet de vie pour faire la volont\u00e9 de Dieu\u00a0\u00bb<\/p>\n<p>Le 1<sup>er<\/sup>\u00a0mai, saint Joseph, le p\u00e8re adoptif de J\u00e9sus, est c\u00e9l\u00e9br\u00e9 dans sa facette de professionnel responsable et comp\u00e9tent, au service de sa famille et du bien commun.<\/p>\n<p>L\u2019\u00c9vangile l\u2019appelle homme\u00a0\u00ab\u00a0juste\u00a0\u00bb<a name=\"_ftnref2\"><\/a><a href=\"https:\/\/zimbra.free.fr\/zimbra\/h\/search?su=1&amp;si=3&amp;so=0&amp;sc=9023&amp;sq=rivero&amp;st=conversation&amp;action=rowView&amp;cid=-627620#_ftn2\">[2]<\/a>, c\u2019est-\u00e0-dire un homme juif qui connaissait la Loi de Mo\u00efse et qui la mettait en pratique. En unissant la foi et la science, la pri\u00e8re et le travail, saint Joseph a go\u00fbt\u00e9 l\u2019union \u00e0 Dieu en partageant les exp\u00e9riences heureuses et douloureuses d\u2019Isra\u00ebl. Chaque samedi, il se rendait \u00e0 la synagogue de Nazareth pour c\u00e9l\u00e9brer la Loi proclam\u00e9e en h\u00e9breu et comment\u00e9e en langue aram\u00e9enne, sa langue maternelle. Combien de fois, J\u00e9sus, adolescent, l\u2019a \u00e9cout\u00e9 avec un c\u0153ur br\u00fblant.<\/p>\n<p><em><strong>Sanctifier la famille<\/strong><\/em><\/p>\n<p>Homme d\u2019action, saint Joseph accomplit la volont\u00e9 de Dieu. Silencieux, il m\u00e9dite dans la lumi\u00e8re de la foi les paroles de l\u2019Ange du Seigneur qui l\u2019exhorte \u00e0 assumer sa responsabilit\u00e9 d\u2019\u00e9poux et de p\u00e8re adoptif de l\u2019enfant que Marie porte en son sein par l\u2019action de l\u2019Esprit Saint. Homme fort, orient\u00e9 vers l\u2019avenir, il change son projet initial en r\u00e9ponse \u00e0 la r\u00e9v\u00e9lation de l\u2019Ange. La mission que Dieu lui confie d\u00e9passe celle des proph\u00e8tes et des chefs de son Peuple. Il doit accompagner, prot\u00e9ger et \u00e9duquer J\u00e9sus \u00ab\u00a0qui sauvera son peuple de ses p\u00e9ch\u00e9s\u00a0\u00bb (Mt 1,21).<\/p>\n<p>Avec son \u00e9pouse, Marie, Joseph s\u2019engage dans le service du salut de l\u2019humanit\u00e9 par l\u2019Incarnation du Verbe. Gardien du myst\u00e8re de la maternit\u00e9 divine de Marie, partageant la m\u00eame foi, Joseph fait preuve d\u2019amour, de prudence et d\u2019endurance.<\/p>\n<p>En cette \u00ab\u00a0Ann\u00e9e de la famille\u00a0\u00bb, commenc\u00e9e le 19 mars en la f\u00eate de saint Joseph, le p\u00e8re adoptif de J\u00e9sus met en lumi\u00e8re la grandeur de la vie ordinaire. Le concile Vatican II a soulign\u00e9 l\u2019appel universel \u00e0 la saintet\u00e9 dans l\u2019\u00c9glise<a name=\"_ftnref3\"><\/a><a href=\"https:\/\/zimbra.free.fr\/zimbra\/h\/search?su=1&amp;si=3&amp;so=0&amp;sc=9023&amp;sq=rivero&amp;st=conversation&amp;action=rowView&amp;cid=-627620#_ftn3\">[3]<\/a>. Les chr\u00e9tiens ont pour vocation la sanctification de la famille, du travail, de l\u2019\u00e9conomie et de la politique.<\/p>\n<p>La demande de la pri\u00e8re du\u00a0<em>Notre P\u00e8re<\/em>\u00a0\u00ab\u00a0que ton Nom soit sanctifi\u00e9\u00a0\u00bb correspond \u00e0 cette sanctification de toutes les dimensions de la personne et de la vie sociale. Habit\u00e9 par la gr\u00e2ce de l\u2019Esprit Saint, saint Joseph a veill\u00e9 sur son \u00e9pouse, Marie.\u00a0\u00c0\u00a0l\u2019image du grand-pr\u00eatre de l\u2019Ancien Testament qui veillait sur le Temple, saint Joseph a trouv\u00e9 Dieu en aimant Marie, \u00ab\u00a0nouvelle arche d\u2019Alliance\u00a0\u00bb<a name=\"_ftnref4\"><\/a><a href=\"https:\/\/zimbra.free.fr\/zimbra\/h\/search?su=1&amp;si=3&amp;so=0&amp;sc=9023&amp;sq=rivero&amp;st=conversation&amp;action=rowView&amp;cid=-627620#_ftn4\">[4]<\/a>, demeure de Dieu. L\u2019Arche de l\u2019Alliance contenait la manne et les tables de la Loi<a name=\"_ftnref5\"><\/a><a href=\"https:\/\/zimbra.free.fr\/zimbra\/h\/search?su=1&amp;si=3&amp;so=0&amp;sc=9023&amp;sq=rivero&amp;st=conversation&amp;action=rowView&amp;cid=-627620#_ftn5\">[5]<\/a>. Marie portait en son sein J\u00e9sus, le Verbe fait chair, Loi nouvelle d\u2019amour et Pain de Vie descendu du Ciel<a name=\"_ftnref6\"><\/a><a href=\"https:\/\/zimbra.free.fr\/zimbra\/h\/search?su=1&amp;si=3&amp;so=0&amp;sc=9023&amp;sq=rivero&amp;st=conversation&amp;action=rowView&amp;cid=-627620#_ftn6\">[6]<\/a>. Dans un beau sermon, saint Bernard (+1153) a mis en parall\u00e8le le patriarche Joseph, fils de Jacob, et Joseph, \u00e9poux de Marie. Si dans l\u2019Ancien Testament, Joseph, intendant de Pharaon, avait mis les bl\u00e9s en r\u00e9serve pour tout le peuple d\u2019\u00c9gypte et non pour lui-m\u00eame\u00a0; dans le Nouveau Testament, Joseph, p\u00e8re adoptif de J\u00e9sus\u00a0 \u00ab\u00a0re\u00e7ut le Pain vivant du ciel afin de le conserver aussi bien pour lui que pour le monde entier<a name=\"_ftnref7\"><\/a><a href=\"https:\/\/zimbra.free.fr\/zimbra\/h\/search?su=1&amp;si=3&amp;so=0&amp;sc=9023&amp;sq=rivero&amp;st=conversation&amp;action=rowView&amp;cid=-627620#_ftn7\">[7]<\/a>.\u00a0\u00bb<\/p>\n<p>Pour le p\u00e8re Marie-Joseph Lagrange (+1938), fondateur de l\u2019\u00c9cole biblique de J\u00e9rusalem, \u00abDieu\u00a0le P\u00e8re avait encore vers\u00e9 beaucoup de joie dans l\u2019\u00e2me de J\u00e9sus par l\u2019amour de sa M\u00e8re<a name=\"_ftnref8\"><\/a><a href=\"https:\/\/zimbra.free.fr\/zimbra\/h\/search?su=1&amp;si=3&amp;so=0&amp;sc=9023&amp;sq=rivero&amp;st=conversation&amp;action=rowView&amp;cid=-627620#_ftn8\">[8]<\/a>\u00a0\u00bb. Il me semble que les chr\u00e9tiens peuvent en dire la m\u00eame chose au sujet de saint Joseph. Par l\u2019amour de son p\u00e8re adoptif, l\u2019\u00e2me de J\u00e9sus a \u00e9t\u00e9 impr\u00e9gn\u00e9e de la joie de Dieu le P\u00e8re.<\/p>\n<p><em><strong>Sanctifier le travail, se sanctifier dans le travail, t\u00e9moigner par le travail<\/strong><\/em><\/p>\n<p>Artisan charpentier-ma\u00e7on, saint Joseph s\u2019est sanctifi\u00e9 dans son atelier au service des clients qui avaient besoin d\u2019une maison, d\u2019une armoire, d\u2019une table ou d\u2019une chaise. Ses journ\u00e9es comportaient des hauts et des bas, des r\u00e9ussites commerciales et des heures de soucis \u00e9conomiques pour nourrir sa famille. Il a sanctifi\u00e9 la cr\u00e9ation l\u2019impr\u00e9gnant de son intelligence, de son amour et de sa pri\u00e8re. Ceux qui le fr\u00e9quentaient dans les relations professionnelles ont \u00e9t\u00e9 attir\u00e9s vers Dieu par son t\u00e9moignage.<\/p>\n<p>Saint Josemar\u00eda Escriv\u00e1 de Balaguer\u00a0(+1975) a excell\u00e9 dans la mise en valeur de la saintet\u00e9 v\u00e9cue au travail quotidien\u00a0: \u00ab\u00a0\u00ab\u00a0Dieu vous appelle \u00e0 le servir dans et \u00e0 partir des t\u00e2ches civiles, mat\u00e9rielles, s\u00e9culi\u00e8res de la vie humaine : c\u2019est dans un laboratoire, dans la salle d\u2019op\u00e9ration d\u2019un h\u00f4pital, dans une chaire d\u2019universit\u00e9, \u00e0 l\u2019usine, \u00e0 l\u2019atelier, aux champs, dans le foyer familial et au sein de l\u2019immense panorama du travail. C\u2019est l\u00e0 que Dieu nous attend chaque jour : il y a quelque chose de divin qui se cache dans les situations les plus ordinaires et c\u2019est \u00e0 chacun d\u2019entre vous qu\u2019il appartient de le d\u00e9couvrir\u00a0\u00bb<a name=\"_ftnref9\"><\/a><a href=\"https:\/\/zimbra.free.fr\/zimbra\/h\/search?su=1&amp;si=3&amp;so=0&amp;sc=9023&amp;sq=rivero&amp;st=conversation&amp;action=rowView&amp;cid=-627620#_ftn9\">[9]<\/a>\u00a0\u00bb.<\/p>\n<p><em><strong>Le primat de la personne sur le capital<\/strong><\/em><\/p>\n<p>Le philosophe chr\u00e9tien Emmanuel Mounier (+1950) a d\u00e9velopp\u00e9 une philosophie du personnalisme communautaire avec le primat de la personne sur le capital, le primat du spirituel sur le mat\u00e9riel, \u00e0 l\u2019oppos\u00e9 de l\u2019individualisme. Il arrive souvent que la foi en Dieu soit remplac\u00e9e non pas par l\u2019ath\u00e9isme mais par l\u2019idol\u00e2trie o\u00f9 le march\u00e9 devient \u00ab\u00a0dieu\u00a0\u00bb, la finance \u00ab\u00a0une d\u00e9esse\u00a0\u00bb et le bien-\u00eatre \u00ab\u00a0un veau d\u2019or\u00a0\u00bb. La pens\u00e9e de Mounier a inspir\u00e9 l\u2019enseignement du saint Pape Jean-Paul II sur le travail dans l\u2019encyclique\u00a0<em>Laborens exercens<\/em>\u00a0du 14\u00a0septembre 1981 qui proclame le primat du travail sur le capital et de la personne sur la propri\u00e9t\u00e9 priv\u00e9e. \u00ab\u00a0Un jeune travailleur vaut plus que tout l\u2019or du monde\u00a0\u00bb, clame la Jeunesse ouvri\u00e8re chr\u00e9tienne (J.O.C.).<\/p>\n<p><em><strong>La destination universelle des biens<\/strong><\/em><\/p>\n<p>Le pape Fran\u00e7ois \u00e9voque les trois T n\u00e9cessaires pour la vie\u00a0: un toit, une terre et un travail.<\/p>\n<p>La doctrine sociale de l\u2019\u00c9glise enseigne la destination universelle des biens\u00a0: La terre est \u00e0 tous et Dieu en est le propri\u00e9taire\u00a0; les hommes n\u2019\u00e9tant que ses gestionnaires. C\u2019est pourquoi, en cas d\u2019extr\u00eame besoin, le principe de la propri\u00e9t\u00e9 priv\u00e9e de biens s\u2019efface au profit de la vie de l\u2019homme. La propri\u00e9t\u00e9 priv\u00e9e ne figure pas dans le\u00a0<em>Credo<\/em>. Elle n\u2019est pas sacr\u00e9e. En revanche, la vie de tout homme porte au plus profond d\u2019elle-m\u00eame une dignit\u00e9 et une vocation sacr\u00e9es\u00a0: \u00ab\u00a0La gloire de Dieu est l\u2019homme vivant et la vie de l\u2019homme est de voir Dieu\u00a0\u00bb, enseigne saint Ir\u00e9n\u00e9e de Lyon. C\u2019est en ce sens que le pape Fran\u00e7ois plaide pour un revenu universel qui garantisse \u00e0 chacun sa dignit\u00e9 humaine sans d\u00e9choir dans la mis\u00e8re<a name=\"_ftnref10\"><\/a><a href=\"https:\/\/zimbra.free.fr\/zimbra\/h\/search?su=1&amp;si=3&amp;so=0&amp;sc=9023&amp;sq=rivero&amp;st=conversation&amp;action=rowView&amp;cid=-627620#_ftn10\">[10]<\/a>.<\/p>\n<p>La foi vivante de saint Joseph repr\u00e9sente un antidote contre \u00ab\u00a0un catholicisme\u00a0zombie<a name=\"_ftnref11\"><\/a><a href=\"https:\/\/zimbra.free.fr\/zimbra\/h\/search?su=1&amp;si=3&amp;so=0&amp;sc=9023&amp;sq=rivero&amp;st=conversation&amp;action=rowView&amp;cid=-627620#_ftn11\">[11]<\/a>\u00a0\u00bb qui n\u2019aurait qu\u2019une influence indirecte et vague sur les r\u00e9alit\u00e9s familiales, \u00e9conomiques et politiques.<\/p>\n<p>L\u2019exemple de saint Joseph invite \u00e0 commencer par la conversion personnelle avant de vouloir changer le monde, car la tentation est grande pour chacun d\u2019aspirer \u00e0 transformer la soci\u00e9t\u00e9 mais sans vouloir se mettre en cause.<\/p>\n<p>Saint Joseph a accept\u00e9 de changer son projet de vie pour faire la volont\u00e9 de Dieu. Il l\u2019a fait avec r\u00e9alisme, de mani\u00e8re int\u00e9grale, spirituelle et mat\u00e9rielle. Son travail et la transmission de son savoir-faire font partie du Salut de l\u2019humanit\u00e9 par J\u00e9sus le Christ, ouvrier lui-m\u00eame.<\/p>\n<p>Saint-Denis (La R\u00e9union), le 27 avril 2021.<\/p>\n<p><strong>NOTE<\/strong><\/p>\n<p><a name=\"_ftn1\"><\/a><a href=\"https:\/\/zimbra.free.fr\/zimbra\/h\/search?su=1&amp;si=3&amp;so=0&amp;sc=9023&amp;sq=rivero&amp;st=conversation&amp;action=rowView&amp;cid=-627620#_ftnref1\">[1]<\/a>\u00a0Doyen de la Facult\u00e9 des sciences sociales \u00e0\u00a0<em>DOMUNI Universitas\u00a0<\/em>(<a href=\"https:\/\/www.domuni.eu\/fr\/\">https:\/\/www.domuni.eu\/fr\/<\/a>).<\/p>\n<p><a name=\"_ftn2\"><\/a><a href=\"https:\/\/zimbra.free.fr\/zimbra\/h\/search?su=1&amp;si=3&amp;so=0&amp;sc=9023&amp;sq=rivero&amp;st=conversation&amp;action=rowView&amp;cid=-627620#_ftnref2\">[2]<\/a>\u00a0<em>\u00c9vangile selon saint Matthieu<\/em>\u00a01, 19.<\/p>\n<p><a name=\"_ftn3\"><\/a><a href=\"https:\/\/zimbra.free.fr\/zimbra\/h\/search?su=1&amp;si=3&amp;so=0&amp;sc=9023&amp;sq=rivero&amp;st=conversation&amp;action=rowView&amp;cid=-627620#_ftnref3\">[3]<\/a>\u00a0Voir\u00a0<em>Lumen gentium<\/em>\u00a0chapitre V.<\/p>\n<p><a name=\"_ftn4\"><\/a><a href=\"https:\/\/zimbra.free.fr\/zimbra\/h\/search?su=1&amp;si=3&amp;so=0&amp;sc=9023&amp;sq=rivero&amp;st=conversation&amp;action=rowView&amp;cid=-627620#_ftnref4\">[4]<\/a>\u00a0Voir\u00a0<em>Litanies de Lorette<\/em>.<\/p>\n<p><a name=\"_ftn5\"><\/a><a href=\"https:\/\/zimbra.free.fr\/zimbra\/h\/search?su=1&amp;si=3&amp;so=0&amp;sc=9023&amp;sq=rivero&amp;st=conversation&amp;action=rowView&amp;cid=-627620#_ftnref5\">[5]<\/a>\u00a0Voir\u00a0<em>\u00c9p\u00eetre aux H\u00e9breux<\/em>\u00a09, 1-5.<\/p>\n<p><a name=\"_ftn6\"><\/a><a href=\"https:\/\/zimbra.free.fr\/zimbra\/h\/search?su=1&amp;si=3&amp;so=0&amp;sc=9023&amp;sq=rivero&amp;st=conversation&amp;action=rowView&amp;cid=-627620#_ftnref6\">[6]<\/a>\u00a0Voir \u00c9vangile selon saint Jean 6, 33-35.<\/p>\n<p><a name=\"_ftn7\"><\/a><a href=\"https:\/\/zimbra.free.fr\/zimbra\/h\/search?su=1&amp;si=3&amp;so=0&amp;sc=9023&amp;sq=rivero&amp;st=conversation&amp;action=rowView&amp;cid=-627620#_ftnref7\">[7]<\/a>\u00a0Saint Bernard,\u00a0<em>Hom\u00e9lie sur le \u00ab\u00a0Missus est\u00a0\u00bb,<\/em>\u00a02, 16, PL 183, col. 55. Voir Jean-Ren\u00e9 Bouchet,\u00a0<em>Lectionnaire pour les dimanches et pour les f\u00eates<\/em>, Lectionnaire patristique dominicain, Paris, Les \u00e9ditions du Cerf, 1994, p. 403, pour la f\u00eate de saint Joseph, le 19 mars.<\/p>\n<p><a name=\"_ftn8\"><\/a><a href=\"https:\/\/zimbra.free.fr\/zimbra\/h\/search?su=1&amp;si=3&amp;so=0&amp;sc=9023&amp;sq=rivero&amp;st=conversation&amp;action=rowView&amp;cid=-627620#_ftnref8\">[8]<\/a>\u00a0<em>L\u2019\u00c9vangile de J\u00e9sus-Christ<\/em>, par le P. Marie-Joseph Lagrange, O.P., avec la synopse \u00e9vang\u00e9lique\u00a0traduite par le p\u00e8re Ceslas Lavergne, O.P. Pr\u00e9face de Jean-Michel Poffet, O.P. et pr\u00e9sentation de Manuel Rivero, O.P., Paris, Art\u00e8ge-Lethielleux, 2017. P. 609.<\/p>\n<p><a name=\"_ftn9\"><\/a><a href=\"https:\/\/zimbra.free.fr\/zimbra\/h\/search?su=1&amp;si=3&amp;so=0&amp;sc=9023&amp;sq=rivero&amp;st=conversation&amp;action=rowView&amp;cid=-627620#_ftnref9\">[9]<\/a>\u00a0Entretiens, point 114.<\/p>\n<p><a name=\"_ftn10\"><\/a><a href=\"https:\/\/zimbra.free.fr\/zimbra\/h\/search?su=1&amp;si=3&amp;so=0&amp;sc=9023&amp;sq=rivero&amp;st=conversation&amp;action=rowView&amp;cid=-627620#_ftnref10\">[10]<\/a>\u00a0Cf. Pape Fran\u00e7ois,\u00a0<em>Un temps pour changer<\/em>. Conversations avec Austen Ivereigh, Paris. \u00c9ditions de Noyelles, 2020, p.195.<\/p>\n<p><a name=\"_ftn11\"><\/a><a href=\"https:\/\/zimbra.free.fr\/zimbra\/h\/search?su=1&amp;si=3&amp;so=0&amp;sc=9023&amp;sq=rivero&amp;st=conversation&amp;action=rowView&amp;cid=-627620#_ftnref11\">[11]<\/a>\u00a0Voir l\u2019\u00e9tude d\u2019<a href=\"https:\/\/fr.wikipedia.org\/wiki\/Herv%C3%A9_Le_Bras\">Herv\u00e9 Le Bras<\/a>\u00a0et\u00a0d\u2019<a href=\"https:\/\/fr.wikipedia.org\/wiki\/Emmanuel_Todd\">Emmanuel Todd<\/a>\u00a0dans\u00a0<a href=\"https:\/\/fr.wikipedia.org\/w\/index.php?title=Le_Myst%C3%A8re_fran%C3%A7ais&amp;action=edit&amp;redlink=1\"><em>Le Myst\u00e8re fran\u00e7ais<\/em><\/a>\u00a0(2013) qui \u00e9voquent un \u00ab\u00a0catholicisme zombie\u00a0\u00bb\u00a0qui continuerait de marquer les relations sociales \u00e0 l\u2019image des zombies qui ont cess\u00e9 d\u2019exister.<\/p>\n<p>Illustration\u00a0: Saint Joseph <em>\u00a9 Vatican Media<\/em><\/p>\n<p>Paru sur <a href=\"http:\/\/fr.zenit.org\/\">fr.zenit.org<\/a><br \/>\nLe 1er mai 2021<\/p>\n","protected":false},"excerpt":{"rendered":"<p>27 avril 2021 Cause des Saints Saint Joseph ouvrier, antidote d\u2019 \u00ab\u00a0un catholicisme zombie\u00a0\u00bb Fr. Manuel Rivero O.P.[1] \u00ab\u00a0Saint Joseph a accept\u00e9 de changer son projet de vie pour faire la volont\u00e9 de Dieu\u00a0\u00bb Le 1er\u00a0mai, saint Joseph, le p\u00e8re adoptif de J\u00e9sus, est c\u00e9l\u00e9br\u00e9 dans sa facette de professionnel responsable et comp\u00e9tent, au service &#8230;<\/p>\n<p><a href=\"https:\/\/www.mj-lagrange.org\/?p=14558\" class=\"more-link\">Continue reading &lsquo;Paru sur Zenit : Saint Joseph ouvrier, antidote d&rsquo; \u00ab\u00a0un catholicisme zombie\u00a0\u00bb par fr. Manuel Rivero o.p.&rsquo; &raquo;<\/a><\/p>\n","protected":false},"author":2,"featured_media":0,"comment_status":"closed","ping_status":"closed","sticky":false,"template":"","format":"standard","meta":{"footnotes":""},"categories":[153],"tags":[],"class_list":["post-14558","post","type-post","status-publish","format-standard","hentry","category-le-pere-lagrange-sur-zenit-le-monde-vu-de-rome"],"_links":{"self":[{"href":"https:\/\/www.mj-lagrange.org\/index.php?rest_route=\/wp\/v2\/posts\/14558","targetHints":{"allow":["GET"]}}],"collection":[{"href":"https:\/\/www.mj-lagrange.org\/index.php?rest_route=\/wp\/v2\/posts"}],"about":[{"href":"https:\/\/www.mj-lagrange.org\/index.php?rest_route=\/wp\/v2\/types\/post"}],"author":[{"embeddable":true,"href":"https:\/\/www.mj-lagrange.org\/index.php?rest_route=\/wp\/v2\/users\/2"}],"replies":[{"embeddable":true,"href":"https:\/\/www.mj-lagrange.org\/index.php?rest_route=%2Fwp%2Fv2%2Fcomments&post=14558"}],"version-history":[{"count":2,"href":"https:\/\/www.mj-lagrange.org\/index.php?rest_route=\/wp\/v2\/posts\/14558\/revisions"}],"predecessor-version":[{"id":14582,"href":"https:\/\/www.mj-lagrange.org\/index.php?rest_route=\/wp\/v2\/posts\/14558\/revisions\/14582"}],"wp:attachment":[{"href":"https:\/\/www.mj-lagrange.org\/index.php?rest_route=%2Fwp%2Fv2%2Fmedia&parent=14558"}],"wp:term":[{"taxonomy":"category","embeddable":true,"href":"https:\/\/www.mj-lagrange.org\/index.php?rest_route=%2Fwp%2Fv2%2Fcategories&post=14558"},{"taxonomy":"post_tag","embeddable":true,"href":"https:\/\/www.mj-lagrange.org\/index.php?rest_route=%2Fwp%2Fv2%2Ftags&post=14558"}],"curies":[{"name":"wp","href":"https:\/\/api.w.org\/{rel}","templated":true}]}}