{"id":14563,"date":"2021-10-19T14:05:35","date_gmt":"2021-10-19T12:05:35","guid":{"rendered":"https:\/\/www.mj-lagrange.org\/?p=14563"},"modified":"2021-10-19T14:05:35","modified_gmt":"2021-10-19T12:05:35","slug":"paru-sur-zenit-les-enjeux-du-dimanche-de-la-parole-de-dieu-institue-par-le-pape-francois-par-fr-manuel-rivero-o-p","status":"publish","type":"post","link":"https:\/\/www.mj-lagrange.org\/?p=14563","title":{"rendered":"Paru sur Zenit : Les enjeux du \u00ab\u00a0Dimanche de la Parole de Dieu\u00a0\u00bb institu\u00e9 par le pape Fran\u00e7ois par fr. Manuel Rivero o.p."},"content":{"rendered":"<div class=\"fcbkbttn_buttons_block\" id=\"fcbkbttn_left\"><div class=\"fcbkbttn_button\">\n\t\t\t\t\t<a href=\"https:\/\/www.facebook.com\/\" target=\"_blank\">\n\t\t\t\t\t\t<img decoding=\"async\" src=\"https:\/\/mj-lagrange.org\/wp-content\/plugins\/facebook-button-plugin\/images\/standard-facebook-ico.png\" alt=\"Fb-Button\" \/>\n\t\t\t\t\t<\/a>\n\t\t\t\t<\/div><div class=\"fcbkbttn_like \"><fb:like href=\"https:\/\/www.mj-lagrange.org\/?p=14563\" action=\"like\" colorscheme=\"light\" layout=\"standard\"  width=\"225px\" size=\"small\"><\/fb:like><\/div><\/div><h2><strong>Les enjeux du \u00abDimanche de la Parole de Dieu\u00bb institu\u00e9 par le pape Fran\u00e7ois<\/strong><\/h2>\n<p><strong>Pour des \u00abc\u0153urs br\u00fblants\u00bb<\/strong><\/p>\n<p><strong>OCTOBRE 10, 2019 13:39<\/strong><a href=\"https:\/\/fr.zenit.org\/articles\/author\/fr-manuel-rivero\/\"><strong>FR. MANUEL RIVERO O.P.<\/strong><\/a><\/p>\n<p><a href=\"https:\/\/fr.zenit.org\/articles\/category\/spiritualite-priere\/\"><strong>SPIRITUALIT\u00c9, PRI\u00c8RE<\/strong><\/a><strong>,\u00a0<\/strong><a href=\"https:\/\/fr.zenit.org\/articles\/category\/theologie\/\"><strong>TH\u00c9OLOGIE<\/strong><\/a><\/p>\n<p><strong>Fr. Manuel Rivero O.P., pr\u00e9sident de l\u2019Association des amis du p\u00e8re Lagrange O.P. \u2013 fondateur de l\u2019\u00c9cole biblique de J\u00e9rusalem -, est cur\u00e9 de la cath\u00e9drale de Saint-Denis de la R\u00e9union. Il examine les enjeux du \u00abDimanche de la Parole de Dieu\u00bb institu\u00e9 par le pape Fran\u00e7ois, pour que les baptis\u00e9s aient des \u00abc\u0153urs br\u00fblants\u00bb.<\/strong><\/p>\n<p><strong>Le pape Fran\u00e7ois vient d\u2019instituer \u00ab\u00a0le Dimanche de la Parole de Dieu<a name=\"_ftnref1\"><\/a><a href=\"https:\/\/fr.zenit.org\/articles\/les-enjeux-du-dimanche-de-la-parole-de-dieu-institue-par-le-pape-francois\/?utm_medium=email&amp;utm_campaign=10102019+-+Linstitut+financier+du+Vatican+en+bonne+sant+1570731402+ZNP&amp;utm_content=10102019+-+Linstitut+financier+du+Vatican+en+bonne+sant+1570731402+ZNP+CID_4963b649d20fb72f266ad834f551acdf&amp;utm_source=Editions&amp;utm_term=Les+enjeux+du+Dimanche+de+la+Parole+de+Dieu+institu+par+le+pape+Franois&amp;fbclid=IwAR1IhhIsGEg4lci_PAJEXMxQ7ZcPwP60uC0Q9bVt4KK_C15kwlTodnlZ3kc#_ftn1\">[1]<\/a>\u00a0\u00bb qui aura lieu le 3<sup>e<\/sup>\u00a0dimanche du Temps ordinaire, en 2020, ce sera le 26 janvier. Il a choisi la m\u00e9moire liturgique de saint J\u00e9r\u00f4me (350-419), traducteur et commentateur de la Bible, pour mettre en lumi\u00e8re la Parole de Dieu r\u00e9v\u00e9l\u00e9e aux hommes\u00a0: \u00ab\u00a0Ignorer les \u00c9critures, c\u2019est ignorer le Christ\u00a0\u00bb, enseignait-il.<\/strong><\/p>\n<p><strong><u>Origine surnaturelle des Saintes \u00c9critures<\/u><\/strong><\/p>\n<p><strong>Jean Guitton (\u20201999)<a name=\"_ftnref2\"><\/a><\/strong><a href=\"https:\/\/fr.zenit.org\/articles\/les-enjeux-du-dimanche-de-la-parole-de-dieu-institue-par-le-pape-francois\/?utm_medium=email&amp;utm_campaign=10102019+-+Linstitut+financier+du+Vatican+en+bonne+sant+1570731402+ZNP&amp;utm_content=10102019+-+Linstitut+financier+du+Vatican+en+bonne+sant+1570731402+ZNP+CID_4963b649d20fb72f266ad834f551acdf&amp;utm_source=Editions&amp;utm_term=Les+enjeux+du+Dimanche+de+la+Parole+de+Dieu+institu+par+le+pape+Franois&amp;fbclid=IwAR1IhhIsGEg4lci_PAJEXMxQ7ZcPwP60uC0Q9bVt4KK_C15kwlTodnlZ3kc#_ftn2\"><strong>[2]<\/strong><\/a><strong>, philosophe, membre de l\u2019Acad\u00e9mie fran\u00e7aise, invit\u00e9 par le saint pape Paul VI au concile Vatican II, me disait lors d\u2019un entretien \u00e0 Paris sur le p\u00e8re Lagrange\u00a0: \u00ab\u00a0Nos contemporains ne croient pas en la dimension surnaturelle de la Bible\u00a0; c\u2019est pourquoi il convient de mettre sur les autels le p\u00e8re Marie-Joseph Lagrange, le fondateur de l\u2019\u00c9cole biblique de J\u00e9rusalem, pour relier la foi et la science.\u00a0\u00bb Disciple du p\u00e8re Lagrange \u00e0 J\u00e9rusalem, Jean Guitton v\u00e9n\u00e9rait la figure de ce ma\u00eetre en ex\u00e9g\u00e8se.<\/strong><\/p>\n<p><strong>Le cardinal Carlo Maria Martini (\u20202012), ex\u00e9g\u00e8te et grand ap\u00f4tre de la\u00a0<em>lectio divina<\/em>, souhaitait aussi la b\u00e9atification du p\u00e8re Lagrange, dont \u00ab\u00a0la pri\u00e8re \u00e9tait feu\u00a0\u00bb, de mani\u00e8re \u00e0 relier le renouveau de l\u2019ex\u00e9g\u00e8se catholique au XIX<sup>e<\/sup>\u00a0si\u00e8cle avec la saintet\u00e9<a name=\"_ftnref3\"><\/a><\/strong><a href=\"https:\/\/fr.zenit.org\/articles\/les-enjeux-du-dimanche-de-la-parole-de-dieu-institue-par-le-pape-francois\/?utm_medium=email&amp;utm_campaign=10102019+-+Linstitut+financier+du+Vatican+en+bonne+sant+1570731402+ZNP&amp;utm_content=10102019+-+Linstitut+financier+du+Vatican+en+bonne+sant+1570731402+ZNP+CID_4963b649d20fb72f266ad834f551acdf&amp;utm_source=Editions&amp;utm_term=Les+enjeux+du+Dimanche+de+la+Parole+de+Dieu+institu+par+le+pape+Franois&amp;fbclid=IwAR1IhhIsGEg4lci_PAJEXMxQ7ZcPwP60uC0Q9bVt4KK_C15kwlTodnlZ3kc#_ftn3\"><strong>[3]<\/strong><\/a><strong>.<\/strong><\/p>\n<p><strong>Le pape cite l\u2019\u00c9vangile de saint Luc<\/strong><a href=\"https:\/\/fr.zenit.org\/articles\/les-enjeux-du-dimanche-de-la-parole-de-dieu-institue-par-le-pape-francois\/?utm_medium=email&amp;utm_campaign=10102019+-+Linstitut+financier+du+Vatican+en+bonne+sant+1570731402+ZNP&amp;utm_content=10102019+-+Linstitut+financier+du+Vatican+en+bonne+sant+1570731402+ZNP+CID_4963b649d20fb72f266ad834f551acdf&amp;utm_source=Editions&amp;utm_term=Les+enjeux+du+Dimanche+de+la+Parole+de+Dieu+institu+par+le+pape+Franois&amp;fbclid=IwAR1IhhIsGEg4lci_PAJEXMxQ7ZcPwP60uC0Q9bVt4KK_C15kwlTodnlZ3kc#_ftn1\"><strong>[1]<\/strong><\/a><strong>\u00a0pour montrer que les disciples ont eu besoin de J\u00e9sus pour leur ouvrir l\u2019esprit \u00e0 l\u2019intelligence des \u00c9critures. J\u00e9sus qui avait ouvert les oreilles des sourds et les yeux des aveugles ouvre l\u2019esprit ferm\u00e9 des disciples afin qu\u2019ils re\u00e7oivent la lumi\u00e8re de la R\u00e9v\u00e9lation divine transmise par les Saintes \u00c9critures. Il s\u2019agit d\u2019un miracle encore plus grand que les gu\u00e9risons physiques. La pr\u00e9sence de J\u00e9sus ressuscit\u00e9 ne suffit pas. Les disciples d\u00e9concert\u00e9s et apeur\u00e9s apr\u00e8s le Vendredi saint ont besoin de recevoir le sens des \u00e9v\u00e9nements par la cat\u00e9ch\u00e8se de J\u00e9sus qui a accompli les proph\u00e9ties de l\u2019Ancien Testament dans sa mort et dans sa r\u00e9surrection\u00a0: \u00ab\u00a0en son Nom le repentir en vue de la r\u00e9mission des p\u00e9ch\u00e9s serait proclam\u00e9 \u00e0 toutes les nations, \u00e0 commencer par J\u00e9rusalem<\/strong><a href=\"https:\/\/fr.zenit.org\/articles\/les-enjeux-du-dimanche-de-la-parole-de-dieu-institue-par-le-pape-francois\/?utm_medium=email&amp;utm_campaign=10102019+-+Linstitut+financier+du+Vatican+en+bonne+sant+1570731402+ZNP&amp;utm_content=10102019+-+Linstitut+financier+du+Vatican+en+bonne+sant+1570731402+ZNP+CID_4963b649d20fb72f266ad834f551acdf&amp;utm_source=Editions&amp;utm_term=Les+enjeux+du+Dimanche+de+la+Parole+de+Dieu+institu+par+le+pape+Franois&amp;fbclid=IwAR1IhhIsGEg4lci_PAJEXMxQ7ZcPwP60uC0Q9bVt4KK_C15kwlTodnlZ3kc#_ftn2\"><strong>[2]<\/strong><\/a><strong>\u00a0\u00bb.<\/strong><\/p>\n<p><strong>J\u00e9sus, ex\u00e9g\u00e8te du P\u00e8re<\/strong><\/p>\n<p><strong>J\u00e9sus, l\u2019ex\u00e9g\u00e8te du P\u00e8re, est venu expliquer le myst\u00e8re de Dieu. Le Prologue de l\u2019\u00c9vangile selon saint Jean utilise le mot grec<\/strong><a href=\"https:\/\/fr.zenit.org\/articles\/les-enjeux-du-dimanche-de-la-parole-de-dieu-institue-par-le-pape-francois\/?utm_medium=email&amp;utm_campaign=10102019+-+Linstitut+financier+du+Vatican+en+bonne+sant+1570731402+ZNP&amp;utm_content=10102019+-+Linstitut+financier+du+Vatican+en+bonne+sant+1570731402+ZNP+CID_4963b649d20fb72f266ad834f551acdf&amp;utm_source=Editions&amp;utm_term=Les+enjeux+du+Dimanche+de+la+Parole+de+Dieu+institu+par+le+pape+Franois&amp;fbclid=IwAR1IhhIsGEg4lci_PAJEXMxQ7ZcPwP60uC0Q9bVt4KK_C15kwlTodnlZ3kc#_ftn3\"><strong>[3]<\/strong><\/a><strong>\u00a0qui a donn\u00e9 en fran\u00e7ais \u00ab\u00a0ex\u00e9g\u00e8se\u00a0\u00bb pour manifester l\u2019\u0153uvre du Fils de Dieu qui par sa pr\u00e9dication \u00ab\u00a0fait voir\u00a0\u00bb et comprendre l\u2019amour du P\u00e8re que personne n\u2019a jamais vu. Les explications de J\u00e9sus s\u2019av\u00e8rent indispensables pour enraciner la Parole de Dieu dans les c\u0153urs, autrement le diable parviendrait \u00e0 arracher cette semence de vie divine rest\u00e9e \u00e0 la superficie<a name=\"_ftnref4\"><\/a><\/strong><a href=\"https:\/\/fr.zenit.org\/articles\/les-enjeux-du-dimanche-de-la-parole-de-dieu-institue-par-le-pape-francois\/?utm_medium=email&amp;utm_campaign=10102019+-+Linstitut+financier+du+Vatican+en+bonne+sant+1570731402+ZNP&amp;utm_content=10102019+-+Linstitut+financier+du+Vatican+en+bonne+sant+1570731402+ZNP+CID_4963b649d20fb72f266ad834f551acdf&amp;utm_source=Editions&amp;utm_term=Les+enjeux+du+Dimanche+de+la+Parole+de+Dieu+institu+par+le+pape+Franois&amp;fbclid=IwAR1IhhIsGEg4lci_PAJEXMxQ7ZcPwP60uC0Q9bVt4KK_C15kwlTodnlZ3kc#_ftn4\"><strong>[4]<\/strong><\/a><strong>.<\/strong><\/p>\n<p><strong>Sorti vivant du tombeau, J\u00e9sus rappelle aux disciples le sens de la croix et de la Passion. La croix devient la cl\u00e9 qui d\u00e9verrouille les myst\u00e8res ferm\u00e9s de l\u2019existence humaine frapp\u00e9e par la souffrance, l\u2019injustice, le mal et le malin. Le r\u00e9cit des disciples d\u2019Emma\u00fcs converge vers cette phrase de J\u00e9sus\u00a0: \u00ab\u00a0Ne fallait-il pas que le Christ endur\u00e2t ces souffrances pour entrer dans sa gloire\u00a0?\u00a0<a name=\"_ftnref5\"><\/a><\/strong><a href=\"https:\/\/fr.zenit.org\/articles\/les-enjeux-du-dimanche-de-la-parole-de-dieu-institue-par-le-pape-francois\/?utm_medium=email&amp;utm_campaign=10102019+-+Linstitut+financier+du+Vatican+en+bonne+sant+1570731402+ZNP&amp;utm_content=10102019+-+Linstitut+financier+du+Vatican+en+bonne+sant+1570731402+ZNP+CID_4963b649d20fb72f266ad834f551acdf&amp;utm_source=Editions&amp;utm_term=Les+enjeux+du+Dimanche+de+la+Parole+de+Dieu+institu+par+le+pape+Franois&amp;fbclid=IwAR1IhhIsGEg4lci_PAJEXMxQ7ZcPwP60uC0Q9bVt4KK_C15kwlTodnlZ3kc#_ftn5\"><strong>[5]<\/strong><\/a><strong>\u00a0\u00bb. Pour entrer dans la gloire de la r\u00e9surrection il n\u2019y a qu\u2019un seul chemin, le chemin de la croix. Saint Jean de la Croix (\u20201591), le grand mystique espagnol, faisait remarquer que nombreux sont ceux qui veulent arriver dans la gloire de Dieu en \u00e9vitant les souffrances. Un proverbe canadien dit le m\u00eame message d\u2019une autre mani\u00e8re\u00a0: \u00ab\u00a0Tous veulent aller au paradis mais personne ne veut mourir.\u00a0\u00bb<\/strong><\/p>\n<p><strong><u>Messie crucifi\u00e9<\/u><\/strong><\/p>\n<p><strong>L\u2019originalit\u00e9 de la foi chr\u00e9tienne se trouve pr\u00e9cis\u00e9ment dans la pr\u00e9sence de J\u00e9sus au c\u0153ur des \u00e9preuves et de la mort. Folie et scandale de la croix, s\u2019exclamait saint Paul devant des auditoires sceptiques voire r\u00e9volt\u00e9s \u00e0 l\u2019id\u00e9e d\u2019un Dieu qui souffrirait. Quand J\u00e9sus parle du besoin de la croix, il s\u2019agit de la logique de l\u2019amour. Saint Augustin pr\u00eachait\u00a0: \u00ab\u00a0Donnez-moi quelqu\u2019un qui aime et il comprendra ce que je dis.\u00a0\u00bb L\u2019amour rend humble et petit. Ceux qui aiment sont pr\u00eats \u00e0 souffrir\u00a0et m\u00eame \u00e0 donner leur vie pour la personne aim\u00e9e\u00a0: \u00ab\u00a0Il n\u2019y a pas de plus grand amour que de donner sa vie pour ses amis<\/strong><a href=\"https:\/\/fr.zenit.org\/articles\/les-enjeux-du-dimanche-de-la-parole-de-dieu-institue-par-le-pape-francois\/?utm_medium=email&amp;utm_campaign=10102019+-+Linstitut+financier+du+Vatican+en+bonne+sant+1570731402+ZNP&amp;utm_content=10102019+-+Linstitut+financier+du+Vatican+en+bonne+sant+1570731402+ZNP+CID_4963b649d20fb72f266ad834f551acdf&amp;utm_source=Editions&amp;utm_term=Les+enjeux+du+Dimanche+de+la+Parole+de+Dieu+institu+par+le+pape+Franois&amp;fbclid=IwAR1IhhIsGEg4lci_PAJEXMxQ7ZcPwP60uC0Q9bVt4KK_C15kwlTodnlZ3kc#_ftn1\"><strong>[1]<\/strong><\/a><strong>\u00a0\u00bb, enseigne J\u00e9sus. Par amour, le Tr\u00e8s-Haut est devenu le tr\u00e8s-bas, le tout-puissant s\u2019est abaiss\u00e9 jusqu\u2019\u00e0 la faiblesse et la fragilit\u00e9, Dieu grand s\u2019est pr\u00e9sent\u00e9 comme un petit b\u00e9b\u00e9 \u00e0 Bethl\u00e9em. C\u2019est dans l\u2019abaissement et l\u2019humilit\u00e9 que Dieu se r\u00e9v\u00e8le amour et qu\u2019il nous apprend \u00e0 aimer. Les grands saints ont aim\u00e9 prier au pied de la croix pour y d\u00e9couvrir l\u2019art d\u2019aimer de Dieu.<\/strong><\/p>\n<p><strong>Des sages humanistes proposent parfois aux chercheurs de Dieu de choisir la religion qui les rend meilleurs. \u00c0 la lumi\u00e8re de l\u2019\u00c9vangile de J\u00e9sus, non-violent qui aime jusqu\u2019\u00e0 la mort, le chr\u00e9tien pourrait affirmer\u00a0: \u00ab\u00a0Choisis la religion o\u00f9 Dieu soit Amour et qu\u2019Il te donne la gr\u00e2ce d\u2019aimer sans domination\u00a0\u00bb. Quel homme a-t-il os\u00e9 dire \u00ab\u00a0venez \u00e0 moi, car je suis doux et humble de c\u0153ur, et vous trouverez le repos pour vos \u00e2mes\u00a0?\u00a0<\/strong><a href=\"https:\/\/fr.zenit.org\/articles\/les-enjeux-du-dimanche-de-la-parole-de-dieu-institue-par-le-pape-francois\/?utm_medium=email&amp;utm_campaign=10102019+-+Linstitut+financier+du+Vatican+en+bonne+sant+1570731402+ZNP&amp;utm_content=10102019+-+Linstitut+financier+du+Vatican+en+bonne+sant+1570731402+ZNP+CID_4963b649d20fb72f266ad834f551acdf&amp;utm_source=Editions&amp;utm_term=Les+enjeux+du+Dimanche+de+la+Parole+de+Dieu+institu+par+le+pape+Franois&amp;fbclid=IwAR1IhhIsGEg4lci_PAJEXMxQ7ZcPwP60uC0Q9bVt4KK_C15kwlTodnlZ3kc#_ftn2\"><strong>[2]<\/strong><\/a><strong>\u00a0\u00bb. Dieu ne se trouve pas dans la recherche du sentiment de puissance. Dieu est Amour tel que le d\u00e9crit saint Paul\u00a0: \u00ab\u00a0L\u2019amour ne cherche pas son int\u00e9r\u00eat, ne s\u2019irrite pas, ne tient pas compte du mal (\u2026), il excuse tout, croit tout, esp\u00e8re tout, supporte tout. L\u2019amour ne passe jamais<\/strong><a href=\"https:\/\/fr.zenit.org\/articles\/les-enjeux-du-dimanche-de-la-parole-de-dieu-institue-par-le-pape-francois\/?utm_medium=email&amp;utm_campaign=10102019+-+Linstitut+financier+du+Vatican+en+bonne+sant+1570731402+ZNP&amp;utm_content=10102019+-+Linstitut+financier+du+Vatican+en+bonne+sant+1570731402+ZNP+CID_4963b649d20fb72f266ad834f551acdf&amp;utm_source=Editions&amp;utm_term=Les+enjeux+du+Dimanche+de+la+Parole+de+Dieu+institu+par+le+pape+Franois&amp;fbclid=IwAR1IhhIsGEg4lci_PAJEXMxQ7ZcPwP60uC0Q9bVt4KK_C15kwlTodnlZ3kc#_ftn3\"><strong>[3]<\/strong><\/a><strong>\u00a0\u00bb.<\/strong><\/p>\n<p><strong>Il arrive que des croyants d\u2019autres religions que le christianisme disent aux chr\u00e9tiens\u00a0: \u00ab\u00a0votre religion et la mienne, c\u2019est la m\u00eame chose. Il n\u2019y a qu\u2019un seul Dieu\u00a0\u00bb. C\u2019est vrai qu\u2019il n\u2019y a qu\u2019un seul Dieu mais la mani\u00e8re d\u2019aimer de Dieu n\u2019est pas la m\u00eame selon les religions. Aux antipodes de toute domination, J\u00e9sus r\u00e9v\u00e8le l\u2019amour de son P\u00e8re. D\u2019apr\u00e8s les diff\u00e9rentes visions de Dieu il y aura diverses mani\u00e8res d\u2019aimer.<\/strong><\/p>\n<p><strong>La souffrance, la peur de souffrir et la mort font peur. Tout homme essaie d\u2019y \u00e9chapper. Combat naturel qui correspond \u00e0 la volont\u00e9 de Dieu. Dieu ne veut pas la mort des hommes. Dieu n\u2019a pas voulu la mort. Celle-ci est entr\u00e9e dans le monde par la jalousie du diable<\/strong><a href=\"https:\/\/fr.zenit.org\/articles\/les-enjeux-du-dimanche-de-la-parole-de-dieu-institue-par-le-pape-francois\/?utm_medium=email&amp;utm_campaign=10102019+-+Linstitut+financier+du+Vatican+en+bonne+sant+1570731402+ZNP&amp;utm_content=10102019+-+Linstitut+financier+du+Vatican+en+bonne+sant+1570731402+ZNP+CID_4963b649d20fb72f266ad834f551acdf&amp;utm_source=Editions&amp;utm_term=Les+enjeux+du+Dimanche+de+la+Parole+de+Dieu+institu+par+le+pape+Franois&amp;fbclid=IwAR1IhhIsGEg4lci_PAJEXMxQ7ZcPwP60uC0Q9bVt4KK_C15kwlTodnlZ3kc#_ftn1\"><strong>[1]<\/strong><\/a><strong>.<\/strong><\/p>\n<p><strong>Paul Claudel (\u20201955), po\u00e8te catholique, r\u00e9agissait aux questions sur le mal en disant\u00a0: \u00ab\u00a0J\u00e9sus n\u2019est pas venu expliquer le mal mais l\u2019habiter et le vaincre\u00a0\u00bb. J\u00e9sus est mort pour vaincre la mort. Son sacrifice a agi comme une arme fatale contre les pouvoirs de la mort. La puissance de l\u2019Amour de J\u00e9sus s\u2019est manifest\u00e9e dans sa r\u00e9surrection.<\/strong><\/p>\n<p><strong><u>Pr\u00e9sence de J\u00e9sus dans la souffrance et l\u2019ins\u00e9curit\u00e9<\/u><\/strong><\/p>\n<p><strong>Le contraire de la foi n\u2019est pas \u00e0 proprement parler l\u2019ath\u00e9isme mais la solitude. Chacun a peur de la solitude, de l\u2019\u00e9chec, de la prison et de la mort. La sp\u00e9cificit\u00e9 de la foi chr\u00e9tienne appara\u00eet dans la pr\u00e9sence aimante de J\u00e9sus dans la maladie, l\u2019injustice, l\u2019\u00e9chec et la mort. Tout au long de l\u2019histoire de l\u2019\u00c9glise, les chr\u00e9tiens ont t\u00e9moign\u00e9 de cette communion au Christ dans la pers\u00e9cution et la douleur. La foi chr\u00e9tienne ne consiste pas \u00e0 penser que Dieu existe. Par la foi, le chr\u00e9tien contemple J\u00e9sus vivant et il s\u2019unit \u00e0 ses souffrances dans l\u2019esp\u00e9rance de partager sa gloire. Nous comprenons alors le grand nombre de t\u00e9moignages de baptis\u00e9s, qui nous partagent leur exp\u00e9rience heureuse de communion avec Dieu dans des circonstances o\u00f9 tout ferait penser au vide et \u00e0 l\u2019absurde. Des malades t\u00e9moignent des gr\u00e2ces re\u00e7ues dans la maladie. Des personnes d\u00e9tenues injustement t\u00e9moignent des gr\u00e2ces v\u00e9cues dans le froid des cellules de prison. Le p\u00e8re Pedro Arrupe (\u20201991), ancien G\u00e9n\u00e9ral de la Compagnie de J\u00e9sus, se souvenait des journ\u00e9es pass\u00e9es injustement dans une prison japonaise, c\u0153ur \u00e0 c\u0153ur avec J\u00e9sus, en le contemplant dans sa Passion, \u00e0 Geths\u00e9mani, dans sa garde \u00e0 vue dans la maison du grand-pr\u00eatre, flagell\u00e9, abandonn\u00e9, insult\u00e9, couronn\u00e9 d\u2019\u00e9pines, crucifi\u00e9. Le p\u00e8re Arrupe consid\u00e9rait ces jours de tristesse humaine comme de grands moments de sa vie mystique\u00a0: \u00ab\u00a0Il n\u2019y avait rien dans ma cellule de prison\u00a0; j\u2019\u00e9tais seul avec le Christ<\/strong><a href=\"https:\/\/fr.zenit.org\/articles\/les-enjeux-du-dimanche-de-la-parole-de-dieu-institue-par-le-pape-francois\/?utm_medium=email&amp;utm_campaign=10102019+-+Linstitut+financier+du+Vatican+en+bonne+sant+1570731402+ZNP&amp;utm_content=10102019+-+Linstitut+financier+du+Vatican+en+bonne+sant+1570731402+ZNP+CID_4963b649d20fb72f266ad834f551acdf&amp;utm_source=Editions&amp;utm_term=Les+enjeux+du+Dimanche+de+la+Parole+de+Dieu+institu+par+le+pape+Franois&amp;fbclid=IwAR1IhhIsGEg4lci_PAJEXMxQ7ZcPwP60uC0Q9bVt4KK_C15kwlTodnlZ3kc#_ftn2\"><strong>[2]<\/strong><\/a><strong>\u00a0\u00bb. L\u00e0 o\u00f9 le mal avait abond\u00e9, la gr\u00e2ce avait surabond\u00e9.<\/strong><\/p>\n<p><strong>La Parole de Dieu engendre la foi. Le chr\u00e9tien d\u00e9couvre alors son identit\u00e9 de fils de Dieu et de fr\u00e8re de J\u00e9sus. La Parole de Dieu r\u00e9v\u00e8le le myst\u00e8re de la Trinit\u00e9 et elle r\u00e9v\u00e8le aussi l\u2019homme \u00e0 lui-m\u00eame\u00a0: \u00ab\u00a0Le myst\u00e8re de l\u2019homme ne s\u2019\u00e9claire qu\u2019\u00e0 la lumi\u00e8re de J\u00e9sus\u00a0\u00bb (Concile Vatican II.\u00a0<em>Gaudium et spes<\/em>\u00a0n\u00b0 22). Le christianisme ne fait pas partie des religions du livre m\u00eame s\u2019il v\u00e9n\u00e8re les Saintes \u00c9critures. Le Verbe fait chair est vivant. Le texte des bibles devient vivant par l\u2019Esprit de J\u00e9sus ressuscit\u00e9. Sans la gr\u00e2ce int\u00e9rieure de l\u2019Esprit Saint r\u00e9pandue dans le c\u0153ur des croyants, les enseignements des textes bibliques n\u2019apporteraient pas la connaissance ni la vie de Dieu<\/strong><a href=\"https:\/\/fr.zenit.org\/articles\/les-enjeux-du-dimanche-de-la-parole-de-dieu-institue-par-le-pape-francois\/?utm_medium=email&amp;utm_campaign=10102019+-+Linstitut+financier+du+Vatican+en+bonne+sant+1570731402+ZNP&amp;utm_content=10102019+-+Linstitut+financier+du+Vatican+en+bonne+sant+1570731402+ZNP+CID_4963b649d20fb72f266ad834f551acdf&amp;utm_source=Editions&amp;utm_term=Les+enjeux+du+Dimanche+de+la+Parole+de+Dieu+institu+par+le+pape+Franois&amp;fbclid=IwAR1IhhIsGEg4lci_PAJEXMxQ7ZcPwP60uC0Q9bVt4KK_C15kwlTodnlZ3kc#_ftn1\"><strong>[1]<\/strong><\/a><strong>.<\/strong><\/p>\n<p><strong>La Parole de Dieu \u00e9tablit \u00ab\u00a0un dialogue constant de Dieu avec son peuple<\/strong><a href=\"https:\/\/fr.zenit.org\/articles\/les-enjeux-du-dimanche-de-la-parole-de-dieu-institue-par-le-pape-francois\/?utm_medium=email&amp;utm_campaign=10102019+-+Linstitut+financier+du+Vatican+en+bonne+sant+1570731402+ZNP&amp;utm_content=10102019+-+Linstitut+financier+du+Vatican+en+bonne+sant+1570731402+ZNP+CID_4963b649d20fb72f266ad834f551acdf&amp;utm_source=Editions&amp;utm_term=Les+enjeux+du+Dimanche+de+la+Parole+de+Dieu+institu+par+le+pape+Franois&amp;fbclid=IwAR1IhhIsGEg4lci_PAJEXMxQ7ZcPwP60uC0Q9bVt4KK_C15kwlTodnlZ3kc#_ftn2\"><strong>[2]<\/strong><\/a><strong>\u00a0\u00bb. Le mot \u00ab\u00a0dialogue\u00a0\u00bb comprend le mot \u00ab\u00a0logos\u00a0\u00bb qui dans le grec de l\u2019\u00c9vangile selon saint Jean d\u00e9signe le Verbe de Dieu\u00a0: intelligence divine et Parole. Dans l\u2019Ancien Testament, le mot h\u00e9breu \u00ab<em>\u00a0davar<\/em>\u00a0\u00bb qui signifie \u00ab\u00a0parole\u00a0\u00bb repr\u00e9sente un \u00e9v\u00e9nement. La Parole de Dieu ne saurait pas \u00eatre r\u00e9duite \u00e0 un simple souffle mais elle est cr\u00e9atrice et marque l\u2019histoire.<\/strong><\/p>\n<p><strong>Ce n\u2019est pas sans raison, que les chr\u00e9tiens cherchent le dialogue avec les religions et les cultures. Dieu est dialogue dans l\u2019alt\u00e9rit\u00e9 et l\u2019unit\u00e9. Le P\u00e8re engendre le Fils et le Fils fait le P\u00e8re. Sans Fils il n\u2019y a pas de P\u00e8re. Le P\u00e8re s\u2019entretien avec son Fils et le Fils rend gr\u00e2ces au P\u00e8re dans la communion de l\u2019Esprit Saint. Ce dialogue de Dieu \u00ab\u00a0<em>ad intra<\/em>\u00a0\u00bb, dans le myst\u00e8re de la sainte Trinit\u00e9, se trouve \u00e0 la source du dynamisme des dialogues religieux et philosophiques \u00ab\u00a0<em>ad extra<\/em>\u00a0\u00bb dans l\u2019histoire de l\u2019humanit\u00e9.<\/strong><\/p>\n<p><strong><u>Le Verbe et les mots<\/u><\/strong><\/p>\n<p><strong>Seul Dieu parle bien de Dieu. J\u00e9sus, le Verbe fait chair, emprunte nos mots humains les plus justes pour manifester le myst\u00e8re de Dieu. Le th\u00e9ologien espagnol, Cabodevilla, aimait \u00e0 dire que \u00ab\u00a0la Parole de Dieu s\u2019est faite chair dans des mots<\/strong><a href=\"https:\/\/fr.zenit.org\/articles\/les-enjeux-du-dimanche-de-la-parole-de-dieu-institue-par-le-pape-francois\/?utm_medium=email&amp;utm_campaign=10102019+-+Linstitut+financier+du+Vatican+en+bonne+sant+1570731402+ZNP&amp;utm_content=10102019+-+Linstitut+financier+du+Vatican+en+bonne+sant+1570731402+ZNP+CID_4963b649d20fb72f266ad834f551acdf&amp;utm_source=Editions&amp;utm_term=Les+enjeux+du+Dimanche+de+la+Parole+de+Dieu+institu+par+le+pape+Franois&amp;fbclid=IwAR1IhhIsGEg4lci_PAJEXMxQ7ZcPwP60uC0Q9bVt4KK_C15kwlTodnlZ3kc#_ftn3\"><strong>[3]<\/strong><\/a><strong>\u00a0\u00bb. L\u2019Incarnation du Fils de Dieu ne se r\u00e9duit pas \u00e0 la chair humaine de J\u00e9sus, \u00e0 l\u2019Enfant de la cr\u00e8che, elle comprend la culture et la langue d\u2019Isra\u00ebl. Les mots humains n\u2019expriment pas toute la richesse des pens\u00e9es et des sentiments mais ils demeurent la m\u00e9diation indispensable pour la communication. Dieu est Esprit. Les mots de nos langues et les exp\u00e9riences humaines restent bien en-de\u00e7\u00e0 de la grandeur de Dieu. Pourtant, les mots de la Bible et leur renvoi \u00e0 la terre et aux travaux des hommes peuvent \u00e9veiller l\u2019intelligence \u00e0 la compr\u00e9hension de Dieu. C\u2019est ce que fait\u00a0J\u00e9sus dans l\u2019\u00c9vangile en parlant des vignes, des mariages, des bergers, des tr\u00e9sors \u2026 Dans les Saintes \u00c9critures, les mots sont cent pour cent de Dieu et cent pour cent des hommes. Le pape Fran\u00e7ois rappelle l\u2019enseignement du Concile Vatican II dans la Constitution \u00ab\u00a0Dei Verbum<\/strong><a href=\"https:\/\/fr.zenit.org\/articles\/les-enjeux-du-dimanche-de-la-parole-de-dieu-institue-par-le-pape-francois\/?utm_medium=email&amp;utm_campaign=10102019+-+Linstitut+financier+du+Vatican+en+bonne+sant+1570731402+ZNP&amp;utm_content=10102019+-+Linstitut+financier+du+Vatican+en+bonne+sant+1570731402+ZNP+CID_4963b649d20fb72f266ad834f551acdf&amp;utm_source=Editions&amp;utm_term=Les+enjeux+du+Dimanche+de+la+Parole+de+Dieu+institu+par+le+pape+Franois&amp;fbclid=IwAR1IhhIsGEg4lci_PAJEXMxQ7ZcPwP60uC0Q9bVt4KK_C15kwlTodnlZ3kc#_ftn1\"><strong>[1]<\/strong><\/a><strong>\u00a0\u00bb sur le principe de l\u2019incarnation.<\/strong><\/p>\n<p><strong><u>\u00ab\u00a0C\u0153urs br\u00fblants\u00a0\u00bb<\/u><\/strong><\/p>\n<p><strong>\u00ab\u00a0Notre c\u0153ur n\u2019\u00e9tait-il pas tout br\u00fblant au-dedans de nous, quand il nous parlait en chemin, quand il nous expliquait les \u00c9critures\u00a0?\u00a0<\/strong><a href=\"https:\/\/fr.zenit.org\/articles\/les-enjeux-du-dimanche-de-la-parole-de-dieu-institue-par-le-pape-francois\/?utm_medium=email&amp;utm_campaign=10102019+-+Linstitut+financier+du+Vatican+en+bonne+sant+1570731402+ZNP&amp;utm_content=10102019+-+Linstitut+financier+du+Vatican+en+bonne+sant+1570731402+ZNP+CID_4963b649d20fb72f266ad834f551acdf&amp;utm_source=Editions&amp;utm_term=Les+enjeux+du+Dimanche+de+la+Parole+de+Dieu+institu+par+le+pape+Franois&amp;fbclid=IwAR1IhhIsGEg4lci_PAJEXMxQ7ZcPwP60uC0Q9bVt4KK_C15kwlTodnlZ3kc#_ftn2\"><strong>[2]<\/strong><\/a><strong>\u00a0\u00bb. La Parole de Dieu fait grandir dans l\u2019amour de Dieu. Il ne sert \u00e0 rien de se plaindre de l\u2019\u00e9go\u00efsme des gens. La conversion passe par un long chemin o\u00f9 la Parole de Dieu joue un r\u00f4le fondamental. Les disciples d\u2019Emma\u00fcs marchaient tristes et d\u00e9courag\u00e9s, le visage sombre. La cat\u00e9ch\u00e8se de J\u00e9sus, \u00e0 partir de la Loi, des Proph\u00e8tes et des Psaumes, a rempli leurs c\u0153urs de la joie pascale.<\/strong><\/p>\n<p><strong>Aujourd\u2019hui, les cat\u00e9chistes accomplissent aussi une mission extraordinaire source d\u2019all\u00e9gresse. J\u2019aime \u00e0 dire que cat\u00e9chiste est le plus beau m\u00e9tier du monde. M\u00e9tier, minist\u00e8re, service, qui peut illuminer la route des adultes et des enfants \u00e0 jamais. En tant qu\u2019aum\u00f4nier de prison, je r\u00e9colte les fruits de la cat\u00e9ch\u00e8se. Souvent les personnes d\u00e9tenues ne se sont pas confess\u00e9es depuis leur premi\u00e8re communion mais les enseignements de la cat\u00e9ch\u00e8se gard\u00e9s dans \u00ab\u00a0le disque dur\u00a0\u00bb de la m\u00e9moire remontent lors des \u00e9v\u00e9nements douloureux.<\/strong><\/p>\n<p><strong><u>L\u2019hom\u00e9lie<\/u><\/strong><\/p>\n<p><strong>Le pape Fran\u00e7ois met en valeur l\u2019hom\u00e9lie qui nourrit la foi des chr\u00e9tiens, \u00ab\u00a0elle poss\u00e8de un caract\u00e8re presque sacramentel<\/strong><a href=\"https:\/\/fr.zenit.org\/articles\/les-enjeux-du-dimanche-de-la-parole-de-dieu-institue-par-le-pape-francois\/?utm_medium=email&amp;utm_campaign=10102019+-+Linstitut+financier+du+Vatican+en+bonne+sant+1570731402+ZNP&amp;utm_content=10102019+-+Linstitut+financier+du+Vatican+en+bonne+sant+1570731402+ZNP+CID_4963b649d20fb72f266ad834f551acdf&amp;utm_source=Editions&amp;utm_term=Les+enjeux+du+Dimanche+de+la+Parole+de+Dieu+institu+par+le+pape+Franois&amp;fbclid=IwAR1IhhIsGEg4lci_PAJEXMxQ7ZcPwP60uC0Q9bVt4KK_C15kwlTodnlZ3kc#_ftn3\"><strong>[3]<\/strong><\/a><strong>\u00a0\u00bb. L\u2019hom\u00e9lie n\u2019est pas une conf\u00e9rence ni un cours. Dans l\u2019hom\u00e9lie, le pr\u00eatre actualise l\u2019\u00c9vangile. \u00ab\u00a0Aujourd\u2019hui s\u2019accomplit cette parole\u00a0\u00bb, s\u2019\u00e9tait exclam\u00e9 J\u00e9sus en refermant le rouleau du proph\u00e8te Isa\u00efe dans la petite synagogue de Nazareth. Dans les anciennes basiliques chr\u00e9tiennes, l\u2019existence de deux ambons, l\u2019un pour l\u2019Ancien Testament et l\u2019autre pour le Nouveau Testament, mettait en \u00e9vidence la diff\u00e9rence et la relation entre eux pour les unir dans le myst\u00e8re du Christ<\/strong><a href=\"https:\/\/fr.zenit.org\/articles\/les-enjeux-du-dimanche-de-la-parole-de-dieu-institue-par-le-pape-francois\/?utm_medium=email&amp;utm_campaign=10102019+-+Linstitut+financier+du+Vatican+en+bonne+sant+1570731402+ZNP&amp;utm_content=10102019+-+Linstitut+financier+du+Vatican+en+bonne+sant+1570731402+ZNP+CID_4963b649d20fb72f266ad834f551acdf&amp;utm_source=Editions&amp;utm_term=Les+enjeux+du+Dimanche+de+la+Parole+de+Dieu+institu+par+le+pape+Franois&amp;fbclid=IwAR1IhhIsGEg4lci_PAJEXMxQ7ZcPwP60uC0Q9bVt4KK_C15kwlTodnlZ3kc#_ftn4\"><strong>[4]<\/strong><\/a><strong>. Le pape Fran\u00e7ois commente l\u2019accomplissement de l\u2019Ancien Testament par le Christ\u00a0: \u00ab\u00a0L\u2019Ancien Testament n\u2019est jamais vieux une fois qu\u2019on le fait entrer dans le Nouveau, car tout est transform\u00e9 par l\u2019unique Esprit qui l\u2019inspire<\/strong><a href=\"https:\/\/fr.zenit.org\/articles\/les-enjeux-du-dimanche-de-la-parole-de-dieu-institue-par-le-pape-francois\/?utm_medium=email&amp;utm_campaign=10102019+-+Linstitut+financier+du+Vatican+en+bonne+sant+1570731402+ZNP&amp;utm_content=10102019+-+Linstitut+financier+du+Vatican+en+bonne+sant+1570731402+ZNP+CID_4963b649d20fb72f266ad834f551acdf&amp;utm_source=Editions&amp;utm_term=Les+enjeux+du+Dimanche+de+la+Parole+de+Dieu+institu+par+le+pape+Franois&amp;fbclid=IwAR1IhhIsGEg4lci_PAJEXMxQ7ZcPwP60uC0Q9bVt4KK_C15kwlTodnlZ3kc#_ftn1\"><strong>[1]<\/strong><\/a><strong>.<\/strong><\/p>\n<p><strong>Le pape \u00e9voque \u00ab\u00a0le caract\u00e8re performatif de la Parole de Dieu<\/strong><a href=\"https:\/\/fr.zenit.org\/articles\/les-enjeux-du-dimanche-de-la-parole-de-dieu-institue-par-le-pape-francois\/?utm_medium=email&amp;utm_campaign=10102019+-+Linstitut+financier+du+Vatican+en+bonne+sant+1570731402+ZNP&amp;utm_content=10102019+-+Linstitut+financier+du+Vatican+en+bonne+sant+1570731402+ZNP+CID_4963b649d20fb72f266ad834f551acdf&amp;utm_source=Editions&amp;utm_term=Les+enjeux+du+Dimanche+de+la+Parole+de+Dieu+institu+par+le+pape+Franois&amp;fbclid=IwAR1IhhIsGEg4lci_PAJEXMxQ7ZcPwP60uC0Q9bVt4KK_C15kwlTodnlZ3kc#_ftn2\"><strong>[2]<\/strong><\/a><strong>\u00a0\u00bb, c\u2019est-\u00e0-dire qu\u2019elle r\u00e9alise ce qu\u2019elle dit. Dans la liturgie de la Parole, l\u2019Esprit Saint agit. D\u2019o\u00f9 le symbole de la colombe dans les chaires de nos \u00e9glises. L\u2019Esprit Saint descend sur l\u2019assembl\u00e9e pendant la liturgie de la Parole de Dieu en pri\u00e8re pour faire grandir la foi et l\u2019amour. Cette \u00e9picl\u00e8se fait des fid\u00e8les r\u00e9unis en \u00ab\u00a0un seul corps et un seul esprit dans le Christ\u00a0\u00bb (Canon eucharistique n\u00b0 III).<\/strong><\/p>\n<p><strong>Victoria, ma s\u0153ur a\u00een\u00e9e, professeur des \u00e9coles pendant toute sa vie, appr\u00e9ciait particuli\u00e8rement les hom\u00e9lies d\u2019un pr\u00eatre de Bilbao qui commen\u00e7ait par une question et qui finissait par une question. Dieu s\u2019adresse \u00e0 l\u2019intelligence. L\u2019hom\u00e9lie cherche \u00e0 \u00e9veiller l\u2019intelligence. Dans l\u2019\u00c9vangile, Marie se pose des questions\u00a0: \u00ab\u00a0comment<\/strong><a href=\"https:\/\/fr.zenit.org\/articles\/les-enjeux-du-dimanche-de-la-parole-de-dieu-institue-par-le-pape-francois\/?utm_medium=email&amp;utm_campaign=10102019+-+Linstitut+financier+du+Vatican+en+bonne+sant+1570731402+ZNP&amp;utm_content=10102019+-+Linstitut+financier+du+Vatican+en+bonne+sant+1570731402+ZNP+CID_4963b649d20fb72f266ad834f551acdf&amp;utm_source=Editions&amp;utm_term=Les+enjeux+du+Dimanche+de+la+Parole+de+Dieu+institu+par+le+pape+Franois&amp;fbclid=IwAR1IhhIsGEg4lci_PAJEXMxQ7ZcPwP60uC0Q9bVt4KK_C15kwlTodnlZ3kc#_ftn3\"><strong>[3]<\/strong><\/a><strong>\u00a0\u00bb, \u00ab\u00a0pourquoi\u00a0\u00bb. L\u2019hom\u00e9lie \u00e9claire les interrogations de l\u2019homme l\u2019orientant vers des choix d\u2019amour \u00e0 faire dans la libert\u00e9. Chesterton (\u20201936), \u00e9crivain catholique anglais, disait avec humour\u00a0: \u00ab\u00a0Quand on rentre dans une \u00e9glise on est pri\u00e9 d\u2019enlever le chapeau mais pas la t\u00eate\u00a0!\u00a0\u00bb.<\/strong><\/p>\n<p><strong><u>La sonorisation et l\u2019articulation<\/u><\/strong><\/p>\n<p><strong>Pour que l\u2019hom\u00e9lie porte ses fruits, il s\u2019av\u00e8re indispensable de miser sur une bonne sonorisation. L\u2019un des premiers investissements \u00e0 pr\u00e9voir dans une paroisse concerne la sonorisation. Trop souvent, les fid\u00e8les se plaignent de ne pas entendre ou de ne pas comprendre les lectures ou l\u2019hom\u00e9lie \u00e0 cause des d\u00e9fauts dans le syst\u00e8me de sonorisation. Pour les nouvelles g\u00e9n\u00e9rations habitu\u00e9es \u00e0 la perfection technique des media, une sonorisation d\u00e9fectueuse discr\u00e9dite la valeur sacr\u00e9e de la Parole de Dieu.<\/strong><\/p>\n<p><strong>Il convient aussi de former les la\u00efcs \u00e0 l\u2019utilisation des micros. J\u2019aime \u00e0 dire sous forme de boutade que \u00ab\u00a0les micros sont comme les personnes, il faut leur parler et non pas les frapper. Si on les frappe, on les ab\u00eeme\u00a0\u00bb. Pourtant je continue de voir les habitu\u00e9s des paroisses taper sur les micros.<\/strong><\/p>\n<p><strong>La lecture de la Parole de Dieu suppose aussi une pr\u00e9paration soign\u00e9e. L\u2019exp\u00e9rience prouve que les formations \u00e0 la respiration, \u00e0 l\u2019articulation et \u00e0 la lecture publique portent des fruits merveilleux et assez rapides. Les com\u00e9diens \u00e9tudient cet art dont les \u00e9glises ont bien besoin. Il serait bon d\u2019organiser des sessions de formation avec des professionnels du th\u00e9\u00e2tre, par exemple.<\/strong><\/p>\n<p><strong><u>La Vierge Marie et la Parole de Dieu<\/u><\/strong><\/p>\n<p><strong>Marie, la m\u00e8re de J\u00e9sus, est lou\u00e9e dans l\u2019\u00c9vangile \u00e0 cause de sa foi en l\u2019accomplissement de la Parole de Dieu en elle (cf. Lc 1, 45). Pour le pape Fran\u00e7ois, cette b\u00e9atitude de la foi pr\u00e9c\u00e8de les autres b\u00e9atitudes sur la pauvret\u00e9, l\u2019humilit\u00e9, les artisans de paix \u2026<\/strong><\/p>\n<p><strong>Saint Ambroise de Milan (\u2020397) partageait son exp\u00e9rience et celle d\u2019une multitude de croyants quand il affirmait que dans la lecture priante de la Parole de Dieu l\u2019homme se prom\u00e8ne avec Dieu dans le paradis<\/strong><a href=\"https:\/\/fr.zenit.org\/articles\/les-enjeux-du-dimanche-de-la-parole-de-dieu-institue-par-le-pape-francois\/?utm_medium=email&amp;utm_campaign=10102019+-+Linstitut+financier+du+Vatican+en+bonne+sant+1570731402+ZNP&amp;utm_content=10102019+-+Linstitut+financier+du+Vatican+en+bonne+sant+1570731402+ZNP+CID_4963b649d20fb72f266ad834f551acdf&amp;utm_source=Editions&amp;utm_term=Les+enjeux+du+Dimanche+de+la+Parole+de+Dieu+institu+par+le+pape+Franois&amp;fbclid=IwAR1IhhIsGEg4lci_PAJEXMxQ7ZcPwP60uC0Q9bVt4KK_C15kwlTodnlZ3kc#_ftn1\"><strong>[1]<\/strong><\/a><strong>. Lire les Saintes \u00c9critures \u00e9quivaut \u00e0 \u00e9couter Dieu qui parle au c\u0153ur. Dialogue d\u2019amour qui fait grandir la foi. Le bonheur de Marie a \u00e9t\u00e9 pr\u00e9cis\u00e9ment d\u2019\u00e9couter et de prier la Loi, les Psaumes et les Proph\u00e8tes. La foi ne consiste pas \u00e0 penser que Dieu existe. Le diable le pense aussi. La foi jaillit de l\u2019\u00e2me en r\u00e9ponse \u00e0 la r\u00e9v\u00e9lation de l\u2019amour de Dieu dans les Saintes \u00c9critures et dans la pr\u00e9dication. La grandeur de Marie se trouve dans sa foi. Le pape Fran\u00e7ois de citer saint Augustin qui met en lumi\u00e8re Marie comme disciple de J\u00e9sus qui \u00e9coute et met en pratique la Parole de Dieu.<\/strong><\/p>\n<p><strong>Mod\u00e8le de foi, Marie n\u2019a pas tout compris. Saint Luc commente le recouvrement de J\u00e9sus au Temple de J\u00e9rusalem, quand il a expliqu\u00e9 \u00e0 Marie et \u00e0 Joseph qu\u2019\u00a0\u00ab\u00a0il devait \u00eatre dans la maison de son P\u00e8re\u00a0\u00bb (cf. Lc 2, 49), en soulignant que ni Marie ni Joseph \u00ab\u00a0ne comprirent cette parole\u00a0\u00bb. La foi illumine la route des hommes mais elle comporte aussi un c\u00f4t\u00e9 obscur qui fait penser \u00e0 \u00ab\u00a0la nuit de la foi\u00a0\u00bb chant\u00e9e par saint Jean de la Croix. Le p\u00e8re Marie-Joseph Lagrange a consacr\u00e9 son existence \u00e0 la traduction et au commentaire de la Bible en reconnaissant aussi que \u00ab\u00a0la Parole de Dieu pouvait \u00eatre obscure\u00a0\u00bb. Sans cette limite dans la connaissance de Dieu, la foi ne serait plus la foi mais la claire vision.<\/strong><\/p>\n<p><strong>Saint Luc, l\u2019\u00e9vang\u00e9liste, montre Marie \u00ab\u00a0qui garde fid\u00e8lement dans son c\u0153ur\u00a0\u00bb (cf. Lc 2, 51) les \u00e9v\u00e9nements et les paroles de son fils J\u00e9sus.<\/strong><\/p>\n<p><strong>La pri\u00e8re plut\u00f4t qu\u2019une action appara\u00eet comme un \u00e9tat dans la vie de J\u00e9sus et des ap\u00f4tres. \u00c0 l\u2019image de l\u2019amour qui unit ceux qui aiment m\u00eame s\u2019ils n\u2019y pensent pas, celui et celle qui prie vit en communion avec Dieu. Marie vivait en \u00e9tat de pri\u00e8re par sa foi. Saint Luc fait appel \u00e0 deux mots importants de la vie spirituelle de Marie, m\u00e8re et disciple de son Fils J\u00e9sus\u00a0: \u00ab\u00a0garder\u00a0\u00bb et \u00ab\u00a0fid\u00e8lement\u00a0\u00bb.<\/strong><\/p>\n<p><strong>Une m\u00e8re porte son enfant dans son sein pendant neuf mois. Cette relation unit la m\u00e8re et le fils d\u2019une mani\u00e8re unique et d\u00e9finitive. Les g\u00e9n\u00e9ticiens disent que chaque enfant laisse dans le corps de sa m\u00e8re quelques cellules. La m\u00e8re qui a donn\u00e9 son corps \u00e0 l\u2019enfant garde quelque chose du corps de celui-ci en elle. Marie garde fid\u00e8lement les \u00e9v\u00e9nements de la vie de J\u00e9sus dans son esprit. \u00ab\u00a0Fid\u00e8lement\u00a0\u00bb vient de \u00ab\u00a0foi\u00a0\u00bb. Il s\u2019agit de la m\u00eame \u00e9tymologie. Toute l\u2019existence de Marie ressemble \u00e0 un p\u00e8lerinage de foi.<\/strong><\/p>\n<p><strong>Le pape \u00e9m\u00e9rite Beno\u00eet XVI dans son Exhortation post-synodale \u00ab\u00a0Verbum Domini\u00a0\u00bb sur la Parole de Dieu dans la vie et dans la mission de l\u2019\u00c9glise \u00ab\u00a0exhorte les chercheurs \u00e0 approfondir le plus possible le rapport entre la mariologie et la th\u00e9ologie de la Parole<\/strong><a href=\"https:\/\/fr.zenit.org\/articles\/les-enjeux-du-dimanche-de-la-parole-de-dieu-institue-par-le-pape-francois\/?utm_medium=email&amp;utm_campaign=10102019+-+Linstitut+financier+du+Vatican+en+bonne+sant+1570731402+ZNP&amp;utm_content=10102019+-+Linstitut+financier+du+Vatican+en+bonne+sant+1570731402+ZNP+CID_4963b649d20fb72f266ad834f551acdf&amp;utm_source=Editions&amp;utm_term=Les+enjeux+du+Dimanche+de+la+Parole+de+Dieu+institu+par+le+pape+Franois&amp;fbclid=IwAR1IhhIsGEg4lci_PAJEXMxQ7ZcPwP60uC0Q9bVt4KK_C15kwlTodnlZ3kc#_ftn1\"><strong>[1]<\/strong><\/a><strong>\u00a0\u00bb. Marie, \u00ab\u00a0M\u00e8re du Verbe de Dieu\u00a0\u00bb et \u00ab\u00a0M\u00e8re de la foi\u00a0\u00bb appara\u00eet comme un mod\u00e8le d\u2019\u00e9coute de la Parole de Dieu. \u00c0 l\u2019Annonciation, Marie \u00e9coute avec son c\u0153ur l\u2019annonce de l\u2019ange Gabriel. Le livre du Deut\u00e9ronome pr\u00e9sente l\u2019\u00e9coute de la Parole de Dieu comme le premier des commandements et le fondement de l\u2019amour de Dieu \u00e0 vivre par le Peuple de Dieu\u00a0: \u00ab\u00a0\u00c9coute, Isra\u00ebl\u00a0: le Seigneur notre Dieu est le seul Seigneur. Tu aimeras le Seigneur ton Dieu de tout ton c\u0153ur, de toute ton \u00e2me et de tout ton pouvoir\u00a0\u00bb (cf. Dt 6, 4).<\/strong><\/p>\n<p><strong>Un proverbe africain dit \u00ab\u00a0que la femme est f\u00e9cond\u00e9e par l\u2019oreille\u00a0\u00bb. Mani\u00e8re de relier l\u2019\u00e9coute, l\u2019amour et le don de la vie.<\/strong><\/p>\n<p><strong>En Marie, femme juive, premi\u00e8re chr\u00e9tienne, l\u2019Ancien Testament passe dans le Nouveau Testament pour s\u2019accomplir en J\u00e9sus, n\u00e9e d\u2019une femme (cf. Ga 4, 4) : \u00ab Marie est aussi le symbole de l\u2019ouverture \u00e0 Dieu et aux autres ; de l\u2019\u00e9coute active qui int\u00e9riorise, qui assimile et o\u00f9 la Parole divine devient la matrice de la vie<\/strong><a href=\"https:\/\/fr.zenit.org\/articles\/les-enjeux-du-dimanche-de-la-parole-de-dieu-institue-par-le-pape-francois\/?utm_medium=email&amp;utm_campaign=10102019+-+Linstitut+financier+du+Vatican+en+bonne+sant+1570731402+ZNP&amp;utm_content=10102019+-+Linstitut+financier+du+Vatican+en+bonne+sant+1570731402+ZNP+CID_4963b649d20fb72f266ad834f551acdf&amp;utm_source=Editions&amp;utm_term=Les+enjeux+du+Dimanche+de+la+Parole+de+Dieu+institu+par+le+pape+Franois&amp;fbclid=IwAR1IhhIsGEg4lci_PAJEXMxQ7ZcPwP60uC0Q9bVt4KK_C15kwlTodnlZ3kc#_ftn1\"><strong>[1]<\/strong><\/a><strong>\u00a0\u00bb. La Parole de Dieu devient matrice d\u2019une nouvelle mani\u00e8re de penser, de prier, de parler et d\u2019agir.<\/strong><\/p>\n<p><strong><u>Marie et la Trinit\u00e9<\/u><\/strong><\/p>\n<p><strong>La Vierge Marie, temple de la sainte Trinit\u00e9, rayonne de la lumi\u00e8re de Dieu. Fille du P\u00e8re, source de la vie, Marie n\u2019est pas une d\u00e9esse mais une cr\u00e9ature aim\u00e9e et sauv\u00e9e par Dieu. M\u00e8re du Verbe fait chair, Image du P\u00e8re, Marie manifeste au monde l\u2019infinie richesse de la connaissance de Dieu r\u00e9v\u00e9l\u00e9e par J\u00e9sus.<\/strong><\/p>\n<p><strong>Dans son commentaire au\u00a0<em>Credo<\/em>, saint Thomas d\u2019Aquin (\u20201274) montre comment le Verbe s\u2019est manifest\u00e9 dans le myst\u00e8re de l\u2019Incarnation\u00a0: \u00ab\u00a0Rien n\u2019est plus semblable au Fils de Dieu que le verbe que notre intelligence con\u00e7oit sans le prof\u00e9rer par les l\u00e8vres. Or, nul ne conna\u00eet le verbe tant qu\u2019il demeure dans l\u2019intelligence de l\u2019homme si ce n\u2019est celui qui le con\u00e7oit\u00a0; mais d\u00e8s que notre langue le fait entendre, il est connu de nos auditeurs. Ainsi le Verbe de Dieu, aussi longtemps qu\u2019il demeurait dans l\u2019intelligence du P\u00e8re, \u00e9tait connu seulement de son P\u00e8re\u00a0; mais une fois rev\u00eatu d\u2019une chair, comme le verbe de l\u2019homme se rev\u00eat du son de sa voix, il s\u2019est alors manifest\u00e9 au dehors pour la premi\u00e8re fois et s\u2019est fait conna\u00eetre. Selon cette parole de Baruch (3, 38)\u00a0: \u00ab\u00a0Ainsi il est apparu sur la terre et il a convers\u00e9 avec les hommes.\u00a0\u00bb Voici le deuxi\u00e8me exemple. Nous connaissons par l\u2019ou\u00efe le verbe prof\u00e9r\u00e9 par la voix, et cependant nous ne voyons pas et nous ne le touchons pas\u00a0; mais si ce verbe nous l\u2019\u00e9crivons sur un papier, alors nous pouvons le toucher et le voir. Ainsi le Verbe de Dieu s\u2019est fait lui aussi, et visible et tangible, lorsqu\u2019il s\u2019inscrivit en quelque sorte dans notre chair. Et de m\u00eame que le papier sur lequel est inscrite la parole du roi, nous l\u2019appelons la parole du roi, de m\u00eame l\u2019homme auquel est uni le Verbe de Dieu dans une seule personne, nous le nommons le Fils de Dieu<\/strong><a href=\"https:\/\/fr.zenit.org\/articles\/les-enjeux-du-dimanche-de-la-parole-de-dieu-institue-par-le-pape-francois\/?utm_medium=email&amp;utm_campaign=10102019+-+Linstitut+financier+du+Vatican+en+bonne+sant+1570731402+ZNP&amp;utm_content=10102019+-+Linstitut+financier+du+Vatican+en+bonne+sant+1570731402+ZNP+CID_4963b649d20fb72f266ad834f551acdf&amp;utm_source=Editions&amp;utm_term=Les+enjeux+du+Dimanche+de+la+Parole+de+Dieu+institu+par+le+pape+Franois&amp;fbclid=IwAR1IhhIsGEg4lci_PAJEXMxQ7ZcPwP60uC0Q9bVt4KK_C15kwlTodnlZ3kc#_ftn2\"><strong>[2]<\/strong><\/a><strong>\u00a0\u00bb. Ici l\u2019Incarnation du Verbe est compar\u00e9e au papier. La Vierge Marie a \u00e9t\u00e9 cette page blanche sur laquelle Dieu a \u00e9crit l\u2019histoire du Salut. La page blanche \u00e9voque la disponibilit\u00e9 de Marie et l\u2019absence de p\u00e9ch\u00e9 en elle. Par Marie, Dieu s\u2019est rendu visible \u00e0 nos yeux. La Vie de Dieu s\u2019est manifest\u00e9e en J\u00e9sus<\/strong><a href=\"https:\/\/fr.zenit.org\/articles\/les-enjeux-du-dimanche-de-la-parole-de-dieu-institue-par-le-pape-francois\/?utm_medium=email&amp;utm_campaign=10102019+-+Linstitut+financier+du+Vatican+en+bonne+sant+1570731402+ZNP&amp;utm_content=10102019+-+Linstitut+financier+du+Vatican+en+bonne+sant+1570731402+ZNP+CID_4963b649d20fb72f266ad834f551acdf&amp;utm_source=Editions&amp;utm_term=Les+enjeux+du+Dimanche+de+la+Parole+de+Dieu+institu+par+le+pape+Franois&amp;fbclid=IwAR1IhhIsGEg4lci_PAJEXMxQ7ZcPwP60uC0Q9bVt4KK_C15kwlTodnlZ3kc#_ftn3\"><strong>[3]<\/strong><\/a><strong>. Qui voit J\u00e9sus voit le P\u00e8re. De m\u00eame qu\u2019un r\u00e9cit fait voir l\u2019histoire racont\u00e9e comme si elle se d\u00e9roulait devant nos yeux. Par l\u2019Esprit Saint, la Parole de Dieu rend visible le visage du Christ dans la lumi\u00e8re de la foi\u00a0: \u00ab\u00a0J\u00e9sus-Christ est le visage humain de Dieu et le visage divin de l\u2019homme<\/strong><a href=\"https:\/\/fr.zenit.org\/articles\/les-enjeux-du-dimanche-de-la-parole-de-dieu-institue-par-le-pape-francois\/?utm_medium=email&amp;utm_campaign=10102019+-+Linstitut+financier+du+Vatican+en+bonne+sant+1570731402+ZNP&amp;utm_content=10102019+-+Linstitut+financier+du+Vatican+en+bonne+sant+1570731402+ZNP+CID_4963b649d20fb72f266ad834f551acdf&amp;utm_source=Editions&amp;utm_term=Les+enjeux+du+Dimanche+de+la+Parole+de+Dieu+institu+par+le+pape+Franois&amp;fbclid=IwAR1IhhIsGEg4lci_PAJEXMxQ7ZcPwP60uC0Q9bVt4KK_C15kwlTodnlZ3kc#_ftn1\"><strong>[1]<\/strong><\/a><strong>\u00a0\u00bb.<\/strong><\/p>\n<p><strong>Loin d\u2019\u00eatre une m\u00e8re possessive, Marie conduit toujours \u00e0 J\u00e9sus comme elle l\u2019a fait lors des noces de Cana\u00a0: \u00ab\u00a0Faites tout ce qu\u2019il vous dira\u00a0\u00bb (cf. Jn 2, 5). \u00c9pouse de l\u2019Esprit Saint, don de Dieu qui fait grandir l\u2019\u00c9glise, Marie contribue par son intercession \u00e0 la croissance de la foi et du Corps du Christ, l\u2019\u00c9glise.<\/strong><\/p>\n<p><strong>La maternit\u00e9 divine de Marie ne s\u2019arr\u00eate pas \u00e0 No\u00ebl. Elle se d\u00e9ploie jusqu\u2019au Calvaire o\u00f9 J\u00e9sus la donne comme m\u00e8re spirituelle \u00e0 Jean, le disciple bien-aim\u00e9 qui repr\u00e9sente l\u2019\u00c9glise, et \u00e0 la Pentec\u00f4te o\u00f9 l\u2019Esprit Saint descendra sur les ap\u00f4tres en pri\u00e8re au C\u00e9nacle et sur une multitude de croyants rassembl\u00e9s \u00e0 J\u00e9rusalem.<\/strong><\/p>\n<p><strong>Sur le Calvaire, une \u00e9p\u00e9e a transperc\u00e9 l\u2019\u00e2me de Marie (cf. Lc 2, 35). Les ic\u00f4nes de la M\u00e8re de Dieu placent une \u00e9toile sur son front et sur ses \u00e9paules, symboles de la virginit\u00e9 avant, pendant et apr\u00e8s l\u2019accouchement. En revanche, sur le Calvaire, Marie a connu la d\u00e9chirure de l\u2019\u00e2me. La foi et la maternit\u00e9 spirituelle de Marie ne sont pas all\u00e9s sans souffrance.<\/strong><\/p>\n<p><strong>L\u2019annonce de la Parole de Dieu pour que les \u00e2mes naissent \u00e0 la vie de Dieu passe par la d\u00e9chirure de l\u2019accouchement. S\u0153ur In\u00e9s de Jes\u00fas O.P., (\u20201993) moniale dominicaine du monast\u00e8re de Caleruega (Burgos, Espagne), a \u00e9crit que \u00ab\u00a0les accouchements des \u00e2mes provoquent des d\u00e9chirures\u00a0\u00bb (Journal spirituel in\u00e9dit, 28 ao\u00fbt 1973). La maternit\u00e9 spirituelle, qui favorise la nouvelle naissance des \u00e2mes \u00e0 la vie de Dieu, passe par les souffrances de l\u2019accouchement de la nouvelle cr\u00e9ation comme l\u2019enseigne saint Paul<\/strong><a href=\"https:\/\/fr.zenit.org\/articles\/les-enjeux-du-dimanche-de-la-parole-de-dieu-institue-par-le-pape-francois\/?utm_medium=email&amp;utm_campaign=10102019+-+Linstitut+financier+du+Vatican+en+bonne+sant+1570731402+ZNP&amp;utm_content=10102019+-+Linstitut+financier+du+Vatican+en+bonne+sant+1570731402+ZNP+CID_4963b649d20fb72f266ad834f551acdf&amp;utm_source=Editions&amp;utm_term=Les+enjeux+du+Dimanche+de+la+Parole+de+Dieu+institu+par+le+pape+Franois&amp;fbclid=IwAR1IhhIsGEg4lci_PAJEXMxQ7ZcPwP60uC0Q9bVt4KK_C15kwlTodnlZ3kc#_ftn2\"><strong>[2]<\/strong><\/a><strong>.<\/strong><\/p>\n<p><strong>Glorifi\u00e9e en son corps et en son \u00e2me la Vierge Marie, la M\u00e8re de Dieu, continue d\u2019\u0153uvrer aux c\u00f4t\u00e9s de son Fils pour la croissance du Christ total, la T\u00eate, J\u00e9sus, et les membres, les baptis\u00e9s et ceux qui croient en lui. Bossuet d\u00e9finissait l\u2019\u00c9glise comme le Christ r\u00e9pandu et communiqu\u00e9.<\/strong><\/p>\n<p><strong>M\u00e8re du Verbe fait chair en elle, Marie grandit dans sa mission de faire conna\u00eetre et aimer son Fils qu\u2019elle a accueilli et donn\u00e9 au monde. D\u2019o\u00f9 son r\u00f4le dans l\u2019\u00e9vang\u00e9lisation. De tr\u00e8s nombreuses congr\u00e9gations religieuses missionnaires ont choisi le patronage de la Vierge Marie, la M\u00e8re de la Parole de Dieu. Sur environ 400 congr\u00e9gations f\u00e9minines de vie apostolique 130 portent un nom marial<\/strong><a href=\"https:\/\/fr.zenit.org\/articles\/les-enjeux-du-dimanche-de-la-parole-de-dieu-institue-par-le-pape-francois\/?utm_medium=email&amp;utm_campaign=10102019+-+Linstitut+financier+du+Vatican+en+bonne+sant+1570731402+ZNP&amp;utm_content=10102019+-+Linstitut+financier+du+Vatican+en+bonne+sant+1570731402+ZNP+CID_4963b649d20fb72f266ad834f551acdf&amp;utm_source=Editions&amp;utm_term=Les+enjeux+du+Dimanche+de+la+Parole+de+Dieu+institu+par+le+pape+Franois&amp;fbclid=IwAR1IhhIsGEg4lci_PAJEXMxQ7ZcPwP60uC0Q9bVt4KK_C15kwlTodnlZ3kc#_ftn1\"><strong>[1]<\/strong><\/a><strong>. Personne n\u2019a aim\u00e9 autant le Verbe fait chair que Marie. Nul n\u2019a accueilli avec autant de foi et d\u2019amour la Parole de Dieu que Marie.<\/strong><\/p>\n<p><strong>Dans la vie d\u2019un chr\u00e9tien, il y a un va-et-vient entre la pri\u00e8re et l\u2019approfondissement de la Parole de Dieu. Plus la Parole de Dieu est \u00e9cout\u00e9e et pri\u00e9e et plus le fid\u00e8le a soif de chercher la richesse des sens de l\u2019\u00c9criture. Tr\u00e9sor in\u00e9puisable, source d\u2019eau vive jamais tarie, comme le dit saint Ephrem cit\u00e9 par le pape Fran\u00e7ois au d\u00e9but de cette lettre apostolique \u00ab\u00a0Aperuit illis\u00a0\u00bb.<\/strong><\/p>\n<p><strong>Le p\u00e8re Marie-Joseph Lagrange (\u20201938), avait inaugur\u00e9 l\u2019\u00c9cole biblique de J\u00e9rusalem avec une grande vision du sens et du futur de l\u2019interpr\u00e9tation de la Parole de Dieu\u00a0:\u00a0\u00ab\u00a0Dieu a donn\u00e9 dans la Bible un champ infini de progr\u00e8s dans la v\u00e9rit\u00e9\u00a0\u00bb.<\/strong><\/p>\n<p><strong>Le but de ce nouveau \u00ab\u00a0dimanche de la Parole de Dieu\u00a0\u00bb est de faire aimer davantage la r\u00e9v\u00e9lation divine et de la mettre en pratique. En effet, la liturgie porte la Parole de Dieu \u00e0 l\u2019instar d\u2019un \u00e9crin qui contient un bijou.<\/strong><\/p>\n<p><strong>Le fondamentalisme repr\u00e9sente un p\u00e9ch\u00e9 contre l\u2019intelligence. La v\u00e9rit\u00e9 \u00e9vang\u00e9lique ne ressemble pas \u00e0 une statue en b\u00e9ton. La V\u00e9rit\u00e9 est Chemin et Vie en la personne de J\u00e9sus<\/strong><a href=\"https:\/\/fr.zenit.org\/articles\/les-enjeux-du-dimanche-de-la-parole-de-dieu-institue-par-le-pape-francois\/?utm_medium=email&amp;utm_campaign=10102019+-+Linstitut+financier+du+Vatican+en+bonne+sant+1570731402+ZNP&amp;utm_content=10102019+-+Linstitut+financier+du+Vatican+en+bonne+sant+1570731402+ZNP+CID_4963b649d20fb72f266ad834f551acdf&amp;utm_source=Editions&amp;utm_term=Les+enjeux+du+Dimanche+de+la+Parole+de+Dieu+institu+par+le+pape+Franois&amp;fbclid=IwAR1IhhIsGEg4lci_PAJEXMxQ7ZcPwP60uC0Q9bVt4KK_C15kwlTodnlZ3kc#_ftn2\"><strong>[2]<\/strong><\/a><strong>. La Parole de Dieu ne cesse de grandir dans le c\u0153ur des chercheurs de V\u00e9rit\u00e9 qui l\u2019\u00e9coutent et la lisent. La Parole de Dieu fait toutes choses nouvelles<\/strong><a href=\"https:\/\/fr.zenit.org\/articles\/les-enjeux-du-dimanche-de-la-parole-de-dieu-institue-par-le-pape-francois\/?utm_medium=email&amp;utm_campaign=10102019+-+Linstitut+financier+du+Vatican+en+bonne+sant+1570731402+ZNP&amp;utm_content=10102019+-+Linstitut+financier+du+Vatican+en+bonne+sant+1570731402+ZNP+CID_4963b649d20fb72f266ad834f551acdf&amp;utm_source=Editions&amp;utm_term=Les+enjeux+du+Dimanche+de+la+Parole+de+Dieu+institu+par+le+pape+Franois&amp;fbclid=IwAR1IhhIsGEg4lci_PAJEXMxQ7ZcPwP60uC0Q9bVt4KK_C15kwlTodnlZ3kc#_ftn3\"><strong>[3]<\/strong><\/a><strong>. Elle \u00e9veille le d\u00e9sir et l\u2019amour. C\u2019est pourquoi la Bible s\u2019ach\u00e8ve avec l\u2019Apocalypse en priant : \u00ab\u00a0Maranatha\u00a0! Viens Seigneur J\u00e9sus\u00a0\u00bb (Ap. 22, 20).<\/strong><\/p>\n<p><strong><em>Saint-Denis (La R\u00e9union. France), le 10 octobre 2019.<\/em><\/strong><\/p>\n<p><strong>**********<\/strong><\/p>\n<p><strong>NOTES<\/strong><\/p>\n<p><a name=\"_ftn1\"><\/a><a href=\"https:\/\/fr.zenit.org\/articles\/les-enjeux-du-dimanche-de-la-parole-de-dieu-institue-par-le-pape-francois\/?utm_medium=email&amp;utm_campaign=10102019+-+Linstitut+financier+du+Vatican+en+bonne+sant+1570731402+ZNP&amp;utm_content=10102019+-+Linstitut+financier+du+Vatican+en+bonne+sant+1570731402+ZNP+CID_4963b649d20fb72f266ad834f551acdf&amp;utm_source=Editions&amp;utm_term=Les+enjeux+du+Dimanche+de+la+Parole+de+Dieu+institu+par+le+pape+Franois&amp;fbclid=IwAR1IhhIsGEg4lci_PAJEXMxQ7ZcPwP60uC0Q9bVt4KK_C15kwlTodnlZ3kc#_ftnref1\"><strong>[1]<\/strong><\/a><strong>\u00a0Brigitte Wach\u00e9, \u00ab\u00a0Marie et les missions dans les congr\u00e9gations f\u00e9minines. Essai de typologie. 147. In\u00a0<em>Marie, premi\u00e8re missionnaire<\/em>. 64<sup>e<\/sup>\u00a0session de la Soci\u00e9t\u00e9 fran\u00e7aise d\u2019\u00e9tudes mariales. Paris, M\u00e9diaspaul, 2007.<\/strong><\/p>\n<p><a name=\"_ftn2\"><\/a><a href=\"https:\/\/fr.zenit.org\/articles\/les-enjeux-du-dimanche-de-la-parole-de-dieu-institue-par-le-pape-francois\/?utm_medium=email&amp;utm_campaign=10102019+-+Linstitut+financier+du+Vatican+en+bonne+sant+1570731402+ZNP&amp;utm_content=10102019+-+Linstitut+financier+du+Vatican+en+bonne+sant+1570731402+ZNP+CID_4963b649d20fb72f266ad834f551acdf&amp;utm_source=Editions&amp;utm_term=Les+enjeux+du+Dimanche+de+la+Parole+de+Dieu+institu+par+le+pape+Franois&amp;fbclid=IwAR1IhhIsGEg4lci_PAJEXMxQ7ZcPwP60uC0Q9bVt4KK_C15kwlTodnlZ3kc#_ftnref2\"><strong>[2]<\/strong><\/a><strong>\u00a0Cf. \u00c9vangile selon saint Jean 14, 6.<\/strong><\/p>\n<p><a name=\"_ftn3\"><\/a><a href=\"https:\/\/fr.zenit.org\/articles\/les-enjeux-du-dimanche-de-la-parole-de-dieu-institue-par-le-pape-francois\/?utm_medium=email&amp;utm_campaign=10102019+-+Linstitut+financier+du+Vatican+en+bonne+sant+1570731402+ZNP&amp;utm_content=10102019+-+Linstitut+financier+du+Vatican+en+bonne+sant+1570731402+ZNP+CID_4963b649d20fb72f266ad834f551acdf&amp;utm_source=Editions&amp;utm_term=Les+enjeux+du+Dimanche+de+la+Parole+de+Dieu+institu+par+le+pape+Franois&amp;fbclid=IwAR1IhhIsGEg4lci_PAJEXMxQ7ZcPwP60uC0Q9bVt4KK_C15kwlTodnlZ3kc#_ftnref3\"><strong>[3]<\/strong><\/a><strong>\u00a0Cf. Apocalypse 21, 5.<\/strong><\/p>\n<p><a href=\"https:\/\/fr.zenit.org\/articles\/les-enjeux-du-dimanche-de-la-parole-de-dieu-institue-par-le-pape-francois\/?utm_medium=email&amp;utm_campaign=10102019+-+Linstitut+financier+du+Vatican+en+bonne+sant+1570731402+ZNP&amp;utm_content=10102019+-+Linstitut+financier+du+Vatican+en+bonne+sant+1570731402+ZNP+CID_4963b649d20fb72f266ad834f551acdf&amp;utm_source=Editions&amp;utm_term=Les+enjeux+du+Dimanche+de+la+Parole+de+Dieu+institu+par+le+pape+Franois&amp;fbclid=IwAR1IhhIsGEg4lci_PAJEXMxQ7ZcPwP60uC0Q9bVt4KK_C15kwlTodnlZ3kc#_ftnref1\"><strong>[1]<\/strong><\/a><strong>\u00a0Jean-Paul II.\u00a0<em>Ecclesia in America<\/em>, n\u00b0 67.<\/strong><\/p>\n<p><a href=\"https:\/\/fr.zenit.org\/articles\/les-enjeux-du-dimanche-de-la-parole-de-dieu-institue-par-le-pape-francois\/?utm_medium=email&amp;utm_campaign=10102019+-+Linstitut+financier+du+Vatican+en+bonne+sant+1570731402+ZNP&amp;utm_content=10102019+-+Linstitut+financier+du+Vatican+en+bonne+sant+1570731402+ZNP+CID_4963b649d20fb72f266ad834f551acdf&amp;utm_source=Editions&amp;utm_term=Les+enjeux+du+Dimanche+de+la+Parole+de+Dieu+institu+par+le+pape+Franois&amp;fbclid=IwAR1IhhIsGEg4lci_PAJEXMxQ7ZcPwP60uC0Q9bVt4KK_C15kwlTodnlZ3kc#_ftnref2\"><strong>[2]<\/strong><\/a><strong>\u00a0Saint Paul. \u00c9p\u00eetre aux Romains 8, 28.<\/strong><\/p>\n<p><a href=\"https:\/\/fr.zenit.org\/articles\/les-enjeux-du-dimanche-de-la-parole-de-dieu-institue-par-le-pape-francois\/?utm_medium=email&amp;utm_campaign=10102019+-+Linstitut+financier+du+Vatican+en+bonne+sant+1570731402+ZNP&amp;utm_content=10102019+-+Linstitut+financier+du+Vatican+en+bonne+sant+1570731402+ZNP+CID_4963b649d20fb72f266ad834f551acdf&amp;utm_source=Editions&amp;utm_term=Les+enjeux+du+Dimanche+de+la+Parole+de+Dieu+institu+par+le+pape+Franois&amp;fbclid=IwAR1IhhIsGEg4lci_PAJEXMxQ7ZcPwP60uC0Q9bVt4KK_C15kwlTodnlZ3kc#_ftnref1\"><strong>[1]<\/strong><\/a><strong>\u00a0Beno\u00eet XVI, Exhortation post-synodale \u00ab\u00a0Verbum Domini\u00a0\u00bb, n\u00b0 27.<\/strong><\/p>\n<p><a href=\"https:\/\/fr.zenit.org\/articles\/les-enjeux-du-dimanche-de-la-parole-de-dieu-institue-par-le-pape-francois\/?utm_medium=email&amp;utm_campaign=10102019+-+Linstitut+financier+du+Vatican+en+bonne+sant+1570731402+ZNP&amp;utm_content=10102019+-+Linstitut+financier+du+Vatican+en+bonne+sant+1570731402+ZNP+CID_4963b649d20fb72f266ad834f551acdf&amp;utm_source=Editions&amp;utm_term=Les+enjeux+du+Dimanche+de+la+Parole+de+Dieu+institu+par+le+pape+Franois&amp;fbclid=IwAR1IhhIsGEg4lci_PAJEXMxQ7ZcPwP60uC0Q9bVt4KK_C15kwlTodnlZ3kc#_ftnref2\"><strong>[2]<\/strong><\/a><strong>\u00a0Saint Thomas d\u2019Aquin, Le Credo, Paris, Nouvelles \u00c9ditions Latines, 1969, n\u00b0 45.<\/strong><\/p>\n<p><a href=\"https:\/\/fr.zenit.org\/articles\/les-enjeux-du-dimanche-de-la-parole-de-dieu-institue-par-le-pape-francois\/?utm_medium=email&amp;utm_campaign=10102019+-+Linstitut+financier+du+Vatican+en+bonne+sant+1570731402+ZNP&amp;utm_content=10102019+-+Linstitut+financier+du+Vatican+en+bonne+sant+1570731402+ZNP+CID_4963b649d20fb72f266ad834f551acdf&amp;utm_source=Editions&amp;utm_term=Les+enjeux+du+Dimanche+de+la+Parole+de+Dieu+institu+par+le+pape+Franois&amp;fbclid=IwAR1IhhIsGEg4lci_PAJEXMxQ7ZcPwP60uC0Q9bVt4KK_C15kwlTodnlZ3kc#_ftnref3\"><strong>[3]<\/strong><\/a><strong>\u00a0CF. Premi\u00e8re \u00e9p\u00eetre de saint Jean 1, 2\u00a0: \u00ab\u00a0La Vie s\u2019est manifest\u00e9e\u00a0\u00bb.<\/strong><\/p>\n<p><a href=\"https:\/\/fr.zenit.org\/articles\/les-enjeux-du-dimanche-de-la-parole-de-dieu-institue-par-le-pape-francois\/?utm_medium=email&amp;utm_campaign=10102019+-+Linstitut+financier+du+Vatican+en+bonne+sant+1570731402+ZNP&amp;utm_content=10102019+-+Linstitut+financier+du+Vatican+en+bonne+sant+1570731402+ZNP+CID_4963b649d20fb72f266ad834f551acdf&amp;utm_source=Editions&amp;utm_term=Les+enjeux+du+Dimanche+de+la+Parole+de+Dieu+institu+par+le+pape+Franois&amp;fbclid=IwAR1IhhIsGEg4lci_PAJEXMxQ7ZcPwP60uC0Q9bVt4KK_C15kwlTodnlZ3kc#_ftnref1\"><strong>[1]<\/strong><\/a><strong>\u00a0Beno\u00eet XVI, Exhortation post-synodale \u00ab\u00a0Verbum Domini\u00a0\u00bb, n\u00b0 27.<\/strong><\/p>\n<p><a href=\"https:\/\/fr.zenit.org\/articles\/les-enjeux-du-dimanche-de-la-parole-de-dieu-institue-par-le-pape-francois\/?utm_medium=email&amp;utm_campaign=10102019+-+Linstitut+financier+du+Vatican+en+bonne+sant+1570731402+ZNP&amp;utm_content=10102019+-+Linstitut+financier+du+Vatican+en+bonne+sant+1570731402+ZNP+CID_4963b649d20fb72f266ad834f551acdf&amp;utm_source=Editions&amp;utm_term=Les+enjeux+du+Dimanche+de+la+Parole+de+Dieu+institu+par+le+pape+Franois&amp;fbclid=IwAR1IhhIsGEg4lci_PAJEXMxQ7ZcPwP60uC0Q9bVt4KK_C15kwlTodnlZ3kc#_ftnref1\"><strong>[1]<\/strong><\/a><strong>\u00a0Saint Ambroise de Milan,\u00a0<em>Epistula<\/em>\u00a049,3\u00a0: PL 16, 1204. Cit\u00e9 dans \u00ab\u00a0La Parole du Seigneur.\u00a0<em>Verbum Domini<\/em>\u00a0\u00bb. Exhortation apostolique post-synodale du pape Beno\u00eet XVI, Paris, 2010, n\u00b0 87.<\/strong><\/p>\n<p><a href=\"https:\/\/fr.zenit.org\/articles\/les-enjeux-du-dimanche-de-la-parole-de-dieu-institue-par-le-pape-francois\/?utm_medium=email&amp;utm_campaign=10102019+-+Linstitut+financier+du+Vatican+en+bonne+sant+1570731402+ZNP&amp;utm_content=10102019+-+Linstitut+financier+du+Vatican+en+bonne+sant+1570731402+ZNP+CID_4963b649d20fb72f266ad834f551acdf&amp;utm_source=Editions&amp;utm_term=Les+enjeux+du+Dimanche+de+la+Parole+de+Dieu+institu+par+le+pape+Franois&amp;fbclid=IwAR1IhhIsGEg4lci_PAJEXMxQ7ZcPwP60uC0Q9bVt4KK_C15kwlTodnlZ3kc#_ftnref1\"><strong>[1]<\/strong><\/a><strong>\u00a0Pape Fran\u00e7ois\u00a0<em>\u00ab\u00a0Aperuit illis\u00a0\u00bb,<\/em>\u00a0n\u00b0 12.<\/strong><\/p>\n<p><a href=\"https:\/\/fr.zenit.org\/articles\/les-enjeux-du-dimanche-de-la-parole-de-dieu-institue-par-le-pape-francois\/?utm_medium=email&amp;utm_campaign=10102019+-+Linstitut+financier+du+Vatican+en+bonne+sant+1570731402+ZNP&amp;utm_content=10102019+-+Linstitut+financier+du+Vatican+en+bonne+sant+1570731402+ZNP+CID_4963b649d20fb72f266ad834f551acdf&amp;utm_source=Editions&amp;utm_term=Les+enjeux+du+Dimanche+de+la+Parole+de+Dieu+institu+par+le+pape+Franois&amp;fbclid=IwAR1IhhIsGEg4lci_PAJEXMxQ7ZcPwP60uC0Q9bVt4KK_C15kwlTodnlZ3kc#_ftnref2\"><strong>[2]<\/strong><\/a><strong>\u00a0Pape Fran\u00e7ois, \u00ab\u00a0Aperuit illis\u00a0\u00bb, n\u00b0 2.<\/strong><\/p>\n<p><a href=\"https:\/\/fr.zenit.org\/articles\/les-enjeux-du-dimanche-de-la-parole-de-dieu-institue-par-le-pape-francois\/?utm_medium=email&amp;utm_campaign=10102019+-+Linstitut+financier+du+Vatican+en+bonne+sant+1570731402+ZNP&amp;utm_content=10102019+-+Linstitut+financier+du+Vatican+en+bonne+sant+1570731402+ZNP+CID_4963b649d20fb72f266ad834f551acdf&amp;utm_source=Editions&amp;utm_term=Les+enjeux+du+Dimanche+de+la+Parole+de+Dieu+institu+par+le+pape+Franois&amp;fbclid=IwAR1IhhIsGEg4lci_PAJEXMxQ7ZcPwP60uC0Q9bVt4KK_C15kwlTodnlZ3kc#_ftnref3\"><strong>[3]<\/strong><\/a><strong>\u00a0\u00c9vangile selon saint Luc 1, 34\u00a0: \u00ab\u00a0Comment cela sera-t-il, puisque je ne connais pas d\u2019homme\u00a0?\u00a0\u00bb, \u00e0 l\u2019Annonciation\u00a0; \u00ab\u00a0Mon enfant, pourquoi nous as-tu fait cela\u00a0?\u00a0\u00bb (Lc 2, 48), lors du recouvrement de J\u00e9sus au Temple de J\u00e9rusalem.<\/strong><\/p>\n<p><a href=\"https:\/\/fr.zenit.org\/articles\/les-enjeux-du-dimanche-de-la-parole-de-dieu-institue-par-le-pape-francois\/?utm_medium=email&amp;utm_campaign=10102019+-+Linstitut+financier+du+Vatican+en+bonne+sant+1570731402+ZNP&amp;utm_content=10102019+-+Linstitut+financier+du+Vatican+en+bonne+sant+1570731402+ZNP+CID_4963b649d20fb72f266ad834f551acdf&amp;utm_source=Editions&amp;utm_term=Les+enjeux+du+Dimanche+de+la+Parole+de+Dieu+institu+par+le+pape+Franois&amp;fbclid=IwAR1IhhIsGEg4lci_PAJEXMxQ7ZcPwP60uC0Q9bVt4KK_C15kwlTodnlZ3kc#_ftnref1\"><strong>[1]<\/strong><\/a><strong>\u00a0Pape Fran\u00e7ois,\u00a0<em>Lettre apostolique \u00ab\u00a0Aperuit illis\u00a0\u00bb, n\u00b0 9.<\/em><\/strong><\/p>\n<p><a href=\"https:\/\/fr.zenit.org\/articles\/les-enjeux-du-dimanche-de-la-parole-de-dieu-institue-par-le-pape-francois\/?utm_medium=email&amp;utm_campaign=10102019+-+Linstitut+financier+du+Vatican+en+bonne+sant+1570731402+ZNP&amp;utm_content=10102019+-+Linstitut+financier+du+Vatican+en+bonne+sant+1570731402+ZNP+CID_4963b649d20fb72f266ad834f551acdf&amp;utm_source=Editions&amp;utm_term=Les+enjeux+du+Dimanche+de+la+Parole+de+Dieu+institu+par+le+pape+Franois&amp;fbclid=IwAR1IhhIsGEg4lci_PAJEXMxQ7ZcPwP60uC0Q9bVt4KK_C15kwlTodnlZ3kc#_ftnref2\"><strong>[2]<\/strong><\/a><strong>\u00a0\u00c9vangile selon saint Luc 24, 32.<\/strong><\/p>\n<p><a href=\"https:\/\/fr.zenit.org\/articles\/les-enjeux-du-dimanche-de-la-parole-de-dieu-institue-par-le-pape-francois\/?utm_medium=email&amp;utm_campaign=10102019+-+Linstitut+financier+du+Vatican+en+bonne+sant+1570731402+ZNP&amp;utm_content=10102019+-+Linstitut+financier+du+Vatican+en+bonne+sant+1570731402+ZNP+CID_4963b649d20fb72f266ad834f551acdf&amp;utm_source=Editions&amp;utm_term=Les+enjeux+du+Dimanche+de+la+Parole+de+Dieu+institu+par+le+pape+Franois&amp;fbclid=IwAR1IhhIsGEg4lci_PAJEXMxQ7ZcPwP60uC0Q9bVt4KK_C15kwlTodnlZ3kc#_ftnref3\"><strong>[3]<\/strong><\/a><strong>\u00a0Pape Fran\u00e7ois, \u00ab\u00a0Aperuit illis\u00a0\u00bb, n\u00b05. Citation aussi d\u2019<em>Evangelii Gaudium,\u00a0<\/em>n\u00b0 142.<\/strong><\/p>\n<p><a name=\"_ftn4\"><\/a><a href=\"https:\/\/fr.zenit.org\/articles\/les-enjeux-du-dimanche-de-la-parole-de-dieu-institue-par-le-pape-francois\/?utm_medium=email&amp;utm_campaign=10102019+-+Linstitut+financier+du+Vatican+en+bonne+sant+1570731402+ZNP&amp;utm_content=10102019+-+Linstitut+financier+du+Vatican+en+bonne+sant+1570731402+ZNP+CID_4963b649d20fb72f266ad834f551acdf&amp;utm_source=Editions&amp;utm_term=Les+enjeux+du+Dimanche+de+la+Parole+de+Dieu+institu+par+le+pape+Franois&amp;fbclid=IwAR1IhhIsGEg4lci_PAJEXMxQ7ZcPwP60uC0Q9bVt4KK_C15kwlTodnlZ3kc#_ftnref4\"><strong>[4]<\/strong><\/a><strong>\u00a0Commission biblique pontificale. Inspiration et v\u00e9rit\u00e9 de l\u2019\u00c9criture sainte, Paris, Bayard, Fleurus-Mame. Cerf, 2014, p. 250.<\/strong><\/p>\n<p><a href=\"https:\/\/fr.zenit.org\/articles\/les-enjeux-du-dimanche-de-la-parole-de-dieu-institue-par-le-pape-francois\/?utm_medium=email&amp;utm_campaign=10102019+-+Linstitut+financier+du+Vatican+en+bonne+sant+1570731402+ZNP&amp;utm_content=10102019+-+Linstitut+financier+du+Vatican+en+bonne+sant+1570731402+ZNP+CID_4963b649d20fb72f266ad834f551acdf&amp;utm_source=Editions&amp;utm_term=Les+enjeux+du+Dimanche+de+la+Parole+de+Dieu+institu+par+le+pape+Franois&amp;fbclid=IwAR1IhhIsGEg4lci_PAJEXMxQ7ZcPwP60uC0Q9bVt4KK_C15kwlTodnlZ3kc#_ftnref1\"><strong>[1]<\/strong><\/a><strong>\u00a0Cf. Enzo Bianchi, \u00ab\u00a0Prier la Parole\u00a0\u00bb, in\u00a0<em>Pr\u00e9cis de th\u00e9ologie pratique<\/em>. Deuxi\u00e8me \u00e9dition augment\u00e9e, Bruxelles,\u00a0<em>Lumen vitae<\/em>, 2007, p. 379.<\/strong><\/p>\n<p><a href=\"https:\/\/fr.zenit.org\/articles\/les-enjeux-du-dimanche-de-la-parole-de-dieu-institue-par-le-pape-francois\/?utm_medium=email&amp;utm_campaign=10102019+-+Linstitut+financier+du+Vatican+en+bonne+sant+1570731402+ZNP&amp;utm_content=10102019+-+Linstitut+financier+du+Vatican+en+bonne+sant+1570731402+ZNP+CID_4963b649d20fb72f266ad834f551acdf&amp;utm_source=Editions&amp;utm_term=Les+enjeux+du+Dimanche+de+la+Parole+de+Dieu+institu+par+le+pape+Franois&amp;fbclid=IwAR1IhhIsGEg4lci_PAJEXMxQ7ZcPwP60uC0Q9bVt4KK_C15kwlTodnlZ3kc#_ftnref2\"><strong>[2]<\/strong><\/a><strong>\u00a0Pape Fran\u00e7ois,\u00a0<em>Lettre apostolique \u00ab\u00a0Aperuit illis\u00a0\u00bb<\/em>, n\u00b0 2.<\/strong><\/p>\n<p><a href=\"https:\/\/fr.zenit.org\/articles\/les-enjeux-du-dimanche-de-la-parole-de-dieu-institue-par-le-pape-francois\/?utm_medium=email&amp;utm_campaign=10102019+-+Linstitut+financier+du+Vatican+en+bonne+sant+1570731402+ZNP&amp;utm_content=10102019+-+Linstitut+financier+du+Vatican+en+bonne+sant+1570731402+ZNP+CID_4963b649d20fb72f266ad834f551acdf&amp;utm_source=Editions&amp;utm_term=Les+enjeux+du+Dimanche+de+la+Parole+de+Dieu+institu+par+le+pape+Franois&amp;fbclid=IwAR1IhhIsGEg4lci_PAJEXMxQ7ZcPwP60uC0Q9bVt4KK_C15kwlTodnlZ3kc#_ftnref3\"><strong>[3]<\/strong><\/a><strong>\u00a0J.M. Cabodevilla,\u00a0<em>Palabras son amores. L\u00edmites y horizontes del dialogo humano,<\/em>\u00a0Madrid, BAC, 1980, p. 251.<\/strong><\/p>\n<p><a href=\"https:\/\/fr.zenit.org\/articles\/les-enjeux-du-dimanche-de-la-parole-de-dieu-institue-par-le-pape-francois\/?utm_medium=email&amp;utm_campaign=10102019+-+Linstitut+financier+du+Vatican+en+bonne+sant+1570731402+ZNP&amp;utm_content=10102019+-+Linstitut+financier+du+Vatican+en+bonne+sant+1570731402+ZNP+CID_4963b649d20fb72f266ad834f551acdf&amp;utm_source=Editions&amp;utm_term=Les+enjeux+du+Dimanche+de+la+Parole+de+Dieu+institu+par+le+pape+Franois&amp;fbclid=IwAR1IhhIsGEg4lci_PAJEXMxQ7ZcPwP60uC0Q9bVt4KK_C15kwlTodnlZ3kc#_ftnref1\"><strong>[1]<\/strong><\/a><strong>\u00a0Cf. Sagesse 2, 24.<\/strong><\/p>\n<p><a href=\"https:\/\/fr.zenit.org\/articles\/les-enjeux-du-dimanche-de-la-parole-de-dieu-institue-par-le-pape-francois\/?utm_medium=email&amp;utm_campaign=10102019+-+Linstitut+financier+du+Vatican+en+bonne+sant+1570731402+ZNP&amp;utm_content=10102019+-+Linstitut+financier+du+Vatican+en+bonne+sant+1570731402+ZNP+CID_4963b649d20fb72f266ad834f551acdf&amp;utm_source=Editions&amp;utm_term=Les+enjeux+du+Dimanche+de+la+Parole+de+Dieu+institu+par+le+pape+Franois&amp;fbclid=IwAR1IhhIsGEg4lci_PAJEXMxQ7ZcPwP60uC0Q9bVt4KK_C15kwlTodnlZ3kc#_ftnref2\"><strong>[2]<\/strong><\/a><strong>\u00a0Pedro Miguel LAMET,\u00a0<em>Arrupe, una explosi\u00f3n en la Iglesia<\/em>, Madrid, ediciones Temas de hoy, 1990. <\/strong><strong>P.158.<\/strong><\/p>\n<p><a href=\"https:\/\/fr.zenit.org\/articles\/les-enjeux-du-dimanche-de-la-parole-de-dieu-institue-par-le-pape-francois\/?utm_medium=email&amp;utm_campaign=10102019+-+Linstitut+financier+du+Vatican+en+bonne+sant+1570731402+ZNP&amp;utm_content=10102019+-+Linstitut+financier+du+Vatican+en+bonne+sant+1570731402+ZNP+CID_4963b649d20fb72f266ad834f551acdf&amp;utm_source=Editions&amp;utm_term=Les+enjeux+du+Dimanche+de+la+Parole+de+Dieu+institu+par+le+pape+Franois&amp;fbclid=IwAR1IhhIsGEg4lci_PAJEXMxQ7ZcPwP60uC0Q9bVt4KK_C15kwlTodnlZ3kc#_ftnref1\"><strong>[1]<\/strong><\/a><strong>\u00a0\u00c9vangile selon saint Jean 15,13.<\/strong><\/p>\n<p><a href=\"https:\/\/fr.zenit.org\/articles\/les-enjeux-du-dimanche-de-la-parole-de-dieu-institue-par-le-pape-francois\/?utm_medium=email&amp;utm_campaign=10102019+-+Linstitut+financier+du+Vatican+en+bonne+sant+1570731402+ZNP&amp;utm_content=10102019+-+Linstitut+financier+du+Vatican+en+bonne+sant+1570731402+ZNP+CID_4963b649d20fb72f266ad834f551acdf&amp;utm_source=Editions&amp;utm_term=Les+enjeux+du+Dimanche+de+la+Parole+de+Dieu+institu+par+le+pape+Franois&amp;fbclid=IwAR1IhhIsGEg4lci_PAJEXMxQ7ZcPwP60uC0Q9bVt4KK_C15kwlTodnlZ3kc#_ftnref2\"><strong>[2]<\/strong><\/a><strong>\u00a0\u00c9vangile selon saint Matthieu 11,28-30.<\/strong><\/p>\n<p><a href=\"https:\/\/fr.zenit.org\/articles\/les-enjeux-du-dimanche-de-la-parole-de-dieu-institue-par-le-pape-francois\/?utm_medium=email&amp;utm_campaign=10102019+-+Linstitut+financier+du+Vatican+en+bonne+sant+1570731402+ZNP&amp;utm_content=10102019+-+Linstitut+financier+du+Vatican+en+bonne+sant+1570731402+ZNP+CID_4963b649d20fb72f266ad834f551acdf&amp;utm_source=Editions&amp;utm_term=Les+enjeux+du+Dimanche+de+la+Parole+de+Dieu+institu+par+le+pape+Franois&amp;fbclid=IwAR1IhhIsGEg4lci_PAJEXMxQ7ZcPwP60uC0Q9bVt4KK_C15kwlTodnlZ3kc#_ftnref3\"><strong>[3]<\/strong><\/a><strong>\u00a0\u00c9p\u00eetre de saint Paul aux Corinthiens, 13, 5-8.<\/strong><\/p>\n<p><a href=\"https:\/\/fr.zenit.org\/articles\/les-enjeux-du-dimanche-de-la-parole-de-dieu-institue-par-le-pape-francois\/?utm_medium=email&amp;utm_campaign=10102019+-+Linstitut+financier+du+Vatican+en+bonne+sant+1570731402+ZNP&amp;utm_content=10102019+-+Linstitut+financier+du+Vatican+en+bonne+sant+1570731402+ZNP+CID_4963b649d20fb72f266ad834f551acdf&amp;utm_source=Editions&amp;utm_term=Les+enjeux+du+Dimanche+de+la+Parole+de+Dieu+institu+par+le+pape+Franois&amp;fbclid=IwAR1IhhIsGEg4lci_PAJEXMxQ7ZcPwP60uC0Q9bVt4KK_C15kwlTodnlZ3kc#_ftnref1\"><strong>[1]<\/strong><\/a><strong>\u00a0Pape Fran\u00e7ois,\u00a0<em>Lettre apostolique \u00ab\u00a0Aperuit illis\u00a0\u00bb<\/em>, n\u00b01. Cf. \u00c9vangile selon saint Luc 24, 45.<\/strong><\/p>\n<p><a href=\"https:\/\/fr.zenit.org\/articles\/les-enjeux-du-dimanche-de-la-parole-de-dieu-institue-par-le-pape-francois\/?utm_medium=email&amp;utm_campaign=10102019+-+Linstitut+financier+du+Vatican+en+bonne+sant+1570731402+ZNP&amp;utm_content=10102019+-+Linstitut+financier+du+Vatican+en+bonne+sant+1570731402+ZNP+CID_4963b649d20fb72f266ad834f551acdf&amp;utm_source=Editions&amp;utm_term=Les+enjeux+du+Dimanche+de+la+Parole+de+Dieu+institu+par+le+pape+Franois&amp;fbclid=IwAR1IhhIsGEg4lci_PAJEXMxQ7ZcPwP60uC0Q9bVt4KK_C15kwlTodnlZ3kc#_ftnref2\"><strong>[2]<\/strong><\/a><strong>\u00a0Cf. \u00c9vangile selon saint Luc 24, 48.<\/strong><\/p>\n<p><a href=\"https:\/\/fr.zenit.org\/articles\/les-enjeux-du-dimanche-de-la-parole-de-dieu-institue-par-le-pape-francois\/?utm_medium=email&amp;utm_campaign=10102019+-+Linstitut+financier+du+Vatican+en+bonne+sant+1570731402+ZNP&amp;utm_content=10102019+-+Linstitut+financier+du+Vatican+en+bonne+sant+1570731402+ZNP+CID_4963b649d20fb72f266ad834f551acdf&amp;utm_source=Editions&amp;utm_term=Les+enjeux+du+Dimanche+de+la+Parole+de+Dieu+institu+par+le+pape+Franois&amp;fbclid=IwAR1IhhIsGEg4lci_PAJEXMxQ7ZcPwP60uC0Q9bVt4KK_C15kwlTodnlZ3kc#_ftnref3\"><strong>[3]<\/strong><\/a><strong>\u00a0\u00c9vangile selon saint Jean 1, 18.<\/strong><\/p>\n<p><a href=\"https:\/\/fr.zenit.org\/articles\/les-enjeux-du-dimanche-de-la-parole-de-dieu-institue-par-le-pape-francois\/?utm_medium=email&amp;utm_campaign=10102019+-+Linstitut+financier+du+Vatican+en+bonne+sant+1570731402+ZNP&amp;utm_content=10102019+-+Linstitut+financier+du+Vatican+en+bonne+sant+1570731402+ZNP+CID_4963b649d20fb72f266ad834f551acdf&amp;utm_source=Editions&amp;utm_term=Les+enjeux+du+Dimanche+de+la+Parole+de+Dieu+institu+par+le+pape+Franois&amp;fbclid=IwAR1IhhIsGEg4lci_PAJEXMxQ7ZcPwP60uC0Q9bVt4KK_C15kwlTodnlZ3kc#_ftnref4\"><strong>[4]<\/strong><\/a><strong>\u00a0Cf. \u00c9vangile selon saint Matthieu 13, 19.<\/strong><\/p>\n<p><a name=\"_ftn5\"><\/a><a href=\"https:\/\/fr.zenit.org\/articles\/les-enjeux-du-dimanche-de-la-parole-de-dieu-institue-par-le-pape-francois\/?utm_medium=email&amp;utm_campaign=10102019+-+Linstitut+financier+du+Vatican+en+bonne+sant+1570731402+ZNP&amp;utm_content=10102019+-+Linstitut+financier+du+Vatican+en+bonne+sant+1570731402+ZNP+CID_4963b649d20fb72f266ad834f551acdf&amp;utm_source=Editions&amp;utm_term=Les+enjeux+du+Dimanche+de+la+Parole+de+Dieu+institu+par+le+pape+Franois&amp;fbclid=IwAR1IhhIsGEg4lci_PAJEXMxQ7ZcPwP60uC0Q9bVt4KK_C15kwlTodnlZ3kc#_ftnref5\"><strong>[5]<\/strong><\/a><strong>\u00a0\u00c9vangile de J\u00e9sus-Christ selon saint Luc 24, 26.<\/strong><\/p>\n<p><a href=\"https:\/\/fr.zenit.org\/articles\/les-enjeux-du-dimanche-de-la-parole-de-dieu-institue-par-le-pape-francois\/?utm_medium=email&amp;utm_campaign=10102019+-+Linstitut+financier+du+Vatican+en+bonne+sant+1570731402+ZNP&amp;utm_content=10102019+-+Linstitut+financier+du+Vatican+en+bonne+sant+1570731402+ZNP+CID_4963b649d20fb72f266ad834f551acdf&amp;utm_source=Editions&amp;utm_term=Les+enjeux+du+Dimanche+de+la+Parole+de+Dieu+institu+par+le+pape+Franois&amp;fbclid=IwAR1IhhIsGEg4lci_PAJEXMxQ7ZcPwP60uC0Q9bVt4KK_C15kwlTodnlZ3kc#_ftnref1\"><strong>[1]<\/strong><\/a><strong>\u00a0Pape Fran\u00e7ois,\u00a0<em>Lettre apostolique \u00ab\u00a0Aperuit illis\u00a0\u00bb<\/em>\u00a0du lundi 30 septembre 2019 en forme de \u00ab\u00a0Motu proprio\u00a0\u00bb,<\/strong><\/p>\n<p><a href=\"https:\/\/fr.zenit.org\/articles\/les-enjeux-du-dimanche-de-la-parole-de-dieu-institue-par-le-pape-francois\/?utm_medium=email&amp;utm_campaign=10102019+-+Linstitut+financier+du+Vatican+en+bonne+sant+1570731402+ZNP&amp;utm_content=10102019+-+Linstitut+financier+du+Vatican+en+bonne+sant+1570731402+ZNP+CID_4963b649d20fb72f266ad834f551acdf&amp;utm_source=Editions&amp;utm_term=Les+enjeux+du+Dimanche+de+la+Parole+de+Dieu+institu+par+le+pape+Franois&amp;fbclid=IwAR1IhhIsGEg4lci_PAJEXMxQ7ZcPwP60uC0Q9bVt4KK_C15kwlTodnlZ3kc#_ftnref2\"><strong>[2]<\/strong><\/a><strong>\u00a0Voir aussi Jean Guitton,\u00a0<em>Portrait du p\u00e8re Lagrange.<\/em>\u00a0<em>Celui qui a r\u00e9concili\u00e9 la science et la foi.<\/em>\u00a0Paris, \u00c9ditions Robert Laffont, 1992.<\/strong><\/p>\n<p><a href=\"https:\/\/fr.zenit.org\/articles\/les-enjeux-du-dimanche-de-la-parole-de-dieu-institue-par-le-pape-francois\/?utm_medium=email&amp;utm_campaign=10102019+-+Linstitut+financier+du+Vatican+en+bonne+sant+1570731402+ZNP&amp;utm_content=10102019+-+Linstitut+financier+du+Vatican+en+bonne+sant+1570731402+ZNP+CID_4963b649d20fb72f266ad834f551acdf&amp;utm_source=Editions&amp;utm_term=Les+enjeux+du+Dimanche+de+la+Parole+de+Dieu+institu+par+le+pape+Franois&amp;fbclid=IwAR1IhhIsGEg4lci_PAJEXMxQ7ZcPwP60uC0Q9bVt4KK_C15kwlTodnlZ3kc#_ftnref3\"><strong>[3]<\/strong><\/a><strong>\u00a0Il Cardinale Carlo Maria Martini, S. J.<\/strong><\/p>\n<p><strong><em>Gerusalemme, 22 luglio 2007<\/em><\/strong><\/p>\n<p><strong><em>Molto reverendo e caro padre Manuel Rivero o. p.\u00a0,<\/em><\/strong><\/p>\n<p><strong><em>Le sono molto grato per la sua lettera dell\u201911 maggio 2007, consegnatami dal nuovo Padre Priore del convento di santo Stefano di Gerusalemme.<\/em><\/strong><\/p>\n<p><strong><em>Mi d\u00e0 grande gioia la notizia che la causa di beatificazione del padre Marie Joseph Lagrange, fondatore della Ecole Biblique di Gerusalemme, \u00e8 gi\u00e0 assai avanti. Personalmente non ho conosciuto il padre Lagrange, ma ricordo l\u2019impressione grande che ricevetti dalla lettura del suoi primi articoli sulla Revue Biblique, lettura che feci all\u2019inizio dei miei studi biblici. Anche in seguito ho tratto molto profitto dai suoi commenti ai vangeli, e, pur non conoscendo i particolari, ho ammirato la sua grande obbedienza nel vivere il suo carisma di esegeta in piena disponibilit\u00e0 a fare quanto gli veniva chiesto.<\/em><\/strong><\/p>\n<p><strong><em>Ho sempre guardato con gratitudine a questa figura di studioso e di figlio devoto della Chiesa, e sono lieto di sapere che egli era anche un uomo fervente, un uomo la cui preghiera era fuoco.<\/em><\/strong><\/p>\n<p><strong><em>Ritengo che il padre Lagrange sia come l\u2019iniziatore di tutta la rinascita cattolica degli studi biblici. Il pensare che all\u2019inizio ci sia stato un santo ci conforta nel vivere questi studi con l\u2019attitudine di San Girolamo e degli altri esegeti santi, che hanno cercato nella scrittura il volto di Dio.<\/em><\/strong><\/p>\n<p><strong><em>Sar\u00f2 molto lieto nel sapere ulteriori notizie sullo sviluppo della causa e prego fin da ora perch\u00e9 essa serva a far conoscere questo uomo straordinario, questo figlio obbediente della Chiesa, questo umile servitore del Vangelo.<\/em><\/strong><\/p>\n<p><strong><em>Suo in X.o<\/em><\/strong><\/p>\n<p><strong><em>Carlo Maria Card. <\/em><\/strong><strong><em>Martini<\/em><\/strong><\/p>\n<p><strong>(<em>La Revue du Rosaire<\/em>, n\u00b0 193, septembre 2007)<\/strong><\/p>\n<p><strong>\u00a0<\/strong><\/p>\n<p><strong><em>Copyright 2019 \u2013 Fr Manuel Rivero O.P.<\/em><\/strong><\/p>\n<p><strong>OCTOBRE 10, 2019 13:39<\/strong><a href=\"https:\/\/fr.zenit.org\/articles\/category\/spiritualite-priere\/\"><strong>SPIRITUALIT\u00c9, PRI\u00c8RE<\/strong><\/a><strong>,\u00a0<\/strong><a href=\"https:\/\/fr.zenit.org\/articles\/category\/theologie\/\"><strong>TH\u00c9OLOGIE<\/strong><\/a><\/p>\n<p><a href=\"https:\/\/fr.zenit.org\/articles\/les-enjeux-du-dimanche-de-la-parole-de-dieu-institue-par-le-pape-francois\/?utm_medium=email&amp;utm_campaign=10102019+-+Linstitut+financier+du+Vatican+en+bonne+sant+1570731402+ZNP&amp;utm_content=10102019+-+Linstitut+financier+du+Vatican+en+bonne+sant+1570731402+ZNP+CID_4963b649d20fb72f266ad834f551acdf&amp;utm_source=Editions&amp;utm_term=Les+enjeux+du+Dimanche+de+la+Parole+de+Dieu+institu+par+le+pape+Franois&amp;fbclid=IwAR1IhhIsGEg4lci_PAJEXMxQ7ZcPwP60uC0Q9bVt4KK_C15kwlTodnlZ3kc\">https:\/\/fr.zenit.org\/articles\/les-enjeux-du-dimanche-de-la-parole-de-dieu-institue-par-le-pape-francois\/?utm_medium=email&amp;utm_campaign=10102019+-+Linstitut+financier+du+Vatican+en+bonne+sant+1570731402+ZNP&amp;utm_content=10102019+-+Linstitut+financier+du+Vatican+en+bonne+sant+1570731402+ZNP+CID_4963b649d20fb72f266ad834f551acdf&amp;utm_source=Editions&amp;utm_term=Les+enjeux+du+Dimanche+de+la+Parole+de+Dieu+institu+par+le+pape+Franois&amp;fbclid=IwAR1IhhIsGEg4lci_PAJEXMxQ7ZcPwP60uC0Q9bVt4KK_C15kwlTodnlZ3kc<\/a><\/p>\n<p><strong>\u00a0<\/strong><\/p>\n<p>&nbsp;<\/p>\n","protected":false},"excerpt":{"rendered":"<p>Les enjeux du \u00abDimanche de la Parole de Dieu\u00bb institu\u00e9 par le pape Fran\u00e7ois Pour des \u00abc\u0153urs br\u00fblants\u00bb OCTOBRE 10, 2019 13:39FR. MANUEL RIVERO O.P. SPIRITUALIT\u00c9, PRI\u00c8RE,\u00a0TH\u00c9OLOGIE Fr. Manuel Rivero O.P., pr\u00e9sident de l\u2019Association des amis du p\u00e8re Lagrange O.P. \u2013 fondateur de l\u2019\u00c9cole biblique de J\u00e9rusalem -, est cur\u00e9 de la cath\u00e9drale de Saint-Denis &#8230;<\/p>\n<p><a href=\"https:\/\/www.mj-lagrange.org\/?p=14563\" class=\"more-link\">Continue reading &lsquo;Paru sur Zenit : Les enjeux du \u00ab\u00a0Dimanche de la Parole de Dieu\u00a0\u00bb institu\u00e9 par le pape Fran\u00e7ois par fr. Manuel Rivero o.p.&rsquo; &raquo;<\/a><\/p>\n","protected":false},"author":2,"featured_media":0,"comment_status":"closed","ping_status":"closed","sticky":false,"template":"","format":"standard","meta":{"footnotes":""},"categories":[153],"tags":[],"class_list":["post-14563","post","type-post","status-publish","format-standard","hentry","category-le-pere-lagrange-sur-zenit-le-monde-vu-de-rome"],"_links":{"self":[{"href":"https:\/\/www.mj-lagrange.org\/index.php?rest_route=\/wp\/v2\/posts\/14563","targetHints":{"allow":["GET"]}}],"collection":[{"href":"https:\/\/www.mj-lagrange.org\/index.php?rest_route=\/wp\/v2\/posts"}],"about":[{"href":"https:\/\/www.mj-lagrange.org\/index.php?rest_route=\/wp\/v2\/types\/post"}],"author":[{"embeddable":true,"href":"https:\/\/www.mj-lagrange.org\/index.php?rest_route=\/wp\/v2\/users\/2"}],"replies":[{"embeddable":true,"href":"https:\/\/www.mj-lagrange.org\/index.php?rest_route=%2Fwp%2Fv2%2Fcomments&post=14563"}],"version-history":[{"count":1,"href":"https:\/\/www.mj-lagrange.org\/index.php?rest_route=\/wp\/v2\/posts\/14563\/revisions"}],"predecessor-version":[{"id":14564,"href":"https:\/\/www.mj-lagrange.org\/index.php?rest_route=\/wp\/v2\/posts\/14563\/revisions\/14564"}],"wp:attachment":[{"href":"https:\/\/www.mj-lagrange.org\/index.php?rest_route=%2Fwp%2Fv2%2Fmedia&parent=14563"}],"wp:term":[{"taxonomy":"category","embeddable":true,"href":"https:\/\/www.mj-lagrange.org\/index.php?rest_route=%2Fwp%2Fv2%2Fcategories&post=14563"},{"taxonomy":"post_tag","embeddable":true,"href":"https:\/\/www.mj-lagrange.org\/index.php?rest_route=%2Fwp%2Fv2%2Ftags&post=14563"}],"curies":[{"name":"wp","href":"https:\/\/api.w.org\/{rel}","templated":true}]}}