{"id":14690,"date":"2021-12-08T10:17:44","date_gmt":"2021-12-08T09:17:44","guid":{"rendered":"https:\/\/www.mj-lagrange.org\/?p=14690"},"modified":"2021-12-08T10:36:42","modified_gmt":"2021-12-08T09:36:42","slug":"fete-de-limmaculee-conception-le-8-decembre-2021","status":"publish","type":"post","link":"https:\/\/www.mj-lagrange.org\/?p=14690","title":{"rendered":"F\u00eate de l\u2019Immacul\u00e9e Conception, le 8 d\u00e9cembre 2021"},"content":{"rendered":"<div class=\"fcbkbttn_buttons_block\" id=\"fcbkbttn_left\"><div class=\"fcbkbttn_button\">\n\t\t\t\t\t<a href=\"https:\/\/www.facebook.com\/\" target=\"_blank\">\n\t\t\t\t\t\t<img decoding=\"async\" src=\"https:\/\/mj-lagrange.org\/wp-content\/plugins\/facebook-button-plugin\/images\/standard-facebook-ico.png\" alt=\"Fb-Button\" \/>\n\t\t\t\t\t<\/a>\n\t\t\t\t<\/div><div class=\"fcbkbttn_like \"><fb:like href=\"https:\/\/www.mj-lagrange.org\/?p=14690\" action=\"like\" colorscheme=\"light\" layout=\"standard\"  width=\"225px\" size=\"small\"><\/fb:like><\/div><\/div><p><span style=\"color: #993300;\"><strong>Avent 2021 jevismafoi.com<\/strong><\/span><br \/>\n<span style=\"color: #3366ff;\"><strong>L\u2019Immacul\u00e9e et l\u2019Ann\u00e9e saint Joseph, \u00ab\u00a0le grand silencieux\u00a0\u00bb\u00a0<\/strong><\/span><br \/>\n<span style=\"color: #3366ff;\"><strong><em>F\u00eate de l\u2019Immacul\u00e9e Conception, le 8 d\u00e9cembre 2021<\/em><\/strong><\/span><\/p>\n<p>Fr. Manuel Rivero O.P.<\/p>\n<p><strong>B\u00e9ni soit Dieu, le P\u00e8re de J\u00e9sus le Christ, qui a combl\u00e9 de gr\u00e2ce la Vierge Marie d\u00e8s l\u2019instant de sa conception dans le sein de sa m\u00e8re, que la tradition appelle Anne et dont l\u2019\u00e9poux \u00e9tait Joachim\u00a0!<\/strong><\/p>\n<p><strong>Qui dit \u00ab\u00a0Immacul\u00e9e Conception\u00a0\u00bb \u00e9voque un myst\u00e8re cach\u00e9 aux yeux des hommes. Il arrive que des journalistes confondent \u00ab\u00a0Immacul\u00e9e Conception\u00a0\u00bb et \u00ab\u00a0conception virginale\u00a0\u00bb de J\u00e9sus par Marie \u00e0 l\u2019Annonciation par l\u2019action de l\u2019Esprit Saint.<\/strong><\/p>\n<p><strong>L\u2019Immacul\u00e9e Conception oriente notre r\u00e9flexion vers un couple, Anne et Joachim, qui con\u00e7oivent leur enfant, Marie, dans l\u2019union conjugale accomplie comme toutes les unions sexuelles des parents. C\u2019est ainsi que la saintet\u00e9 conjugale est reconnue et exalt\u00e9e. Source de gr\u00e2ce et sacrement de l\u2019union avec Dieu, l\u2019union de l\u2019homme et de la femme dans le mariage manifeste la volont\u00e9 de Dieu qui a tenu \u00e0 se r\u00e9v\u00e9ler dans l\u2019amour humain. R\u00e9cemment, un homme mari\u00e9 d\u00e9clarait avoir d\u00e9couvert la pr\u00e9sence de Dieu dans le regard d\u2019amour de son \u00e9pouse.<\/strong><\/p>\n<p><strong>Ce n\u2019est que le 8 d\u00e9cembre 1854 que le pape Pie IX a proclam\u00e9 le dogme de l\u2019Immacul\u00e9e Conception dans la bulle <em>Ineffabilis Deus\u00a0<\/em>: \u00ab\u00a0L\u2019\u00e2me de la Vierge Marie, au premier instant de sa cr\u00e9ation et de son infusion dans le corps, a \u00e9t\u00e9, par gr\u00e2ce sp\u00e9ciale et privil\u00e8ge de Dieu, en consid\u00e9ration des m\u00e9rites de J\u00e9sus-Christ [\u2026] pr\u00e9serv\u00e9e de la tache du p\u00e9ch\u00e9 originel.\u00a0\u00bb<\/strong><\/p>\n<p><strong>Le p\u00e9ch\u00e9 originel, p\u00e9ch\u00e9 des origines de l\u2019humanit\u00e9, se trouve \u00e0 l\u2019origine du trouble de la concupiscence, du tiraillement int\u00e9rieur entre le bien et le mal sans oublier l\u2019aveuglement de l\u2019esprit humain oppos\u00e9 \u00e0 la connaissance de la foi.<\/strong><\/p>\n<p><strong><a href=\"https:\/\/mj-lagrange.org\/wp-content\/uploads\/2021\/12\/Immaculee-Conception-hommage-roses.jpg\"><img loading=\"lazy\" decoding=\"async\" class=\"alignleft size-medium wp-image-14695\" src=\"https:\/\/mj-lagrange.org\/wp-content\/uploads\/2021\/12\/Immaculee-Conception-hommage-roses-242x300.jpg\" alt=\"\" width=\"242\" height=\"300\" srcset=\"https:\/\/mj-lagrange.org\/wp-content\/uploads\/2021\/12\/Immaculee-Conception-hommage-roses-242x300.jpg 242w, https:\/\/mj-lagrange.org\/wp-content\/uploads\/2021\/12\/Immaculee-Conception-hommage-roses.jpg 619w\" sizes=\"auto, (max-width: 242px) 100vw, 242px\" \/><\/a>C\u00e9l\u00e9brer l\u2019Immacul\u00e9e Conception veut dire que Marie, combl\u00e9e de gr\u00e2ce, n\u2019a jamais laiss\u00e9 de place en elle pour le choix du mal. Il s\u2019agit de la gr\u00e2ce de la foi qui agit par la charit\u00e9. Au lieu d\u2019\u00e9chapper \u00e0 l\u2019aventure de la foi en Dieu, l\u2019Immacul\u00e9e Conception a enracin\u00e9e Marie dans la foi en son Fils J\u00e9sus. Saint Luc a bien pr\u00e9cis\u00e9 que Marie et Joseph n\u2019ont pas tout compris (cf. Lc 2,50).<\/strong><\/p>\n<p><strong>Loin de repr\u00e9senter un privil\u00e8ge individualiste, l\u2019Immacul\u00e9e Conception annonce la pl\u00e9nitude de la gr\u00e2ce accord\u00e9e \u00e0 Marie pour une grande t\u00e2che\u00a0: la maternit\u00e9 divine. Sa gr\u00e2ce rejaillit sur l\u2019humanit\u00e9 enti\u00e8re par J\u00e9sus, en J\u00e9sus et avec J\u00e9sus. Chaque croyant devient alors b\u00e9n\u00e9ficiaire de l\u2019Immacul\u00e9e Conception. En effet, les dons de Dieu ont pour finalit\u00e9 le bien de tous les membres de l\u2019\u00c9glise, Corps du Christ, dont chaque baptis\u00e9 en est membre.<\/strong><\/p>\n<p><strong>Au cours de l\u2019histoire de la th\u00e9ologie, ce dogme faisait probl\u00e8me \u00e0 ceux qui d\u00e9fendaient l\u2019universalisme du Salut en J\u00e9sus-Christ. Si J\u00e9sus \u00e9tait mort et ressuscit\u00e9 pour tous les hommes, l\u2019Immacul\u00e9e Conception ne contredisait-elle pas cette r\u00e9v\u00e9lation catholique fondamentale\u00a0? La Vierge Marie aurait-elle \u00e9chapp\u00e9 au besoin du Salut\u00a0? Aussi saint Thomas d\u2019Aquin (+1274) n\u2019adh\u00e9rait-il pas \u00e0 ce dogme, ce qui ne veut pas dire que la Vierge Marie aurait commis de p\u00e9ch\u00e9. Pour le Docteur Ang\u00e9lique, Marie n\u2019a jamais p\u00e9ch\u00e9. Elle avait \u00e9t\u00e9 purifi\u00e9e de tout p\u00e9ch\u00e9 dans le sein de sa m\u00e8re peu apr\u00e8s sa conception.<\/strong><\/p>\n<p><strong>Il reviendra au bienheureux fr\u00e8re franciscain, Jean Duns Scot, \u00e0 la fin du XIII<sup>e<\/sup> si\u00e8cle d\u2019apporter la lumi\u00e8re th\u00e9ologique qui va \u00e9clairer la foi des chr\u00e9tiens habit\u00e9s par le \u00ab\u00a0sensus fidei\u00a0\u00bb, le sens de la foi, gr\u00e2ce de discernement li\u00e9 \u00e0 la charit\u00e9 et re\u00e7ue au bapt\u00eame. <\/strong><\/p>\n<p><strong>En r\u00e9alit\u00e9, la Vierge Marie est la plus grande des sauv\u00e9s. Elle a \u00e9t\u00e9 sauv\u00e9e \u00ab\u00a0par avance\u00a0\u00bb par une gr\u00e2ce venant d\u00e9j\u00e0 du myst\u00e8re pascal de son Fils J\u00e9sus, mort pour la r\u00e9mission des p\u00e9ch\u00e9s et ressuscit\u00e9 pour la divinisation de l\u2019humanit\u00e9.<\/strong><\/p>\n<p><strong>Sainte Catherine Labour\u00e9, religieuse \u00ab\u00a0Fille de la Charit\u00e9\u00a0\u00bb, avait eu une apparition de la Vierge Marie, le 27 novembre 1830, lui confiant la mission de faire frapper la m\u00e9daille miraculeuse sur le mod\u00e8le de l\u2019apparition : la Vierge \u00e9crasait un serpent et tendait les mains d&rsquo;o\u00f9 jaillissent des rayons de lumi\u00e8re, avec l\u2019invocation : \u00ab\u00a0\u00d4 Marie, con\u00e7ue sans p\u00e9ch\u00e9, priez pour nous qui avons recours \u00e0 vous\u00a0\u00bb. <\/strong><\/p>\n<p><strong>\u00c0<\/strong><strong> Lourdes, le 25 mars 1858, la Dame de la grotte s\u2019\u00e9tait pr\u00e9sent\u00e9e \u00e0 Bernadette Soubirous\u00a0en utilisant le patois : \u00ab\u00a0Que soy era Immaculada Councepciou\u00a0\u00bb \u00a0(\u00ab\u00a0Je suis l\u2019Immacul\u00e9e Conception\u00a0\u00bb).<\/strong><\/p>\n<p><strong><a href=\"https:\/\/mj-lagrange.org\/wp-content\/uploads\/2021\/12\/Immaculee-Conception-Ordo-Praedicatorum.jpg\"><img loading=\"lazy\" decoding=\"async\" class=\"alignleft size-medium wp-image-14693\" src=\"https:\/\/mj-lagrange.org\/wp-content\/uploads\/2021\/12\/Immaculee-Conception-Ordo-Praedicatorum-300x200.jpg\" alt=\"\" width=\"300\" height=\"200\" srcset=\"https:\/\/mj-lagrange.org\/wp-content\/uploads\/2021\/12\/Immaculee-Conception-Ordo-Praedicatorum-300x200.jpg 300w, https:\/\/mj-lagrange.org\/wp-content\/uploads\/2021\/12\/Immaculee-Conception-Ordo-Praedicatorum-768x512.jpg 768w, https:\/\/mj-lagrange.org\/wp-content\/uploads\/2021\/12\/Immaculee-Conception-Ordo-Praedicatorum-730x487.jpg 730w, https:\/\/mj-lagrange.org\/wp-content\/uploads\/2021\/12\/Immaculee-Conception-Ordo-Praedicatorum.jpg 1024w\" sizes=\"auto, (max-width: 300px) 100vw, 300px\" \/><\/a>Se comparant aux anciennes p\u00e9cheresses comme sainte Marie Madeleine qui avait \u00e9t\u00e9 lib\u00e9r\u00e9e de sept d\u00e9mons, sainte Th\u00e9r\u00e8se de l\u2019Enfant-J\u00e9sus et de la Sainte Face (+1897) se reconnaissait pardonn\u00e9e et sauv\u00e9e par avance, c\u2019est-\u00e0-dire par une gr\u00e2ce qui l\u2019avait pr\u00e9serv\u00e9e de grands p\u00e9ch\u00e9s.<\/strong><\/p>\n<p><strong>Le pape \u00e9m\u00e9rite, Beno\u00eet XVI, a expos\u00e9 de mani\u00e8re lumineuse la merveille divine de l\u2019Immacul\u00e9e Conception\u00a0: \u00ab\u00a0<\/strong><strong>Le Peuple de Dieu pr\u00e9c\u00e8de donc les th\u00e9ologiens, et tout cela gr\u00e2ce au\u00a0<em>sensus fidei\u00a0<\/em>surnaturel, c\u2019est-\u00e0-dire \u00e0 la capacit\u00e9 dispens\u00e9e par l\u2019Esprit Saint, qui permet d\u2019embrasser la r\u00e9alit\u00e9 de la foi, avec l\u2019humilit\u00e9 du c\u0153ur et de l\u2019esprit. Dans ce sens, le Peuple de Dieu est un \u00abmagist\u00e8re qui pr\u00e9c\u00e8de\u00bb, et qui doit \u00eatre ensuite approfondi et accueilli intellectuellement par la th\u00e9ologie. Puissent les th\u00e9ologiens se placer toujours \u00e0 l\u2019\u00e9coute de cette source de la foi et conserver l\u2019humilit\u00e9 et la simplicit\u00e9 des petits\u00a0! Je l\u2019avais rappel\u00e9 il y a quelques mois en disant\u00a0: \u00ab\u00a0Il y a de grands sages, de grands sp\u00e9cialistes, de grands th\u00e9ologiens, des ma\u00eetres de la foi, qui nous ont enseign\u00e9 de nombreuses choses. Ils ont p\u00e9n\u00e9tr\u00e9 dans les d\u00e9tails de l&rsquo;\u00c9criture sainte, [&#8230;] mais ils n&rsquo;ont pas pu voir le myst\u00e8re lui-m\u00eame, le v\u00e9ritable noyau [&#8230;] L&rsquo;essentiel est rest\u00e9 cach\u00e9\u00a0! [&#8230;] En revanche, il y a aussi \u00e0 notre \u00e9poque des petits qui ont connu ce myst\u00e8re. Nous pensons \u00e0 sainte Bernadette Soubirous\u00a0; \u00e0\u00a0<\/strong><a href=\"http:\/\/www.vatican.va\/news_services\/liturgy\/saints\/ns_lit_doc_19101997_stherese_fr.html\"><strong>sainte Th\u00e9r\u00e8se de Lisieux<\/strong><\/a><strong>, avec sa nouvelle lecture de la Bible \u201cnon scientifique\u201d, mais qui entre dans le c\u0153ur de l&rsquo;\u00c9criture sainte<a href=\"applewebdata:\/\/761EF40C-4292-4E22-AD40-03E8AFFF3CD6#_ftn1\" name=\"_ftnref1\">[1]<\/a>\u00a0\u00bb.<\/strong><\/p>\n<p><strong>L\u2019Immacul\u00e9e Conception et l\u2019ann\u00e9e saint Joseph<\/strong><\/p>\n<p><strong>Il y a juste un an, le pape Fran\u00e7ois avait ouvert l\u2019\u00ab\u00a0Ann\u00e9e saint Joseph\u00a0\u00bb. Elle s\u2019ach\u00e8ve en la f\u00eate de l\u2019Immacul\u00e9e Conception (8 d\u00e9cembre 2020-8 d\u00e9cembre 2021).<\/strong><\/p>\n<p><strong><a href=\"https:\/\/mj-lagrange.org\/wp-content\/uploads\/2021\/12\/Marie-et-Joseph-Epousailles.jpg\"><img loading=\"lazy\" decoding=\"async\" class=\"alignleft size-medium wp-image-14694\" src=\"https:\/\/mj-lagrange.org\/wp-content\/uploads\/2021\/12\/Marie-et-Joseph-Epousailles-300x150.jpg\" alt=\"\" width=\"300\" height=\"150\" srcset=\"https:\/\/mj-lagrange.org\/wp-content\/uploads\/2021\/12\/Marie-et-Joseph-Epousailles-300x150.jpg 300w, https:\/\/mj-lagrange.org\/wp-content\/uploads\/2021\/12\/Marie-et-Joseph-Epousailles-768x384.jpg 768w, https:\/\/mj-lagrange.org\/wp-content\/uploads\/2021\/12\/Marie-et-Joseph-Epousailles-730x365.jpg 730w, https:\/\/mj-lagrange.org\/wp-content\/uploads\/2021\/12\/Marie-et-Joseph-Epousailles.jpg 1024w\" sizes=\"auto, (max-width: 300px) 100vw, 300px\" \/><\/a>La Vierge Marie a partag\u00e9 la gr\u00e2ce de l\u2019Immacul\u00e9e Conception avec son \u00e9poux, Joseph. Au cours d\u2019un \u00e9change sur le couple, un mari en se demandant ce qu\u2019un homme attend de la relation avec une femme, r\u00e9pondait comme ceci\u00a0: \u00ab\u00a0Ce n\u2019est pas tant le sexe que l\u2019inspiration.\u00a0\u00bb <\/strong><\/p>\n<p><strong>La Vierge Marie a inspir\u00e9 saint Joseph. La gr\u00e2ce r\u00e9pandue par Dieu dans l\u2019\u00e2me de Marie est pass\u00e9e dans l\u2019\u00e2me de Joseph. <\/strong><\/p>\n<p><strong>Le myst\u00e8re de l\u2019Immacul\u00e9e Conception rel\u00e8ve de la vie cach\u00e9e en Dieu. La saintet\u00e9 de saint Joseph aussi. Joachim et Anne ont con\u00e7u Marie dans la pl\u00e9nitude de la gr\u00e2ce divine. Cet \u00e9v\u00e9nement ne figure pas dans les archives des biblioth\u00e8ques mais dans le c\u0153ur de Dieu. La saintet\u00e9 de Marie en a \u00e9t\u00e9 sa manifestation au monde.<\/strong><\/p>\n<p><strong>La vie int\u00e9rieure de Joseph, \u00ab\u00a0le grand silencieux\u00a0\u00bb, n\u2019a pas noirci les registres des historiens mais elle a touch\u00e9 par sa saintet\u00e9 le c\u0153ur du Peuple de Dieu, b\u00e9n\u00e9ficiaire de sa foi et de sa fid\u00e9lit\u00e9 au service du myst\u00e8re du Salut r\u00e9alis\u00e9 par son fils adoptif J\u00e9sus le Christ.<\/strong><\/p>\n<div id=\"attachment_9739\" style=\"width: 440px\" class=\"wp-caption alignleft\"><a href=\"https:\/\/mj-lagrange.org\/wp-content\/uploads\/2017\/09\/Visitation-de-la-Vierge-Marie-\u00e0-sa-cousine-\u00c9lisabeth-15e.jpg\"><img loading=\"lazy\" decoding=\"async\" aria-describedby=\"caption-attachment-9739\" class=\"size-full wp-image-9739\" src=\"https:\/\/mj-lagrange.org\/wp-content\/uploads\/2017\/09\/Visitation-de-la-Vierge-Marie-\u00e0-sa-cousine-\u00c9lisabeth-15e.jpg\" alt=\"\" width=\"430\" height=\"768\" srcset=\"https:\/\/mj-lagrange.org\/wp-content\/uploads\/2017\/09\/Visitation-de-la-Vierge-Marie-\u00e0-sa-cousine-\u00c9lisabeth-15e.jpg 430w, https:\/\/mj-lagrange.org\/wp-content\/uploads\/2017\/09\/Visitation-de-la-Vierge-Marie-\u00e0-sa-cousine-\u00c9lisabeth-15e-168x300.jpg 168w\" sizes=\"auto, (max-width: 430px) 100vw, 430px\" \/><\/a><p id=\"caption-attachment-9739\" class=\"wp-caption-text\">Visitation (15e)<\/p><\/div>\n<p><strong>\u00ab\u00a0Tu es b\u00e9nie entre les femmes\u00a0\u00bb (Lc 1,28), s\u2019est exclam\u00e9e \u00c9lisabeth devant sa cousine Marie lors de la Visitation. Oui, Marie est source de b\u00e9n\u00e9diction pour toute l\u2019humanit\u00e9. Bonheur d\u2019\u00c9lisabeth, bonheur de l\u2019\u00c9glise. B\u00e9atitude de la foi \u00e0 l\u2019exemple de Marie.<\/strong><\/p>\n<p style=\"text-align: center;\"><span style=\"color: #3366ff;\"><strong><em>\u00ab\u00a0\u00d4 Marie, con\u00e7ue sans p\u00e9ch\u00e9, priez pour nous qui avons recours \u00e0 vous\u00a0\u00bb. <\/em><\/strong><strong>\u00a0<\/strong><\/span><\/p>\n<p><a href=\"https:\/\/fr.zenit.org\/2021\/12\/08\/limmaculee-et-lannee-saint-joseph-par-le-fr-manuel-rivero-o-p\/?fbclid=IwAR3Se4lWEZxZksWJTlmNWHVrzymaqKbx-3xPbrKAxHP7_M6oH2G3P3aamdQ\"><strong>https:\/\/fr.zenit.org\/2021\/12\/08\/limmaculee-et-lannee-saint-joseph-par-le-fr-manuel-rivero-o-p\/?fbclid=IwAR3Se4lWEZxZksWJTlmNWHVrzymaqKbx-3xPbrKAxHP7_M6oH2G3P3aamdQ<\/strong><\/a><\/p>\n<p><strong>\u00a0<span style=\"color: #993300;\">Note : Dans le<em> Journal spirituel<\/em> du P. Lagrange, nous retrouvons de nombreuses fois l&rsquo;invocation \u00e0 saint Joseph, par exemple : Saint Joseph, priez pour nous.<\/span><\/strong><br \/>\n<span style=\"color: #993300;\"><strong>Saint Joseph a cach\u00e9 J\u00e9sus et Marie, maintenant il les donne : il est le grand ap\u00f4tre du ciel.\u00a0<\/strong><\/span><br \/>\n<strong><span style=\"color: #993300;\">Gr\u00e2ces soient rendues \u00e0 saint Joseph qui m&rsquo;a rendu la gr\u00e2ce de sentir la d\u00e9votion \u00e0 ma Reine Immacul\u00e9e.<\/span><\/strong><\/p>\n<p><a href=\"applewebdata:\/\/761EF40C-4292-4E22-AD40-03E8AFFF3CD6#_ftnref1\" name=\"_ftn1\">[1]<\/a> <strong>Beno\u00eet XVI, <\/strong><a href=\"https:\/\/www.vatican.va\/content\/benedict-xvi\/fr\/homilies\/2009\/documents\/hf_ben-xvi_hom_20091201_cti.html\"><strong><em>Hom\u00e9lie lors de la Messe avec les membres de la Commission th\u00e9ologique internationale,\u00a0<\/em><\/strong><strong>1<sup>er<\/sup>\u00a0d\u00e9cembre 2009<\/strong><\/a><strong>\u00a0; cf.\u00a0<em>ORLF<\/em>\u00a0n. 49 du 8 d\u00e9cembre 2009.<\/strong><\/p>\n<p>&nbsp;<\/p>\n","protected":false},"excerpt":{"rendered":"<p>Avent 2021 jevismafoi.com L\u2019Immacul\u00e9e et l\u2019Ann\u00e9e saint Joseph, \u00ab\u00a0le grand silencieux\u00a0\u00bb\u00a0 F\u00eate de l\u2019Immacul\u00e9e Conception, le 8 d\u00e9cembre 2021 Fr. Manuel Rivero O.P. B\u00e9ni soit Dieu, le P\u00e8re de J\u00e9sus le Christ, qui a combl\u00e9 de gr\u00e2ce la Vierge Marie d\u00e8s l\u2019instant de sa conception dans le sein de sa m\u00e8re, que la tradition appelle &#8230;<\/p>\n<p><a href=\"https:\/\/www.mj-lagrange.org\/?p=14690\" class=\"more-link\">Continue reading &lsquo;F\u00eate de l\u2019Immacul\u00e9e Conception, le 8 d\u00e9cembre 2021&rsquo; &raquo;<\/a><\/p>\n","protected":false},"author":2,"featured_media":0,"comment_status":"closed","ping_status":"closed","sticky":false,"template":"","format":"standard","meta":{"footnotes":""},"categories":[153],"tags":[],"class_list":["post-14690","post","type-post","status-publish","format-standard","hentry","category-le-pere-lagrange-sur-zenit-le-monde-vu-de-rome"],"_links":{"self":[{"href":"https:\/\/www.mj-lagrange.org\/index.php?rest_route=\/wp\/v2\/posts\/14690","targetHints":{"allow":["GET"]}}],"collection":[{"href":"https:\/\/www.mj-lagrange.org\/index.php?rest_route=\/wp\/v2\/posts"}],"about":[{"href":"https:\/\/www.mj-lagrange.org\/index.php?rest_route=\/wp\/v2\/types\/post"}],"author":[{"embeddable":true,"href":"https:\/\/www.mj-lagrange.org\/index.php?rest_route=\/wp\/v2\/users\/2"}],"replies":[{"embeddable":true,"href":"https:\/\/www.mj-lagrange.org\/index.php?rest_route=%2Fwp%2Fv2%2Fcomments&post=14690"}],"version-history":[{"count":3,"href":"https:\/\/www.mj-lagrange.org\/index.php?rest_route=\/wp\/v2\/posts\/14690\/revisions"}],"predecessor-version":[{"id":14692,"href":"https:\/\/www.mj-lagrange.org\/index.php?rest_route=\/wp\/v2\/posts\/14690\/revisions\/14692"}],"wp:attachment":[{"href":"https:\/\/www.mj-lagrange.org\/index.php?rest_route=%2Fwp%2Fv2%2Fmedia&parent=14690"}],"wp:term":[{"taxonomy":"category","embeddable":true,"href":"https:\/\/www.mj-lagrange.org\/index.php?rest_route=%2Fwp%2Fv2%2Fcategories&post=14690"},{"taxonomy":"post_tag","embeddable":true,"href":"https:\/\/www.mj-lagrange.org\/index.php?rest_route=%2Fwp%2Fv2%2Ftags&post=14690"}],"curies":[{"name":"wp","href":"https:\/\/api.w.org\/{rel}","templated":true}]}}