{"id":15798,"date":"2024-04-30T22:02:15","date_gmt":"2024-04-30T20:02:15","guid":{"rendered":"https:\/\/www.mj-lagrange.org\/?p=15798"},"modified":"2024-06-02T21:44:37","modified_gmt":"2024-06-02T19:44:37","slug":"echo-de-notre-page-facebook-mai-2024","status":"publish","type":"post","link":"https:\/\/www.mj-lagrange.org\/?p=15798","title":{"rendered":"\u00c9cho de notre page Facebook : mai 2024"},"content":{"rendered":"<div class=\"fcbkbttn_buttons_block\" id=\"fcbkbttn_left\"><div class=\"fcbkbttn_button\">\n\t\t\t\t\t<a href=\"https:\/\/www.facebook.com\/\" target=\"_blank\">\n\t\t\t\t\t\t<img decoding=\"async\" src=\"https:\/\/mj-lagrange.org\/wp-content\/plugins\/facebook-button-plugin\/images\/standard-facebook-ico.png\" alt=\"Fb-Button\" \/>\n\t\t\t\t\t<\/a>\n\t\t\t\t<\/div><div class=\"fcbkbttn_like \"><fb:like href=\"https:\/\/www.mj-lagrange.org\/?p=15798\" action=\"like\" colorscheme=\"light\" layout=\"standard\"  width=\"225px\" size=\"small\"><\/fb:like><\/div><\/div><p style=\"font-weight: 400;\"><strong><span style=\"color: #993300;\">31 mai 2024<\/span><\/strong><\/p>\n<p style=\"font-weight: 400;\"><strong><span style=\"color: #993300;\"><em>La Visitation de la Vierge Marie \u00e0 sa cousine \u00c9lisabeth<\/em> <\/span><\/strong>(Luc 1, 39-56)<\/p>\n<p style=\"font-weight: 400;\"><a href=\"https:\/\/mj-lagrange.org\/wp-content\/uploads\/2024\/04\/La-Visitation.jpg\"><img loading=\"lazy\" decoding=\"async\" class=\"alignleft size-thumbnail wp-image-15816\" src=\"https:\/\/mj-lagrange.org\/wp-content\/uploads\/2024\/04\/La-Visitation-150x150.jpg\" alt=\"\" width=\"150\" height=\"150\" \/><\/a>Marie dit alors\u00a0: \u00ab\u00a0Mon \u00e2me exalte le Seigneur, et mon esprit tressaille de joie en Dieu mon Sauveur\u00a0!<\/p>\n<p style=\"font-weight: 400;\">Deux femmes enceintes se rencontrent et \u00e0 travers elles leurs enfants\u00a0: J\u00e9sus et Jean le Baptiste, le pr\u00e9curseur. Selon le p\u00e8re Lagrange, \u00c9lisabeth a compris par le tressaillement de son enfant l\u2019arriv\u00e9e du Messie chez elle.<\/p>\n<p style=\"font-weight: 400;\">Pour le p\u00e8re Lagrange, \u00ab\u00a0ce qui est propre au <em>Magnificat<\/em>, c\u2019est que cette fois les expressions ne sont pas trop fortes pour dire ce qui s\u2019est op\u00e9r\u00e9 en Marie, et qu\u2019elles paraissent \u00e0 peine suffisantes pour exprimer l\u2019humilit\u00e9 de celle qui glorifie le Seigneur. Pour que toute gloire Lui soit rendue, elle avoue sa bassesse, et cependant, r\u00e9pondant \u00e0 la f\u00e9licitation d\u2019\u00c9lisabeth, elle avoue que toutes les g\u00e9n\u00e9rations la nommeront bienheureuse\u00a0\u00bb. (Manuel Rivero O.P<em>. Le p\u00e8re Lagrange et la Vierge Marie. M\u00e9ditations des myst\u00e8res du Rosaire<\/em>. Cerf. 2012.)<\/p>\n<p style=\"font-weight: 400;\"><strong><span style=\"color: #993300;\">28 mai 2024<\/span><\/strong><\/p>\n<p style=\"font-weight: 400;\">Pour soutenir notre association, votre pri\u00e8re est n\u00e9cessaire pour l\u2019aboutissement de la cause du P. Lagrange, votre adh\u00e9sion \u00e9galement, rejoignez ainsi tous les amis de l\u2019association du p\u00e8re Lagrange\u00a0? Nous serons heureux de vous accueillir. <a href=\"https:\/\/www.mj-lagrange.org\/?page_id=526\">https:\/\/www.mj-lagrange.org\/?page_id=526<\/a><\/p>\n<p><span style=\"color: #993300;\"><strong>24 mai 2024<\/strong><\/span><\/p>\n<p style=\"font-weight: 400;\"><span style=\"color: #993300;\"><strong>Translation de Notre Saint Dominique<\/strong><\/span><\/p>\n<p style=\"font-weight: 400;\">Saint Dominique naquit \u00e0 Caleruega (Espagne), entre 1171 et 1173.<\/p>\n<p style=\"font-weight: 400;\"><a href=\"https:\/\/mj-lagrange.org\/wp-content\/uploads\/2024\/04\/Saint-Dominique-couvent-du-Saint-Nom-de-Jesus-Lyon.jpg\"><img loading=\"lazy\" decoding=\"async\" class=\"alignleft size-thumbnail wp-image-15813\" src=\"https:\/\/mj-lagrange.org\/wp-content\/uploads\/2024\/04\/Saint-Dominique-couvent-du-Saint-Nom-de-Jesus-Lyon-150x150.jpg\" alt=\"\" width=\"150\" height=\"150\" \/><\/a>Lors de son bapt\u00eame, une noble marraine porta l\u2019enfant jusqu\u2019\u00e0 la paroisse. Les fonts baptismaux dans lesquels il fut baign\u00e9 ont \u00e9t\u00e9 pieusement conserv\u00e9s jusqu\u2019\u00e0 nous.<\/p>\n<p style=\"font-weight: 400;\">La lumi\u00e8re de gr\u00e2ce qui l\u2019enveloppa d\u00e8s l\u2019heure de son bapt\u00eame fut-elle la source de lumi\u00e8re que plusieurs virent briller sur son front d\u00e8s l\u2019enfance\u00a0? Aux derniers jours de sa vie \u00ab\u00a0cette sorte de splendeur\u00a0\u00bb qui rayonnait sur son front, ou filtrait entre ses cils baiss\u00e9s pour la pri\u00e8re, \u00ab\u00a0attirait le respect et l\u2019affection de tous\u00a0\u00bb. Transparence du regard d\u2019un enfant au c\u0153ur sp\u00e9cialement aimant et pur\u00a0? Ou d\u00e9j\u00e0 gr\u00e2ce propre d\u2019un saint dont l\u2019unique esp\u00e9rance, \u00e0 la suite du Christ et des ap\u00f4tres, serait d\u2019 \u00ab\u00a0illuminer les hommes assis dans les t\u00e9n\u00e8bres \u00e0 l\u2019ombre de la mort\u00a0\u00bb\u00a0?<\/p>\n<p style=\"font-weight: 400;\">Sa m\u00e8re, en effet, l\u2019avait re\u00e7u en grand esprit de religion et orient\u00e9 d\u00e8s le premier jour en son c\u0153ur vers la cl\u00e9ricature. Jeanne, dont l\u2019histoire a conserv\u00e9 le souvenir de beaux traits de mis\u00e9ricorde, lui transmit assur\u00e9ment sa vive sensibilit\u00e9 \u00e0 la mis\u00e8re d\u2019autrui, \u00e0 toutes les mis\u00e8res.<\/p>\n<p style=\"font-weight: 400;\">(Marie-Humbert Vicaire, O.P. Saint Dominique. Une lumi\u00e8re se l\u00e8ve. P. 31. DDB. 1957.)<\/p>\n<p style=\"font-weight: 400;\"><strong><span style=\"color: #993300;\">19 mai 2024<\/span><\/strong><\/p>\n<p style=\"font-weight: 400;\"><strong><span style=\"color: #993300;\">Solennit\u00e9 de la Pentec\u00f4te. L\u2019Esprit de v\u00e9rit\u00e9 est descendu sur Marie et les ap\u00f4tres.<\/span><\/strong><\/p>\n<p style=\"font-weight: 400;\"><a href=\"https:\/\/mj-lagrange.org\/wp-content\/uploads\/2024\/04\/Pentecote.jpg\"><img loading=\"lazy\" decoding=\"async\" class=\"alignleft size-thumbnail wp-image-15811\" src=\"https:\/\/mj-lagrange.org\/wp-content\/uploads\/2024\/04\/Pentecote-150x150.jpg\" alt=\"\" width=\"150\" height=\"150\" \/><\/a>L\u2019Esprit Saint prend soin de chacun d\u2019entre nous. Il agit dans nos c\u0153urs pour que nous portions du fruit et des fruits en abondance comme le dit saint Paul dans son \u00e9p\u00eetre aux Galates\u00a0: \u00ab\u00a0charit\u00e9, joie, paix, serviabilit\u00e9, confiance dans les autres, patience, ma\u00eetrise de soi\u00a0\u00bb (Gal 5, 23).<\/p>\n<p style=\"font-weight: 400;\">\u00c0 J\u00e9rusalem, l\u2019Esprit Saint descend sous forme de flamme sur les ap\u00f4tres rassembl\u00e9s autour de Marie. La Pentec\u00f4te apporte \u00e0 l\u2019\u00c9glise pl\u00e9nitude et lumi\u00e8re. Les disciples qui s\u2019\u00e9taient enferm\u00e9s par peur des autorit\u00e9s juives proclament avec audace la r\u00e9surrection du Christ. \u00ab\u00a0Rien n\u2019est impossible \u00e0 Dieu\u00a0\u00bb, avait dit l\u2019ange Gabriel \u00e0 la Vierge Marie lors de l\u2019Annonciation. C\u00e9l\u00e9brer la Pentec\u00f4te nous entra\u00eene dans une conversion profonde pour passer de la \u00ab\u00a0langue de vip\u00e8re\u00a0\u00bb\u00a0\u00e0 la louange. Oui, viens, Esprit Saint, prends soin de nous, sanctifie-nous\u00a0!<\/p>\n<p style=\"font-weight: 400;\">(Extrait de l\u2019hom\u00e9lie de Fr. Manuel Rivero o.p. Martigues, le 27 mai 2012.)<\/p>\n<p>&nbsp;<\/p>\n<p style=\"font-weight: 400;\"><strong><span style=\"color: #993300;\">10 mai 2024<\/span><\/strong><\/p>\n<p style=\"font-weight: 400;\"><strong><span style=\"color: #993300;\">Jour-anniversaire du d\u00e9part vers le P\u00e8re de Marie-Joseph Lagrange o.p. (10 mars 1938).<\/span><\/strong><\/p>\n<p style=\"font-weight: 400;\"><a href=\"https:\/\/mj-lagrange.org\/wp-content\/uploads\/2020\/05\/P.-Lagrange-s\u00e9rieux-109.jpg\"><img loading=\"lazy\" decoding=\"async\" class=\"alignleft size-thumbnail wp-image-13339\" src=\"https:\/\/mj-lagrange.org\/wp-content\/uploads\/2020\/05\/P.-Lagrange-s\u00e9rieux-109-150x150.jpg\" alt=\"\" width=\"150\" height=\"150\" \/><\/a>\u00ab\u00a0Mon Seigneur J\u00e9sus, je n\u2019ai plus confiance qu\u2019en votre amour. Ma douce et tendre M\u00e8re, tota Mater, Marie Immacul\u00e9e, vous \u00eates ma <a href=\"https:\/\/mj-lagrange.org\/wp-content\/uploads\/2024\/04\/Vierge-Marie-Bernardins.jpg\"><img loading=\"lazy\" decoding=\"async\" class=\"alignright size-thumbnail wp-image-15807\" src=\"https:\/\/mj-lagrange.org\/wp-content\/uploads\/2024\/04\/Vierge-Marie-Bernardins-150x150.jpg\" alt=\"\" width=\"150\" height=\"150\" \/><\/a>vie, ma douceur, mon esp\u00e9rance : oui, vous me sauverez, vous me permettrez de c\u00e9l\u00e9brer vos grandeurs et votre mis\u00e9ricorde, vous me donnerez J\u00e9sus, vous me donnerez \u00e0 J\u00e9sus ; je suis encore tout accabl\u00e9 du poids de mes p\u00e9ch\u00e9s et de ma mis\u00e8re, mais j\u2019esp\u00e8re en vous.\u00a0\u00bb (<em>Journal spirituel<\/em>, Cerf, 2014)<\/p>\n<p style=\"font-weight: 400;\">Comme tous les mois, Fr. Manuel Rivero o.p. c\u00e9l\u00e8bre la messe du jour aux intentions confi\u00e9es \u00e0 l\u2019intercession du P. Lagrange, particuli\u00e8rement pour Louise, Vincent, toutes les intentions de pri\u00e8re qui vous sont ch\u00e8res, et, pour la b\u00e9atification du P. Lagrange.<\/p>\n<p style=\"font-weight: 400;\"><strong><span style=\"color: #993300;\">9 mai 2024<\/span><\/strong><\/p>\n<p style=\"font-weight: 400;\"><strong><span style=\"color: #993300;\">La f\u00eate des f\u00eates\u00a0: Le myst\u00e8re liturgique de l\u2019Ascension<\/span><\/strong><\/p>\n<p style=\"font-weight: 400;\"><a href=\"https:\/\/mj-lagrange.org\/wp-content\/uploads\/2024\/04\/Ascension-de-Jesus-detail-Giotto-Scrovegni.jpg\"><img loading=\"lazy\" decoding=\"async\" class=\"alignleft size-thumbnail wp-image-15806\" src=\"https:\/\/mj-lagrange.org\/wp-content\/uploads\/2024\/04\/Ascension-de-Jesus-detail-Giotto-Scrovegni-150x150.jpg\" alt=\"\" width=\"150\" height=\"150\" \/><\/a>\u00ab\u00a0Or, le Seigneur J\u00e9sus, apr\u00e8s leur avoir parl\u00e9, fut enlev\u00e9 au ciel \u2026 Et il s\u2019est assis \u00e0 la droite de Dieu. Et eux s\u2019en all\u00e8rent partout, le Seigneur les assistant et confirmant la parole par les miracles qui accompagnaient cette parole\u00a0\u00bb (Marc 16 19-20).<\/p>\n<p style=\"font-weight: 400;\">[Ce jour-l\u00e0 J\u00e9sus] conduisit ses Ap\u00f4tres dans la direction de B\u00e9thanie. D\u2019apr\u00e8s la tradition ancienne, il s\u2019arr\u00eata au lieu o\u00f9 il les avait instruits de la ruine de J\u00e9rusalem et de son av\u00e8nement glorieux, au lieu o\u00f9 [est] b\u00e2ti aujourd\u2019hui, sur l\u2019emplacement de l\u2019ancienne \u00c9l\u00e9ona, une \u00e9glise en l\u2019honneur du Sacr\u00e9-C\u0153ur, avec le concours de toutes les nations, comme un v\u0153u pour la paix.<\/p>\n<p style=\"font-weight: 400;\">L\u00e0 le Christ leva les mains et b\u00e9nit les siens. Puis il s\u2019\u00e9loigna, et ils le virent enlev\u00e9 au ciel. Prostern\u00e9s \u00e0 terre, ils comprirent que cette apparition \u00e9tait la derni\u00e8re. Et au lieu d\u2019\u00eatre envahis par la tristesse, ils \u00e9prouvaient cette grande joie qu\u2019il leur avait promise \u00e0 la C\u00e8ne.<\/p>\n<p style=\"font-weight: 400;\">O\u00f9 est J\u00e9sus Christ\u00a0? Il est, dit l\u2019\u00e9vangile de saint Marc, assis \u00e0 la droite de Dieu, c\u2019est-\u00e0-dire qu\u2019il est associ\u00e9 \u00e0 la puissance de son P\u00e8re. Il y a l\u00e0 un myst\u00e8re pour notre intelligence, un des aspects insondables du myst\u00e8re de l\u2019Incarnation. Nous sommes invit\u00e9s \u00e0 rejoindre notre Sauveur. La certitude de notre esp\u00e9rance n\u2019est pas moins amoindrie par le voile de la foi, qui sera lev\u00e9 un jour.<\/p>\n<p style=\"font-weight: 400;\">(Marie-Joseph Lagrange. O.P.<em> L\u2019\u00c9vangile de J\u00e9sus avec la synopse \u00e9vang\u00e9lique.<\/em> Art\u00e8ge. 2017. P. 648-649.)<\/p>\n<p>&nbsp;<\/p>\n<p>&nbsp;<\/p>\n<p style=\"font-weight: 400;\"><strong><span style=\"color: #993300;\">1<sup>er<\/sup> mai 2024<\/span><\/strong><\/p>\n<p style=\"font-weight: 400;\"><a href=\"https:\/\/mj-lagrange.org\/wp-content\/uploads\/2024\/04\/Le-Pere-Lagrange-et-la-Vierge-Marie.jpeg\"><img loading=\"lazy\" decoding=\"async\" class=\"alignleft size-thumbnail wp-image-15799\" src=\"https:\/\/mj-lagrange.org\/wp-content\/uploads\/2024\/04\/Le-Pere-Lagrange-et-la-Vierge-Marie-150x150.jpeg\" alt=\"\" width=\"150\" height=\"150\" \/><\/a><strong><span style=\"color: #993300;\">La spiritualit\u00e9 mariale du P. Lagrange constitue la racine cach\u00e9e de sa foi dans son labeur d\u2019interpr\u00e8te de l\u2019\u00c9criture sainte. Il vivait avec la Vierge \u00e0 qui il parlait comme un ami parle \u00e0 son ami, comme un fils parle \u00e0 sa m\u00e8re.<\/span><\/strong> (Manuel Rivero o.p. Avant-propos du livre <em>Le P\u00e8re Lagrange et la Vierge Marie. M\u00e9ditations des myst\u00e8res du Rosaire.<\/em> Cerf. 2012.)<\/p>\n<p style=\"font-weight: 400;\"><em>\u00ab\u00a0\u00d4 Marie, ma Dame, &lt;mon&gt; Avocate, ma Patronne, mon Guide, ma Reine, ma M\u00e8re ! Je n\u2019esp\u00e8re conna\u00eetre, aimer et poss\u00e9der J\u00e9sus, mon Souverain bien, que par vous et en vous, &lt;vous, \u00e9toile ma\u00eetresse de ma vie pr\u00e9sente et future.&gt; Je me donne \u00e0 votre amour comme un fils tr\u00e8s aimant, je me voue \u00e0 votre service comme votre petit esclave, indigne de lever sur vous mes regards. Je vous fais donation et vous conjure d\u2019accepter la cession de tous les m\u00e9rites, satisfactions, indulgences que je pourrai tenir de la mis\u00e9ricorde de votre Fils et de votre bont\u00e9. Je ne retiens rien pour moi, je remets tout entre vos mains b\u00e9nies, content si par votre gr\u00e2ce ma vie se passe tout enti\u00e8re \u00e0 vous louer, \u00e0 vous b\u00e9nir, \u00e0 vous pr\u00eacher et par vous votre Fils J\u00e9sus-Christ Notre-Seigneur. Daignez disposer de mon esprit, de mon c\u0153ur, de mon sang, de toutes les forces de mon corps et de mon \u00e2me, selon votre bon plaisir, pour d\u00e9fendre votre honneur, augmenter la gloire de Dieu, procurer le salut des \u00e2mes, et attendre &lt;l\u2019extension&gt; du r\u00e8gne de J\u00e9sus-Christ. Ainsi-soit-il.\u00a0\u00bb<\/em><\/p>\n<p style=\"font-weight: 400;\">\u00ab\u00a0Vous \u00eates la Ma\u00eetresse de ma vie pr\u00e9sente et future. (Anniversaire en date de ma premi\u00e8re communion. Corpus Christi.\u00a0\u00bb)<\/p>\n<p style=\"font-weight: 400;\">(P. Marie-Joseph Lagrange,<em> Journal spirituel<\/em>, Cerf, 2014, p. 70)<\/p>\n","protected":false},"excerpt":{"rendered":"<p>31 mai 2024 La Visitation de la Vierge Marie \u00e0 sa cousine \u00c9lisabeth (Luc 1, 39-56) Marie dit alors\u00a0: \u00ab\u00a0Mon \u00e2me exalte le Seigneur, et mon esprit tressaille de joie en Dieu mon Sauveur\u00a0! Deux femmes enceintes se rencontrent et \u00e0 travers elles leurs enfants\u00a0: J\u00e9sus et Jean le Baptiste, le pr\u00e9curseur. Selon le p\u00e8re &#8230;<\/p>\n<p><a href=\"https:\/\/www.mj-lagrange.org\/?p=15798\" class=\"more-link\">Continue reading &lsquo;\u00c9cho de notre page Facebook : mai 2024&rsquo; &raquo;<\/a><\/p>\n","protected":false},"author":2,"featured_media":0,"comment_status":"closed","ping_status":"closed","sticky":false,"template":"","format":"standard","meta":{"footnotes":""},"categories":[54,147],"tags":[],"class_list":["post-15798","post","type-post","status-publish","format-standard","hentry","category-actualites","category-echo_de_notre_page_facebook"],"_links":{"self":[{"href":"https:\/\/www.mj-lagrange.org\/index.php?rest_route=\/wp\/v2\/posts\/15798","targetHints":{"allow":["GET"]}}],"collection":[{"href":"https:\/\/www.mj-lagrange.org\/index.php?rest_route=\/wp\/v2\/posts"}],"about":[{"href":"https:\/\/www.mj-lagrange.org\/index.php?rest_route=\/wp\/v2\/types\/post"}],"author":[{"embeddable":true,"href":"https:\/\/www.mj-lagrange.org\/index.php?rest_route=\/wp\/v2\/users\/2"}],"replies":[{"embeddable":true,"href":"https:\/\/www.mj-lagrange.org\/index.php?rest_route=%2Fwp%2Fv2%2Fcomments&post=15798"}],"version-history":[{"count":10,"href":"https:\/\/www.mj-lagrange.org\/index.php?rest_route=\/wp\/v2\/posts\/15798\/revisions"}],"predecessor-version":[{"id":15817,"href":"https:\/\/www.mj-lagrange.org\/index.php?rest_route=\/wp\/v2\/posts\/15798\/revisions\/15817"}],"wp:attachment":[{"href":"https:\/\/www.mj-lagrange.org\/index.php?rest_route=%2Fwp%2Fv2%2Fmedia&parent=15798"}],"wp:term":[{"taxonomy":"category","embeddable":true,"href":"https:\/\/www.mj-lagrange.org\/index.php?rest_route=%2Fwp%2Fv2%2Fcategories&post=15798"},{"taxonomy":"post_tag","embeddable":true,"href":"https:\/\/www.mj-lagrange.org\/index.php?rest_route=%2Fwp%2Fv2%2Ftags&post=15798"}],"curies":[{"name":"wp","href":"https:\/\/api.w.org\/{rel}","templated":true}]}}