{"id":16020,"date":"2024-12-26T17:50:07","date_gmt":"2024-12-26T16:50:07","guid":{"rendered":"https:\/\/www.mj-lagrange.org\/?p=16020"},"modified":"2024-12-26T17:50:39","modified_gmt":"2024-12-26T16:50:39","slug":"voeux-pour-noel-2024-et-la-nouvelle-annee-2025-sous-le-signe-de-lesperance","status":"publish","type":"post","link":"https:\/\/www.mj-lagrange.org\/?p=16020","title":{"rendered":"Voeux pour No\u00ebl 2024 et pour la Nouvelle Ann\u00e9e 2025, sous le signe de l&rsquo;Esp\u00e9rance"},"content":{"rendered":"<div class=\"fcbkbttn_buttons_block\" id=\"fcbkbttn_left\"><div class=\"fcbkbttn_button\">\n\t\t\t\t\t<a href=\"https:\/\/www.facebook.com\/\" target=\"_blank\">\n\t\t\t\t\t\t<img decoding=\"async\" src=\"https:\/\/mj-lagrange.org\/wp-content\/plugins\/facebook-button-plugin\/images\/standard-facebook-ico.png\" alt=\"Fb-Button\" \/>\n\t\t\t\t\t<\/a>\n\t\t\t\t<\/div><div class=\"fcbkbttn_like \"><fb:like href=\"https:\/\/www.mj-lagrange.org\/?p=16020\" action=\"like\" colorscheme=\"light\" layout=\"standard\"  width=\"225px\" size=\"small\"><\/fb:like><\/div><\/div><p style=\"font-weight: 400;\"><span style=\"color: #993300;\"><strong>25 d\u00e9cembre 2024<\/strong><\/span><\/p>\n<p style=\"font-weight: 400;\"><span style=\"color: #993300;\"><strong>Fr. Manuel Rivero O.P.<\/strong><\/span><\/p>\n<p style=\"font-weight: 400;\"><span style=\"color: #993300;\"><strong>Pr\u00e9sident de l\u2019association des amis du p\u00e8re Lagrange<\/strong><\/span><\/p>\n<p style=\"font-weight: 400;\"><span style=\"color: #993300;\"><strong>Saint-Denis (La R\u00e9union), le 20 d\u00e9cembre 2024.<\/strong><\/span><\/p>\n<p style=\"font-weight: 400;\"><span style=\"color: #993300;\"><strong><a href=\"https:\/\/mj-lagrange.org\/wp-content\/uploads\/2024\/12\/Fr.-Manuel-Rivero.jpg\"><img loading=\"lazy\" decoding=\"async\" class=\"alignleft size-medium wp-image-16021\" src=\"https:\/\/mj-lagrange.org\/wp-content\/uploads\/2024\/12\/Fr.-Manuel-Rivero-300x300.jpg\" alt=\"\" width=\"300\" height=\"300\" srcset=\"https:\/\/mj-lagrange.org\/wp-content\/uploads\/2024\/12\/Fr.-Manuel-Rivero-300x300.jpg 300w, https:\/\/mj-lagrange.org\/wp-content\/uploads\/2024\/12\/Fr.-Manuel-Rivero-150x150.jpg 150w, https:\/\/mj-lagrange.org\/wp-content\/uploads\/2024\/12\/Fr.-Manuel-Rivero-768x768.jpg 768w, https:\/\/mj-lagrange.org\/wp-content\/uploads\/2024\/12\/Fr.-Manuel-Rivero-730x730.jpg 730w, https:\/\/mj-lagrange.org\/wp-content\/uploads\/2024\/12\/Fr.-Manuel-Rivero.jpg 1024w\" sizes=\"auto, (max-width: 300px) 100vw, 300px\" \/><\/a>V\u0153ux pour No\u00ebl et pour la nouvelle ann\u00e9e 2025 sous le signe de l\u2019Esp\u00e9rance<\/strong><\/span><\/p>\n<p style=\"font-weight: 400;\">Chers amis du p\u00e8re Lagrange,<\/p>\n<p style=\"font-weight: 400;\">Cette ann\u00e9e 2024 a \u00e9t\u00e9 riche en gr\u00e2ces.<\/p>\n<p style=\"font-weight: 400;\">Les textes de la Journ\u00e9e d\u2019\u00e9tude sur le p\u00e8re Lagrange, c\u00e9l\u00e9br\u00e9e \u00e0 Nice le 9 mars 2024, vont \u00eatre publi\u00e9s prochainement, leur \u00e9dition est en cours de pr\u00e9paration.<\/p>\n<p style=\"font-weight: 400;\">Nous nous r\u00e9jouissons du cardinalat du fr\u00e8re Timothy Radcliffe O.P., ancien ma\u00eetre de l\u2019Ordre des pr\u00eacheurs, que les amis du p\u00e8re Lagrange ont port\u00e9 dans leur pri\u00e8re lors de son op\u00e9ration chirurgicale fort grave. Il nous en est reconnaissant. Le Pape Fran\u00e7ois lui-m\u00eame avait confi\u00e9 au p\u00e8re Lagrange cette op\u00e9ration de son ami Timothy Radcliffe O.P., comme il l\u2019a manifest\u00e9 \u00e0 l\u2019actuel ma\u00eetre de l\u2019Ordre des pr\u00eacheurs, le fr\u00e8re G\u00e9rard Francisco Timoner III O.P.<\/p>\n<p style=\"font-weight: 400;\">Les conflits internationaux nous poussent \u00e0 redoubler nos pri\u00e8res et nos efforts pour la Paix partout dans le monde\u00a0: Ukraine et Russie, Syrie, Isra\u00ebl et Palestine, Nigeria&#8230; Nous n\u2019oublions pas J\u00e9rusalem et l\u2019\u00c9cole biblique. Nous prions aussi pour la France. Le p\u00e8re Lagrange tenait \u00e0 ce que l\u2019\u00c9cole biblique de J\u00e9rusalem soit fran\u00e7aise.<\/p>\n<p style=\"font-weight: 400;\">Vous trouverez ci-joint la conclusion au livre sur le th\u00e8me de la Journ\u00e9e d\u2019\u00e9tude du 9 mars 2024 qui portait sur \u00ab\u00a0le progr\u00e8s dans la V\u00e9rit\u00e9\u00a0\u00bb.<\/p>\n<p style=\"font-weight: 400;\">Maranatha, \u00ab\u00a0viens Seigneur J\u00e9sus\u00a0\u00bb (Ap 22,17), dans nos \u00e2mes, dans nos familles, dans notre pays et dans le monde.<\/p>\n<p style=\"font-weight: 400;\">Bien fraternellement, en vous souhaitant une belle Nativit\u00e9 de notre Seigneur J\u00e9sus et la vertu de l\u2019esp\u00e9rance pour 2025.<\/p>\n<p style=\"font-weight: 400;\">Fr. Manuel Rivero O.P.<\/p>\n<p style=\"font-weight: 400;\">Conclusion de la Journ\u00e9e d\u2019\u00e9tude du 9 mars 2024.<\/p>\n<div id=\"attachment_16022\" style=\"width: 310px\" class=\"wp-caption alignleft\"><a href=\"https:\/\/mj-lagrange.org\/wp-content\/uploads\/2024\/12\/portrait-mj-lagrange-1934.jpeg\"><img loading=\"lazy\" decoding=\"async\" aria-describedby=\"caption-attachment-16022\" class=\"size-medium wp-image-16022\" src=\"https:\/\/mj-lagrange.org\/wp-content\/uploads\/2024\/12\/portrait-mj-lagrange-1934-300x181.jpeg\" alt=\"\" width=\"300\" height=\"181\" srcset=\"https:\/\/mj-lagrange.org\/wp-content\/uploads\/2024\/12\/portrait-mj-lagrange-1934-300x181.jpeg 300w, https:\/\/mj-lagrange.org\/wp-content\/uploads\/2024\/12\/portrait-mj-lagrange-1934.jpeg 640w\" sizes=\"auto, (max-width: 300px) 100vw, 300px\" \/><\/a><p id=\"caption-attachment-16022\" class=\"wp-caption-text\">Screenshot<\/p><\/div>\n<p style=\"font-weight: 400;\">Au terme de cette Journ\u00e9e d\u2019\u00e9tude sur le th\u00e8me \u00ab\u00a0Progr\u00e8s dans la v\u00e9rit\u00e9\u00a0\u00bb, il convient de se tourner vers l\u2019avenir en contextualisant les apports et les m\u00e9thodes pr\u00e9sent\u00e9s pendant les conf\u00e9rences.<\/p>\n<p style=\"font-weight: 400;\">Aujourd\u2019hui plus que jamais, des institutions et des entreprises s\u2019\u00e9vertuent \u00e0 innover\u00a0; elles investissent d\u2019importantes ressources financi\u00e8res dans des \u00e9quipes de recherche et de d\u00e9veloppement.<\/p>\n<p style=\"font-weight: 400;\">Le p\u00e8re Marie-Joseph Lagrange a consacr\u00e9 sa vie \u00e0 la recherche ex\u00e9g\u00e9tique en menant une vie contemplative et communautaire selon la vocation dominicaine. Son but \u00e9tait de r\u00e9concilier la foi et la science et de synchroniser le temps avec l\u2019\u00e9ternit\u00e9, l\u2019heure de Dieu et l\u2019histoire de l\u2019humanit\u00e9.<\/p>\n<p style=\"font-weight: 400;\">Les textes bibliques, r\u00e9v\u00e9l\u00e9s par l\u2019Esprit Saint aux yeux des croyants, ne sauraient \u00eatre trait\u00e9s comme de simples \u0153uvres litt\u00e9raires. Dieu que personne n\u2019a jamais vu ne se laisse d\u00e9couvrir que dans la lumi\u00e8re de la foi, vertu th\u00e9ologale surnaturelle.<\/p>\n<p style=\"font-weight: 400;\">N\u00e9anmoins, il reste possible d\u2019\u00e9tablir des corr\u00e9lations entre la soif des innovations scientifiques et les progr\u00e8s dans la connaissance du myst\u00e8re de Dieu \u00e0 travers l\u2019esprit critique et l\u2019\u00e9tude scientifique des manuscrits r\u00e9v\u00e9l\u00e9s.<\/p>\n<p style=\"font-weight: 400;\">Nous pouvons citer comme exemple, \u00ab\u00a0La th\u00e9orie U\u00a0\u00bb d\u2019Otto Scharmer o\u00f9 les acteurs du changement commencent par vivre la connexion au moi profond symbolis\u00e9e par la premi\u00e8re barre verticale de la lettre \u00ab\u00a0U\u00a0\u00bb, vient ensuite la mont\u00e9e vers un futur qui \u00e9merge dans l\u2019interpr\u00e9tation communautaire des exp\u00e9riences et la cr\u00e9ation de prototypes.<\/p>\n<p style=\"font-weight: 400;\">Souvenons-nous que le p\u00e8re Lagrange a tenu \u00e0 fonder une \u00c9cole pratique d\u2019\u00e9tudes bibliques reli\u00e9e \u00e0 des recherches arch\u00e9ologiques sur le terrain.<\/p>\n<p style=\"font-weight: 400;\">Aujourd\u2019hui l\u2019intelligence artificielle devient un moyen utile pour la recherche mais elle ne saurait pas remplacer la sagesse cr\u00e9atrice des hommes. Aussi le po\u00e8te Christian Bobin (+2022) affirmait-il : \u00a0\u00bb Il n&rsquo;existe pas d&rsquo; \u00ab\u00a0intelligence artificielle\u00bb. La racine de l&rsquo;intelligence, son centre invisible \u00e0 partir de quoi tout rayonne, c&rsquo;est l&rsquo;amour. On n&rsquo;a jamais vu et on ne verra jamais d&rsquo; \u00ab\u00a0amour artificiel\u00bb \u00ab\u00a0. (<em>La nuit du c\u0153ur<\/em>). Dans la tradition th\u00e9ologique catholique, l\u2019amour est lui-m\u00eame connaissance\u00a0; connaissance et amour forment un couple ins\u00e9parable, fruit de l\u2019image de Dieu qui est amour (I Jn 4,16) et sagesse.<\/p>\n<p style=\"font-weight: 400;\"><strong>Sacr\u00e9-C\u0153ur<\/strong><\/p>\n<p style=\"font-weight: 400;\">Le p\u00e8re Lagrange tenait \u00e0 la communication symbolique. C\u2019est pourquoi la premi\u00e8re pierre de l\u2019\u00c9cole biblique de J\u00e9rusalem fut pos\u00e9e le 5 juin 1891 en la f\u00eate du Sacr\u00e9-C\u0153ur de J\u00e9sus. Il avait averti que dans les fondations de l\u2019\u00c9cole, les fouilleurs trouveraient des m\u00e9dailles du Sacr\u00e9-C\u0153ur, de Notre-Dame de Lourdes, de Notre-Dame du Rosaire, de saint Beno\u00eet, de sainte Marie-Madeleine et du pape L\u00e9on XIII qui r\u00e9gnait \u00e0 ce moment-l\u00e0<a href=\"applewebdata:\/\/F1107AC9-D267-48DF-910D-009A99A801CD#_ftn1\" name=\"_ftnref1\">[1]<\/a>.<\/p>\n<p style=\"font-weight: 400;\">Le pape L\u00e9on XIII pensait que cette cons\u00e9cration au Sacr\u00e9-C\u0153ur s\u2019harmonisait avec le lieu de la lapidation de saint \u00c9tienne, sur lequel \u00e9taient b\u00e2ties l\u2019\u00c9cole biblique et la basilique Saint-\u00c9tienne. Le pape L\u00e9on XIII exhortait le p\u00e8re Lagrange et les fr\u00e8res dominicains en ces termes\u00a0: \u00ab\u00a0Oui, consacrez toute votre \u0153uvre et l\u2019\u00c9glise au Sacr\u00e9-C\u0153ur de J\u00e9sus. Le Sacr\u00e9-C\u0153ur ne peut \u00eatre mieux que l\u00e0, car lorsque saint \u00c9tienne voyait les cieux ouverts et J\u00e9sus debout \u00e0 la droite de son P\u00e8re, J\u00e9sus se montrait \u00e0 lui avec ses plaies, celles de ses pieds et de ses mains, celles de son c\u0153ur\u00a0!<a href=\"applewebdata:\/\/F1107AC9-D267-48DF-910D-009A99A801CD#_ftn2\" name=\"_ftnref2\">[2]<\/a>\u00a0\u00bb.<\/p>\n<p style=\"font-weight: 400;\">En 1924, au moment de r\u00e9diger son avant-propos \u00e0 la traduction et au commentaire de l\u2019\u00c9vangile selon saint Jean, le p\u00e8re Lagrange d\u00e9dicace son ouvrage \u00e0 ses confr\u00e8res en choisissant la f\u00eate symbolique du Sacr\u00e9-C\u0153ur, dans la communion de l\u2019amour de J\u00e9sus, si bien transmis par le disciple bien-aim\u00e9\u00a0: \u00ab\u00a0Je prie mes collaborateurs de l\u2019\u00c9cole biblique d\u2019agr\u00e9er l\u2019hommage cordial et fraternel de cet ouvrage, en souvenir d\u2019une vie dominicaine commune qui nous fut toujours douce. (\u2026). Demandons tout simplement \u00e0 Notre-Seigneur la gr\u00e2ce de mettre en pratique son <a href=\"https:\/\/mj-lagrange.org\/wp-content\/uploads\/2024\/12\/Sacre-Coeur-intronisation.jpg\"><img loading=\"lazy\" decoding=\"async\" class=\"alignleft size-medium wp-image-16023\" src=\"https:\/\/mj-lagrange.org\/wp-content\/uploads\/2024\/12\/Sacre-Coeur-intronisation-300x201.jpg\" alt=\"\" width=\"300\" height=\"201\" srcset=\"https:\/\/mj-lagrange.org\/wp-content\/uploads\/2024\/12\/Sacre-Coeur-intronisation-300x201.jpg 300w, https:\/\/mj-lagrange.org\/wp-content\/uploads\/2024\/12\/Sacre-Coeur-intronisation-768x515.jpg 768w, https:\/\/mj-lagrange.org\/wp-content\/uploads\/2024\/12\/Sacre-Coeur-intronisation-730x490.jpg 730w, https:\/\/mj-lagrange.org\/wp-content\/uploads\/2024\/12\/Sacre-Coeur-intronisation.jpg 1024w\" sizes=\"auto, (max-width: 300px) 100vw, 300px\" \/><\/a>commandement promulgu\u00e9 par saint Jean\u00a0: Aimons-nous les uns les autres. J\u00e9rusalem, en la f\u00eate du Sacr\u00e9-C\u0153ur de J\u00e9sus, 27 juin 1924\u00a0<a href=\"applewebdata:\/\/F1107AC9-D267-48DF-910D-009A99A801CD#_ftn3\" name=\"_ftnref3\">[3]<\/a>\u00bb.<\/p>\n<p style=\"font-weight: 400;\">Dans ce m\u00eame avant-propos, le fondateur de l\u2019\u00c9cole biblique avait \u00e9voqu\u00e9 le c\u0153ur de J\u00e9sus et le geste fraternel de Jean qui y avait trouv\u00e9 le repos de l\u2019amour et l\u2019intelligence du myst\u00e8re de J\u00e9sus \u00e0 la derni\u00e8re C\u00e8ne\u00a0: \u00ab\u00a0Il sied d\u2019\u00eatre timide \u00e0 la suite d\u2019Orig\u00e8ne\u00a0: \u00ab\u00a0Osons le dire\u00a0: les \u00e9vangiles sont la part choisie de toutes les \u00c9critures, et l\u2019\u00c9vangile de Jean est la part choisie parmi les autres\u00a0: nul ne peut en acqu\u00e9rir l\u2019esprit s\u2019il n\u2019a repos\u00e9 sur la poitrine de J\u00e9sus, et s\u2019il n\u2019a re\u00e7u de J\u00e9sus, Marie pour sa m\u00e8re.\u00a0\u00bb<\/p>\n<p style=\"font-weight: 400;\">Il s\u2019agit bien d\u2019une connaissance dans l\u2019amour qui passe par les sens et non par une \u00e9tude livresque de l\u2019enseignement de J\u00e9sus. C\u2019est du c\u0153ur de J\u00e9sus que jaillit l\u2019esprit n\u00e9cessaire pour interpr\u00e9ter l\u2019\u00c9vangile \u00e0 partir de la lettre.<\/p>\n<p style=\"font-weight: 400;\">La d\u00e9votion au Sacr\u00e9-C\u0153ur renvoie \u00e0 la condamnation injuste de J\u00e9sus et au supplice de la croix ex\u00e9cut\u00e9 par l\u2019arm\u00e9e romaine qui occupait Isra\u00ebl. Rien de douce\u00e2tre dans cette image qui exprime la douleur de J\u00e9sus, le Fils de Dieu fait homme. La lance du soldat romain transperce le c\u0153ur de J\u00e9sus qui vient d\u2019expirer apr\u00e8s une affreuse agonie. Disciple et bon connaisseur de saint Thomas d\u2019Aquin, le p\u00e8re Lagrange partage sa vision th\u00e9ologique du c\u0153ur de J\u00e9sus comme symbole des Saintes \u00c9critures\u00a0tel que le Docteur Ang\u00e9lique l\u2019enseigne dans son commentaire aux Psaumes : \u00ab\u00a0Par le c\u0153ur du Christ, on entend la Sainte \u00c9criture qui r\u00e9v\u00e8le son c\u0153ur. Mais ce c\u0153ur \u00e9tait ferm\u00e9 avant la Passion, parce que l\u2019\u00c9criture \u00e9tait obscure\u00a0; mais elle est ouverte apr\u00e8s la Passion, puisque ceux qui la comprennent \u00e0 pr\u00e9sent, consid\u00e8rent et discernent de quelle mani\u00e8re les proph\u00e9ties doivent \u00eatre interpr\u00e9t\u00e9es<a href=\"applewebdata:\/\/F1107AC9-D267-48DF-910D-009A99A801CD#_ftn4\" name=\"_ftnref4\">[4]<\/a>\u00a0\u00bb.<\/p>\n<p style=\"font-weight: 400;\">Le c\u0153ur ouvert de J\u00e9sus ouvre l\u2019esprit des disciples \u00e0 l\u2019intelligence des \u00c9critures. Le Sacr\u00e9-C\u0153ur de J\u00e9sus continue d\u2019ouvrir l\u2019esprit des chr\u00e9tiens \u00e0 la compr\u00e9hension du myst\u00e8re pascal c\u00e9l\u00e9br\u00e9 \u00e0 chaque messe\u00a0: la mort et la r\u00e9surrection de J\u00e9sus.<\/p>\n<p style=\"font-weight: 400;\">Il importe de souligner l\u2019apport de saint Thomas d\u2019Aquin au Sacr\u00e9-C\u0153ur de J\u00e9sus que le Cat\u00e9chisme de l\u2019\u00c9glise catholique s\u2019est plu \u00e0 citer\u00a0(n\u00b0112). Le Sacr\u00e9-C\u0153ur de J\u00e9sus appara\u00eet ainsi comme le symbole qui r\u00e9sume la r\u00e9v\u00e9lation de l\u2019Amour de Dieu aux hommes. Nous pourrions utiliser le mot \u00ab\u00a0logo\u00a0\u00bb pour dire, en langage contemporain, la puissance symbolique du C\u0153ur de J\u00e9sus. Le Sacr\u00e9-C\u0153ur figure comme le \u00ab\u00a0logo\u00a0\u00bb du christianisme. Les artistes chr\u00e9tiens ne se sont pas tromp\u00e9s en le repr\u00e9sentant souvent dans les tableaux et les vitraux ou en le chantant comme le message de l\u2019amour humili\u00e9 et fid\u00e8le de Dieu envers l\u2019humanit\u00e9.<\/p>\n<p style=\"font-weight: 400;\">Dans son commentaire au Credo, saint Thomas d\u2019Aquin relie le c\u0153ur ouvert de J\u00e9sus \u00e0 l\u2019ouverture du Paradis\u00a0: \u00ab\u00a0Quand le c\u00f4t\u00e9 du Christ fut ouvert, la porte du Paradis le fut aussi\u00a0; et, par l\u2019effusion de son sang, la souillure du p\u00e9cheur fut effac\u00e9e\u00a0: Dieu fut apais\u00e9, la faiblesse de l\u2019homme gu\u00e9rie, sa peine expi\u00e9e et les exil\u00e9s rappel\u00e9s dans le Royaume. C\u2019est pourquoi le Christ d\u00e9clara aussit\u00f4t au bon larron qui l\u2019implorait (Luc 23,32)\u00a0: \u00ab\u00a0Aujourd\u2019hui m\u00eame, tu seras avec moi dans le Paradis\u00a0\u00bb. Ceci ne fut pas dit auparavant \u00e0 qui que ce soit, ni \u00e0 Adam, ni \u00e0 Abraham, ni \u00e0 David\u00a0; mais \u00ab\u00a0aujourd\u2019hui\u00a0\u00bb, c\u2019est-\u00e0-dire, d\u00e8s que la porte du Paradis fut ouverte, le bon larron implora son pardon et l\u2019obtint<a href=\"applewebdata:\/\/F1107AC9-D267-48DF-910D-009A99A801CD#_ftn5\" name=\"_ftnref5\">[5]<\/a>\u00a0\u00bb. Le Sacr\u00e9-C\u0153ur de J\u00e9sus, symbole et \u00ab\u00a0logo\u00a0\u00bb de la mis\u00e9ricorde divine, ouvre l\u2019esprit \u00e0 l\u2019intelligence des \u00c9critures et le Paradis aux p\u00e9cheurs.<\/p>\n<p style=\"font-weight: 400;\"><strong>Jean Guitton<\/strong><\/p>\n<p style=\"font-weight: 400;\"><a href=\"https:\/\/mj-lagrange.org\/wp-content\/uploads\/2024\/12\/Portrait-du-pere-Lagrange-par-Jean-Guitton.jpg\"><img loading=\"lazy\" decoding=\"async\" class=\"alignleft size-full wp-image-16024\" src=\"https:\/\/mj-lagrange.org\/wp-content\/uploads\/2024\/12\/Portrait-du-pere-Lagrange-par-Jean-Guitton.jpg\" alt=\"\" width=\"594\" height=\"987\" srcset=\"https:\/\/mj-lagrange.org\/wp-content\/uploads\/2024\/12\/Portrait-du-pere-Lagrange-par-Jean-Guitton.jpg 594w, https:\/\/mj-lagrange.org\/wp-content\/uploads\/2024\/12\/Portrait-du-pere-Lagrange-par-Jean-Guitton-181x300.jpg 181w\" sizes=\"auto, (max-width: 594px) 100vw, 594px\" \/><\/a>Par ailleurs, il importe de citer le t\u00e9moignage de Jean Guitton (+1999), philosophe, \u00e9crivain, membre de l\u2019Acad\u00e9mie fran\u00e7aise. Il avait v\u00e9cu trois mois en 1935 aupr\u00e8s du p\u00e8re Lagrange \u00e0 l\u2019\u00c9cole biblique de J\u00e9rusalem. Dans un entretien accord\u00e9 \u00e0 Paris au mois d\u2019avril 1988<a href=\"applewebdata:\/\/F1107AC9-D267-48DF-910D-009A99A801CD#_ftn6\" name=\"_ftnref6\">[6]<\/a>, il n\u2019avait pas h\u00e9sit\u00e9 \u00e0 qualifier le p\u00e8re Lagrange de <em>proph\u00e8te<\/em>, de\u00a0<em>mutant <\/em>dans sa discipline ex\u00e9g\u00e9tique \u00e0 l\u2019exemple de saint Fran\u00e7ois d\u2019Assise avec sa spiritualit\u00e9 de l\u2019amour de la cr\u00e9ation qui n\u2019existait pas auparavant et de <em>martyr, <\/em>t\u00e9moin du Christ, en \u00e9voquant un proverbe arabe\u00a0: \u00ab\u00a0L\u2019encre du savant est aussi pr\u00e9cieuse que le sang du martyr\u00a0\u00bb.<\/p>\n<p style=\"font-weight: 400;\">\u00ab\u00a0Le sacrifice du p\u00e8re Lagrange pendant soixante ans est pr\u00e9cieux devant Dieu\u00a0\u00bb, d\u00e9clarait l\u2019Acad\u00e9micien, la\u00efc invit\u00e9 par le saint pape Jean XXIII au Concile \u0153cum\u00e9nique Vatican II et ami du saint pape Paul VI.<\/p>\n<p style=\"font-weight: 400;\">Fid\u00e8le \u00e0 la foi de l\u2019\u00c9glise, le p\u00e8re Lagrange a \u0153uvr\u00e9 au service du d\u00e9veloppement de la Tradition. Son travail d\u2019ex\u00e9g\u00e8te s\u2019est d\u00e9ploy\u00e9 dans l\u2019ob\u00e9issance,\u00a0 ob\u00e9issance douloureuse. Deux phrases importantes lui sont attribu\u00e9es \u00e0 ce propos\u00a0: \u00ab\u00a0On ne rem\u00e9die \u00e0 rien dans l\u2019\u00c9glise en dehors de l\u2019ob\u00e9issance\u00a0\u00bb et \u00ab\u00a0Celui qui n\u2019a pas souffert pour l\u2019\u00c9glise ne sait pas ce qu\u2019est aimer l\u2019\u00c9glise\u00a0\u00bb.<\/p>\n<p style=\"font-weight: 400;\">Le philosophe Charles Adler (+1933) avait d\u00e9j\u00e0 constat\u00e9 en son temps le renouvellement permanent des d\u00e9couvertes scientifiques\u00a0: \u00ab\u00a0Un livre de sciences n\u2019a qu\u2019un temps\u00a0; s\u2019il est bien \u00e9crit, il dure une vingtaine d\u2019ann\u00e9es\u00a0\u00bb. Et Jean Guitton de commenter\u00a0cela : \u00ab\u00a0Mais les mat\u00e9riaux en sont bons pour de nouveaux usages\u00a0<a href=\"applewebdata:\/\/F1107AC9-D267-48DF-910D-009A99A801CD#_ftn7\" name=\"_ftnref7\">[7]<\/a>\u00bb.<\/p>\n<p style=\"font-weight: 400;\">Humble et lucide, le p\u00e8re Lagrange savait que son \u0153uvre restait appel\u00e9e \u00e0 de nouveaux d\u00e9veloppements dans l\u2019histoire de l\u2019ex\u00e9g\u00e8se. En revanche, l\u2019esprit transmis et l\u2019\u00e9lan donn\u00e9 allaient demeurer dans l\u2019histoire de l\u2019\u00c9cole biblique de J\u00e9rusalem.<\/p>\n<p style=\"font-weight: 400;\">Le p\u00e8re Lagrange aimait profond\u00e9ment la France et les lieux saints gard\u00e9s par la France \u00e0 J\u00e9rusalem. C\u2019est dans la joie et la ferveur qu\u2019il se rendait chaque ann\u00e9e en l\u2019\u00e9glise Sainte Anne de J\u00e9rusalem pour c\u00e9l\u00e9brer la f\u00eate de l\u2019Immacul\u00e9e, patronne de l\u2019\u00c9cole.<\/p>\n<p style=\"font-weight: 400;\">Jean Guitton a mis en valeur l\u2019action et l\u2019\u0153uvre de la France \u00e0 J\u00e9rusalem\u00a0: \u00ab\u00a0Il est heureux que ce soit encore la France qui ait pris l\u2019initiative de cette nouvelle garde de la \u00ab\u00a0terre sainte\u00a0\u00bb. Cela \u00e9tait dans sa tradition m\u00eame. Cette garde est une \u0153uvre de paix et de lumi\u00e8re. Elle se fait par l\u2019esprit. Elle ne nuit \u00e0 personne. Elle stimule tout. Elle continue dans ce Proche-Orient l\u2019\u0153uvre m\u00eame de notre pays qu\u2019est de ne conqu\u00e9rir que pour respecter, de laisser chaque chose et chaque \u00eatre \u00e0 sa place, mais en lui donnant plus de v\u00e9rit\u00e9\u00a0<a href=\"applewebdata:\/\/F1107AC9-D267-48DF-910D-009A99A801CD#_ftn8\" name=\"_ftnref8\">[8]<\/a>\u00bb. La France tient \u00e0 faire respecter sa mission \u00e0 J\u00e9rusalem comme le prouvent les protestations politiques vigoureuses \u00e0 l\u2019occasion de la pr\u00e9sence des polices autres que fran\u00e7aises dans ces lieux saints qui lui appartiennent et qui lui sont confi\u00e9s.<\/p>\n<p style=\"font-weight: 400;\"><strong>Gr\u00e2ces demand\u00e9es et accord\u00e9es<\/strong><\/p>\n<p style=\"font-weight: 400;\"><a href=\"https:\/\/mj-lagrange.org\/wp-content\/uploads\/2021\/08\/Fr.-Timothy-Radcliffe-o.p.-ancien-Maitre-de-lOrdre.jpg\"><img loading=\"lazy\" decoding=\"async\" class=\"alignleft size-medium wp-image-14447\" src=\"https:\/\/mj-lagrange.org\/wp-content\/uploads\/2021\/08\/Fr.-Timothy-Radcliffe-o.p.-ancien-Maitre-de-lOrdre-300x194.jpg\" alt=\"\" width=\"300\" height=\"194\" srcset=\"https:\/\/mj-lagrange.org\/wp-content\/uploads\/2021\/08\/Fr.-Timothy-Radcliffe-o.p.-ancien-Maitre-de-lOrdre-300x194.jpg 300w, https:\/\/mj-lagrange.org\/wp-content\/uploads\/2021\/08\/Fr.-Timothy-Radcliffe-o.p.-ancien-Maitre-de-lOrdre-768x497.jpg 768w, https:\/\/mj-lagrange.org\/wp-content\/uploads\/2021\/08\/Fr.-Timothy-Radcliffe-o.p.-ancien-Maitre-de-lOrdre-730x473.jpg 730w, https:\/\/mj-lagrange.org\/wp-content\/uploads\/2021\/08\/Fr.-Timothy-Radcliffe-o.p.-ancien-Maitre-de-lOrdre.jpg 1024w\" sizes=\"auto, (max-width: 300px) 100vw, 300px\" \/><\/a>Le fr\u00e8re Timothy Radcliffe O.P. a \u00e9t\u00e9 \u00e9lev\u00e9 au cardinalat par le pape Fran\u00e7ois. Lors d\u2019une r\u00e9cente op\u00e9ration chirurgicale fort grave, c\u2019est le pape Fran\u00e7ois lui-m\u00eame et un grand nombre de chr\u00e9tiens amis spirituels du p\u00e8re Lagrange qui avaient port\u00e9 l\u2019ancien ma\u00eetre de l\u2019Ordre des pr\u00eacheurs dans leur pri\u00e8re. Le fr\u00e8re Timothy en a t\u00e9moign\u00e9 sa reconnaissance en envoyant son texte sur l\u2019innovation de l\u2019esprit synodal. Il aurait aim\u00e9 participer en pr\u00e9sentiel \u00e0 la Journ\u00e9e d\u2019\u00e9tude de Nice mais des engagements avaient d\u00e9j\u00e0 \u00e9t\u00e9 pris auparavant, pour un autre continent, \u00e0 la date du 9 mars 2024.<\/p>\n<p style=\"font-weight: 400;\">Nombreux sont ceux qui ont b\u00e9n\u00e9fici\u00e9 des gr\u00e2ces envoy\u00e9es par Dieu en r\u00e9ponse \u00e0 l\u2019intercession du p\u00e8re Lagrange\u00a0: gr\u00e2ces de conversion et d\u2019intelligence de la foi, gr\u00e2ces de r\u00e9conciliation dans les familles, gr\u00e2ces de fid\u00e9lit\u00e9 et d\u2019engagement pour la justice dans les entreprises, gr\u00e2ces pour la sant\u00e9 des malades \u2026<\/p>\n<p style=\"font-weight: 400;\">Le p\u00e8re Lagrange a beaucoup voyag\u00e9 par bateau entre J\u00e9rusalem et l\u2019Europe. En arrivant et en quittant le port de Marseille, il saluait Notre-Dame de la Garde, qui veille sur la cit\u00e9 phoc\u00e9enne. Aux noces de Cana, la m\u00e8re de J\u00e9sus a interc\u00e9d\u00e9 pour les nouveaux \u00e9poux qui n\u2019avaient rien demand\u00e9\u00a0; M\u00e8re de mis\u00e9ricorde soucieuse du bien de toute l\u2019humanit\u00e9, croyante ou incroyante. C\u2019est \u00e0 la Vierge Immacul\u00e9e que le p\u00e8re Lagrange avait confi\u00e9 toute sa vie ainsi que la direction de l\u2019\u00c9cole biblique. Il n\u2019en a pas \u00e9t\u00e9 d\u00e9\u00e7u\u00a0!<\/p>\n<p style=\"font-weight: 400;\"><a href=\"https:\/\/mj-lagrange.org\/wp-content\/uploads\/2024\/12\/Le-Pere-Lagrange-et-la-Vierge-Marie.jpeg\"><img loading=\"lazy\" decoding=\"async\" class=\"alignleft size-medium wp-image-16025\" src=\"https:\/\/mj-lagrange.org\/wp-content\/uploads\/2024\/12\/Le-Pere-Lagrange-et-la-Vierge-Marie-206x300.jpeg\" alt=\"\" width=\"206\" height=\"300\" srcset=\"https:\/\/mj-lagrange.org\/wp-content\/uploads\/2024\/12\/Le-Pere-Lagrange-et-la-Vierge-Marie-206x300.jpeg 206w, https:\/\/mj-lagrange.org\/wp-content\/uploads\/2024\/12\/Le-Pere-Lagrange-et-la-Vierge-Marie-703x1024.jpeg 703w, https:\/\/mj-lagrange.org\/wp-content\/uploads\/2024\/12\/Le-Pere-Lagrange-et-la-Vierge-Marie-768x1119.jpeg 768w, https:\/\/mj-lagrange.org\/wp-content\/uploads\/2024\/12\/Le-Pere-Lagrange-et-la-Vierge-Marie-730x1063.jpeg 730w, https:\/\/mj-lagrange.org\/wp-content\/uploads\/2024\/12\/Le-Pere-Lagrange-et-la-Vierge-Marie.jpeg 784w\" sizes=\"auto, (max-width: 206px) 100vw, 206px\" \/><\/a>Pourquoi ne pas l\u2019imiter en remettant entre les mains de la Vierge Marie notre vie et notre mort, ce que nous avons et ce que nous sommes ?<\/p>\n<p style=\"font-weight: 400;\">Saint-Denis (La R\u00e9union), le 15 novembre 2024, en la f\u00eate de saint Albert le Grand, patron de bapt\u00eame d\u2019Albert Lagrange, devenu en religion le p\u00e8re Marie-Joseph Lagrange.<\/p>\n<p style=\"font-weight: 400;\">Fr. Manuel Rivero O.P.<\/p>\n<p style=\"font-weight: 400;\">\u2026\u2026\u2026\u2026\u2026\u2026\u2026\u2026\u2026.<\/p>\n<p style=\"font-weight: 400;\"><strong>Pri\u00e8re pour la glorification du serviteur de Dieu Marie-Joseph Lagrange\u00a0<\/strong><\/p>\n<p style=\"font-weight: 400;\">\u00ab\u00a0P\u00e8re saint, tu as mis en ton serviteur le fr\u00e8re Marie-Joseph Lagrange, le d\u00e9sir de la v\u00e9rit\u00e9 et un go\u00fbt passionn\u00e9 pour la Parole de Dieu.\u00a0 A la lumi\u00e8re de la Loi de Mo\u00efse, des Proph\u00e8tes et des Psaumes, il a scrut\u00e9 le myst\u00e8re de J\u00e9sus-Christ et son c\u0153ur est devenu br\u00fblant. Avec la Vierge Marie, il a m\u00e9dit\u00e9 l\u2019\u00c9vangile dans la pri\u00e8re du rosaire. Il a vou\u00e9 son existence \u00e0 l\u2019\u00e9tude scientifique de la Bible dans l\u2019harmonie \u00e9vang\u00e9lique de la foi et de la raison afin de sauver les \u00e2mes perturb\u00e9es par la critique scientifique.<\/p>\n<p style=\"font-weight: 400;\">Ceux qui l\u2019ont connu ont t\u00e9moign\u00e9 de sa foi rayonnante et de son exemplaire ob\u00e9issance dans les \u00e9preuves.<\/p>\n<p style=\"font-weight: 400;\">Nous te prions, P\u00e8re, de h\u00e2ter le jour o\u00f9 l\u2019\u00c9glise reconna\u00eetra publiquement la saintet\u00e9 de sa vie, afin que son exemple bienfaisant entra\u00eene nos fr\u00e8res \u00e0 croire en la Parole de Dieu.<\/p>\n<p style=\"font-weight: 400;\">Que l\u2019intercession du fr\u00e8re Marie-Joseph Lagrange nous obtienne les gr\u00e2ces dont nous avons besoin, et en particulier\u00a0: (<em>pr\u00e9cisez lesquelles<\/em>).<\/p>\n<p style=\"font-weight: 400;\">Nous te le demandons, P\u00e8re, au nom de ton Fils J\u00e9sus-Christ, dans la communion du Saint-Esprit, un seul Dieu Vivant pour les si\u00e8cles et des si\u00e8cles. Amen.<\/p>\n<p style=\"font-weight: 400;\">Contact\u00a0: Association des Amis du P\u00e8re Lagrange. Couvent des Dominicains. 9, rue Saint-Fran\u00e7ois-de-Paule. F-06300 Nice. Site Internet\u00a0: <a href=\"http:\/\/www.mj-lagrange.org\/\">http:\/\/www.mj-lagrange.org\/<\/a><br \/>\nFacebook : Marie-Joseph Lagrange, dominicain.<\/p>\n<p><span style=\"font-weight: 400;\">Courriel\u00a0: <\/span><span style=\"font-weight: 400;\"><a href=\"mailto:pere.marie.joseph.lagrange@gmail.com\">pere.marie.joseph.lagrange@gmail.com<\/a><\/span><\/p>\n<p><a href=\"applewebdata:\/\/F1107AC9-D267-48DF-910D-009A99A801CD#_ftnref1\" name=\"_ftn1\">[1]<\/a> Cf. <em>Le p\u00e8re Lagrange au service de la Bible. Souvenirs personnels<\/em>. Pr\u00e9face du P. Beno\u00eet, o.p. Paris. \u00c9ditions du Cerf. 1967. P. 38.<\/p>\n<p><a href=\"applewebdata:\/\/F1107AC9-D267-48DF-910D-009A99A801CD#_ftnref2\" name=\"_ftn2\">[2]<\/a> Marie-Joseph Lagrange, <em>Saint \u00c9tienne et son sanctuaire \u00e0 J\u00e9rusalem<\/em>. Paris. Alphonse Picard et fils, \u00e9diteurs. 1894. P. 173.<\/p>\n<p><a href=\"applewebdata:\/\/F1107AC9-D267-48DF-910D-009A99A801CD#_ftnref3\" name=\"_ftn3\">[3]<\/a> M.-J. Lagrange, des Fr\u00e8res pr\u00eacheurs,<em> \u00c9vangile selon saint Jean<\/em>. Paris. J. Gabalda, \u00e9diteur. 1927.<\/p>\n<p><a href=\"applewebdata:\/\/F1107AC9-D267-48DF-910D-009A99A801CD#_ftnref4\" name=\"_ftn4\">[4]<\/a> Thomas d\u2019Aquin, <em>Commentaire sur les Psaumes<\/em>. Introduction, traduction notes et tables par Jean-\u00c9ric Stroobant de Saint-\u00c9loy, osb. \u00c9ditions du Cerf. 1996. P. 267. Commentaire au Psaume 21,15.<\/p>\n<p><a href=\"applewebdata:\/\/F1107AC9-D267-48DF-910D-009A99A801CD#_ftnref5\" name=\"_ftn5\">[5]<\/a> Saint Thomas d\u2019Aquin, <em>Le Credo.<\/em> Introduction, traduction et notes par un moine de Fontgombault. Collection Docteur Commun. Nouvelles Lettres Latines. Paris. 1969. P. 101.<\/p>\n<p><a href=\"applewebdata:\/\/F1107AC9-D267-48DF-910D-009A99A801CD#_ftnref6\" name=\"_ftn6\">[6]<\/a> Interview de Jean Guitton par le fr\u00e8re Manuel Rivero O.P. sur le p\u00e8re Lagrange, in <em>La Revue du Rosaire,<\/em> n\u00b0162, novembre 2004.<\/p>\n<p><a href=\"applewebdata:\/\/F1107AC9-D267-48DF-910D-009A99A801CD#_ftnref7\" name=\"_ftn7\">[7]<\/a> Jean Guitton, <em>L\u2019\u0153uvre du p\u00e8re Lagrange<\/em>, article demeur\u00e9 in\u00e9dit. Archives de la Province dominicaine de Toulouse et de la vice-postulation. P.5.<\/p>\n<p><a href=\"applewebdata:\/\/F1107AC9-D267-48DF-910D-009A99A801CD#_ftnref8\" name=\"_ftn8\">[8]<\/a> Jean Guitton, <em>L\u2019\u0153uvre du p\u00e8re Lagrange<\/em>, article demeur\u00e9 in\u00e9dit. Archives de la Province dominicaine de Toulouse et de la vice-postulation. P. 15.<\/p>\n","protected":false},"excerpt":{"rendered":"<p>25 d\u00e9cembre 2024 Fr. Manuel Rivero O.P. Pr\u00e9sident de l\u2019association des amis du p\u00e8re Lagrange Saint-Denis (La R\u00e9union), le 20 d\u00e9cembre 2024. V\u0153ux pour No\u00ebl et pour la nouvelle ann\u00e9e 2025 sous le signe de l\u2019Esp\u00e9rance Chers amis du p\u00e8re Lagrange, Cette ann\u00e9e 2024 a \u00e9t\u00e9 riche en gr\u00e2ces. Les textes de la Journ\u00e9e d\u2019\u00e9tude &#8230;<\/p>\n<p><a href=\"https:\/\/www.mj-lagrange.org\/?p=16020\" class=\"more-link\">Continue reading &lsquo;Voeux pour No\u00ebl 2024 et pour la Nouvelle Ann\u00e9e 2025, sous le signe de l&rsquo;Esp\u00e9rance&rsquo; &raquo;<\/a><\/p>\n","protected":false},"author":2,"featured_media":0,"comment_status":"closed","ping_status":"closed","sticky":false,"template":"","format":"standard","meta":{"footnotes":""},"categories":[147],"tags":[],"class_list":["post-16020","post","type-post","status-publish","format-standard","hentry","category-echo_de_notre_page_facebook"],"_links":{"self":[{"href":"https:\/\/www.mj-lagrange.org\/index.php?rest_route=\/wp\/v2\/posts\/16020","targetHints":{"allow":["GET"]}}],"collection":[{"href":"https:\/\/www.mj-lagrange.org\/index.php?rest_route=\/wp\/v2\/posts"}],"about":[{"href":"https:\/\/www.mj-lagrange.org\/index.php?rest_route=\/wp\/v2\/types\/post"}],"author":[{"embeddable":true,"href":"https:\/\/www.mj-lagrange.org\/index.php?rest_route=\/wp\/v2\/users\/2"}],"replies":[{"embeddable":true,"href":"https:\/\/www.mj-lagrange.org\/index.php?rest_route=%2Fwp%2Fv2%2Fcomments&post=16020"}],"version-history":[{"count":2,"href":"https:\/\/www.mj-lagrange.org\/index.php?rest_route=\/wp\/v2\/posts\/16020\/revisions"}],"predecessor-version":[{"id":16027,"href":"https:\/\/www.mj-lagrange.org\/index.php?rest_route=\/wp\/v2\/posts\/16020\/revisions\/16027"}],"wp:attachment":[{"href":"https:\/\/www.mj-lagrange.org\/index.php?rest_route=%2Fwp%2Fv2%2Fmedia&parent=16020"}],"wp:term":[{"taxonomy":"category","embeddable":true,"href":"https:\/\/www.mj-lagrange.org\/index.php?rest_route=%2Fwp%2Fv2%2Fcategories&post=16020"},{"taxonomy":"post_tag","embeddable":true,"href":"https:\/\/www.mj-lagrange.org\/index.php?rest_route=%2Fwp%2Fv2%2Ftags&post=16020"}],"curies":[{"name":"wp","href":"https:\/\/api.w.org\/{rel}","templated":true}]}}