{"id":16148,"date":"2025-06-09T18:25:50","date_gmt":"2025-06-09T16:25:50","guid":{"rendered":"https:\/\/www.mj-lagrange.org\/?p=16148"},"modified":"2025-06-09T19:01:58","modified_gmt":"2025-06-09T17:01:58","slug":"paroles-prononcees-par-le-p-benoit-a-loccasion-de-linhumation-des-restes-du-p-marie-joseph-lagrange","status":"publish","type":"post","link":"https:\/\/www.mj-lagrange.org\/?p=16148","title":{"rendered":"Paroles prononc\u00e9es par le P. Benoit \u00e0 l&rsquo;occasion de l&rsquo;inhumation des restes du P. Marie-Joseph Lagrange"},"content":{"rendered":"<div class=\"fcbkbttn_buttons_block\" id=\"fcbkbttn_left\"><div class=\"fcbkbttn_button\">\n\t\t\t\t\t<a href=\"https:\/\/www.facebook.com\/\" target=\"_blank\">\n\t\t\t\t\t\t<img decoding=\"async\" src=\"https:\/\/mj-lagrange.org\/wp-content\/plugins\/facebook-button-plugin\/images\/standard-facebook-ico.png\" alt=\"Fb-Button\" \/>\n\t\t\t\t\t<\/a>\n\t\t\t\t<\/div><div class=\"fcbkbttn_like \"><fb:like href=\"https:\/\/www.mj-lagrange.org\/?p=16148\" action=\"like\" colorscheme=\"light\" layout=\"standard\"  width=\"225px\" size=\"small\"><\/fb:like><\/div><\/div><p><strong><span style=\"color: #993300;\"><a href=\"https:\/\/mj-lagrange.org\/wp-content\/uploads\/2020\/09\/1937-P.-Lagrange-\u00e0-son-bureau-d\u00e9tail.jpg\"><img loading=\"lazy\" decoding=\"async\" class=\"alignleft size-medium wp-image-13606\" src=\"https:\/\/mj-lagrange.org\/wp-content\/uploads\/2020\/09\/1937-P.-Lagrange-\u00e0-son-bureau-d\u00e9tail-256x300.jpg\" alt=\"\" width=\"256\" height=\"300\" srcset=\"https:\/\/mj-lagrange.org\/wp-content\/uploads\/2020\/09\/1937-P.-Lagrange-\u00e0-son-bureau-d\u00e9tail-256x300.jpg 256w, https:\/\/mj-lagrange.org\/wp-content\/uploads\/2020\/09\/1937-P.-Lagrange-\u00e0-son-bureau-d\u00e9tail.jpg 655w\" sizes=\"auto, (max-width: 256px) 100vw, 256px\" \/><\/a>Le P. Lagrange, un bon ouvrier de la Parole de Dieu,<\/span><\/strong><\/p>\n<p><strong><span style=\"color: #993300;\">Grand serviteur de notre M\u00e8re l\u2019\u00c9glise<\/span><\/strong><\/p>\n<p><em>C\u2019est ainsi que le d\u00e9crit le p\u00e8re Pierre Benoit, O.P. (1906-1987), Directeur de l\u2019\u00c9cole biblique de J\u00e9rusalem de 1964 \u00e0 1972, dans les paroles prononc\u00e9es, le 13 novembre 1967, \u00e0 l\u2019occasion de l\u2019inhumation de ses restes, \u00e0 J\u00e9rusalem. Un homme d\u2019un grand z\u00e8le apostolique, de sa foi aussi forte et profonde qu\u2019intelligente et \u00e9clair\u00e9e, de son humilit\u00e9 et de son ob\u00e9issance. Plus qu\u2019intelligent et savant\u00a0: il fut doux et humble de c\u0153ur.<\/em><\/p>\n<p><strong><span style=\"color: #993300;\">Basilique Saint-\u00c9tienne (J\u00e9rusalem), le 13 novembre 1967<\/span><\/strong><\/p>\n<p>Cette basilique consacr\u00e9e au premier martyr chr\u00e9tien est pleine du souvenir du P. Lagrange. Il a suivi de<\/p>\n<div id=\"attachment_16149\" style=\"width: 160px\" class=\"wp-caption alignright\"><a href=\"https:\/\/mj-lagrange.org\/wp-content\/uploads\/2025\/06\/P.-Benoit-.jpg\"><img loading=\"lazy\" decoding=\"async\" aria-describedby=\"caption-attachment-16149\" class=\"size-thumbnail wp-image-16149\" src=\"https:\/\/mj-lagrange.org\/wp-content\/uploads\/2025\/06\/P.-Benoit--150x150.jpg\" alt=\"\" width=\"150\" height=\"150\" \/><\/a><p id=\"caption-attachment-16149\" class=\"wp-caption-text\">P. Pierre Benoit o.p.<\/p><\/div>\n<p>pr\u00e8s les fouilles de l\u2019ancienne \u00e9glise du V\u00b0 si\u00e8cle et l\u2019\u00e9dification de l\u2019\u00e9glise nouvelle. Il a d\u00e9di\u00e9 le premier de ses nombreux livres \u00e0 l\u2019histoire de Saint- \u00c9tienne et de son sanctuaire. Durant pr\u00e8s de cinquante ans il y a pri\u00e9, venant entre deux travaux reposer son \u00e2me, r\u00e9chauffer son c\u0153ur, \u00e9clairer son esprit aupr\u00e8s du Ma\u00eetre qui y r\u00e9side. Les plus anciens d\u2019entre nous se souviennent de l\u2019avoir vu, au terme de chaque matin\u00e9e, se recueillir ici dans un grand silence, au pied du tabernacle et de Marie.<\/p>\n<p>Son grand \u00e2ge et ses maladies l\u2019ont oblig\u00e9 \u00e0 retourner en France et il est mort l\u00e0-bas, dans le couvent de Saint-Maximin o\u00f9 il avait pris l\u2019habit des Pr\u00eacheurs et v\u00e9cu ses premi\u00e8res ann\u00e9es de vie religieuse. Durant pr\u00e8s de trente ans il a dormi dans le petit cimeti\u00e8re \u00e0 l\u2019ombre de la vieille basilique rendue \u00e0 l\u2019Ordre par le P. Lacordaire. Cependant ses vieux compagnons de lutte reposaient presque tous \u00e0 Saint-\u00c9tienne\u00a0: le P. Mathieu Lecomte, fondateur du couvent, et les autres P\u00e8res de la premi\u00e8re \u00e9quipe, puis les disciples du P. Lagrange, les PP. Vincent, Savignac, Abel, jusqu\u2019aux humbles Fr\u00e8res qui ont contribu\u00e9 \u00e0 \u00e9tablir cette maison. Les fils de la seconde g\u00e9n\u00e9ration regrettaient que le P. Lagrange ne repos\u00e2t pas lui aussi parmi eux, aupr\u00e8s de tous ces chers anciens dont il a \u00e9t\u00e9 le chef et l\u2019inspirateur.<\/p>\n<p>Les circonstances \u00e9tant devenues favorables, ils ont pu enfin r\u00e9aliser leur d\u00e9sir. Avec l\u2019Assistance empress\u00e9e et g\u00e9n\u00e9reuse du Gouvernement fran\u00e7ais, l\u2019exhumation et le transfert se sont accomplis au mois d\u2019avril dernier. Le cours des \u00e9v\u00e9nements a d\u00e9jou\u00e9 ce dessein et nous avons remis la c\u00e9r\u00e9monie au d\u00e9but de la nouvelle ann\u00e9e scolaire. C\u2019est ce qui nous r\u00e9unit ce matin, en un groupe intime et familial d\u2019amis, de disciples, et de disciples des disciples en pr\u00e9sence du repr\u00e9sentant de la France, qui a tant aid\u00e9 le P. Lagrange dans son \u0153uvre comme aussi elle a toujours trouv\u00e9 en lui un fils aimant et d\u00e9vou\u00e9.<\/p>\n<p><a href=\"https:\/\/mj-lagrange.org\/wp-content\/uploads\/2025\/06\/Pierre-tombale-P.-Lagrange-Jerusalem.jpg\"><img loading=\"lazy\" decoding=\"async\" class=\"alignleft size-large wp-image-16156\" src=\"https:\/\/mj-lagrange.org\/wp-content\/uploads\/2025\/06\/Pierre-tombale-P.-Lagrange-Jerusalem-677x1024.jpg\" alt=\"\" width=\"677\" height=\"1024\" srcset=\"https:\/\/mj-lagrange.org\/wp-content\/uploads\/2025\/06\/Pierre-tombale-P.-Lagrange-Jerusalem-677x1024.jpg 677w, https:\/\/mj-lagrange.org\/wp-content\/uploads\/2025\/06\/Pierre-tombale-P.-Lagrange-Jerusalem-198x300.jpg 198w, https:\/\/mj-lagrange.org\/wp-content\/uploads\/2025\/06\/Pierre-tombale-P.-Lagrange-Jerusalem-730x1105.jpg 730w, https:\/\/mj-lagrange.org\/wp-content\/uploads\/2025\/06\/Pierre-tombale-P.-Lagrange-Jerusalem.jpg 768w\" sizes=\"auto, (max-width: 677px) 100vw, 677px\" \/><\/a>Cette inhumation au centre du ch\u0153ur de notre basilique veut \u00eatre d\u2019abord un geste de pi\u00e9t\u00e9 filiale, un hommage \u00e0 la m\u00e9moire du v\u00e9n\u00e9r\u00e9 Fondateur de l\u2019\u00c9cole biblique, un moyen de garder son souvenir bien vivant.<\/p>\n<p>Sans doute ces pauvres ossements ne sont pas grand-chose, ces ossements qui ont \u00e9t\u00e9 retrouv\u00e9s enlac\u00e9s dans les racines d\u2019un c\u00e8dre. Sans doute le P. Lagrange est-il tout autre chose et pr\u00e9sent d\u2019une tout autre fa\u00e7on. Pr\u00e9sent aupr\u00e8s de Dieu, dans l\u2019union au Christ, nous en avons la confiance\u00a0; pr\u00e9sent dons nos c\u0153urs qui l\u2019aiment et l\u2019admirent\u00a0; pr\u00e9sent par ses \u00e9crits et par son \u0153uvre dans tant d\u2019esprits qu\u2019il a aid\u00e9s \u00e0 voir clair et \u00e0 garder la foi.<\/p>\n<p>Mais nous sommes des \u00eatres sensibles et notre pens\u00e9e a besoin d\u2019appuis mat\u00e9riels. La pr\u00e9sence de ses restes mortels, sous une dalle dont l\u2019inscription \u00e9voque ce qu\u2019il a \u00e9t\u00e9 et ce qu\u2019il a fait, rappellera sans cesse son souvenir vivant \u00e0 ses jeunes fr\u00e8res qui prieront dans cette \u00e9glise, aux \u00e9tudiants qui fr\u00e9quenteront son \u00c9cole, aux visiteurs et aux p\u00e8lerins de Saint-\u00c9tienne qui aimeront associer \u00e0 la m\u00e9moire du premier martyr celle d\u2019un autre t\u00e9moin de la foi.<\/p>\n<p>Car ce vivant souvenir du P. Lagrange doit \u00eatre riche d\u2019enseignements pour ses fils, et le souci de mieux imiter ses exemples est une autre raison de cette inhumation qui va concr\u00e9tiser davantage sa pr\u00e9sence parmi nous.<\/p>\n<p>Je ne puis tenter ici un pan\u00e9gyrique en r\u00e8gle de ses vertus. Ce n\u2019est ni possible ni n\u00e9cessaire. Au fait, n\u2019avons-nous pas \u00e0 pr\u00e9sent dans les mains ces souvenirs qui viennent d\u2019\u00eatre publi\u00e9s et qui nous d\u00e9couvrent de fa\u00e7on si \u00e9mouvante les ressorts secrets de son \u00e2me et de sa vie\u00a0?<\/p>\n<p>Laissez-moi seulement \u00e9voquer rapidement trois traits qui me paraissent particuli\u00e8rement saillants et que je souhaiterais voir grav\u00e9s en nos m\u00e9moires comme le fruit pr\u00e9cieux de cette c\u00e9r\u00e9monie.<\/p>\n<p>D\u2019abord son <strong>z\u00e8le apostolique<\/strong>. On est frapp\u00e9, en contemplant sa vie et en relisant ses souvenirs, par ce souci qui inspire toutes ses d\u00e9marches de servir Dieu en travaillant au salut de ses fr\u00e8res. C\u2019est pour cela qu\u2019il a sollicit\u00e9 le sacerdoce et rev\u00eatu la livr\u00e9e de saint Dominique. Rien chez lui d\u2019un dilettante ni d\u2019un pur savant qui veut satisfaire sa soif de conna\u00eetre. S\u2019il \u00e9tudie, s\u2019il enseigne, c\u2019est uniquement au service de la V\u00e9rit\u00e9, selon la devise de son Ordre, et de cette V\u00e9rit\u00e9 telle qu\u2019elle nous est r\u00e9v\u00e9l\u00e9e par Dieu lui-m\u00eame, dans cette Parole des Saintes \u00c9critures qui a \u00e9t\u00e9 la passion de toute sa vie. S\u2019il a tant aim\u00e9 cette Parole et tant \u00e9crit sur elle, ce fut avant tout et toujours pour aider les hommes \u00e0 l\u2019entendre et \u00e0 trouver Dieu.<\/p>\n<p>Cette V\u00e9rit\u00e9, il l\u2019a recherch\u00e9e et communiqu\u00e9e avec <strong>une foi aussi forte et profonde qu\u2019intelligente et \u00e9clair\u00e9e<\/strong>. C\u2019est le deuxi\u00e8me trait que je veux \u00e9voquer. Chacun sait quelle intelligence d\u00e9li\u00e9e et critique fut la sienne. Il suffisait de le rencontrer, et maintenant encore il suffit de le lire, pour s\u2019en rendre compte aussit\u00f4t. Mais ce qu\u2019il ne faut pas oublier, c\u2019est que cette raison exigeante, affam\u00e9e de garantie scientifique, de rigueur dans la connaissance, s\u2019est toujours alli\u00e9e chez lui \u00e0 une foi ardente, forte et simple qui guidait toutes les d\u00e9marches de sa pens\u00e9e. S\u2019il a r\u00e9ussi mieux que d\u2019autres \u00e0 renouveler l\u2019ex\u00e9g\u00e8se catholique par l\u2019usage de la m\u00e9thode historique sans ruiner les v\u00e9rit\u00e9s de la doctrine mais en les fortifiant au contraire de toutes mani\u00e8res, c\u2019est qu\u2019il n\u2019a jamais admis le divorce fatal de la raison et de la foi. Toujours les efforts de sa recherche critique ont \u00e9t\u00e9 guid\u00e9s et assur\u00e9s par cet abandon \u00e0 la Parole et \u00e0 l\u2019Esprit, qui seul procure la vraie lumi\u00e8re.<\/p>\n<p>Il n\u2019a pu le faire que parce qu\u2019il a \u00e9t\u00e9 <strong>humble et ob\u00e9issant<\/strong>. C\u2019est le troisi\u00e8me trait que je veux souligner Je ne pense pas seulement \u00e0 cette humilit\u00e9 devant ses fr\u00e8res, m\u00eame bien inf\u00e9rieurs, qui rendait son commerce si agr\u00e9able, ni seulement \u00e0 cette ob\u00e9issance \u00e0 l\u2019\u00e9gard de ses sup\u00e9rieurs qui le maintenant comme un enfant docile entre leurs mains. Je pense \u00e0 cette humilit\u00e9 de l\u2019esprit et \u00e0 cette ob\u00e9issance int\u00e9rieure qui lui a donn\u00e9 de se soumettre sinc\u00e8rement et pleinement au magist\u00e8re de l\u2019\u00c9glise et de supporter sans se plaindre tant de faux soup\u00e7ons dont sa bonne foi a \u00e9t\u00e9 l\u2019objet. Chacun sait les durs combats qu\u2019il a d\u00fb mener. S\u2019il a triomph\u00e9 des oppositions mal fond\u00e9es et s\u2019il a toujours suivi les directives de l\u2019\u00c9glise, sans rien abdiquer certes de la v\u00e9rit\u00e9 telle qu\u2019il la voyait, mais en cherchant seulement \u00e0 la mieux voir, c\u2019est qu\u2019il fut plus qu\u2019intelligent et savant\u00a0: il fut doux et humble de c\u0153ur.<\/p>\n<p>Telles sont les grandes le\u00e7ons qu\u2019il nous laisse. Tels sont les exemples que nous aurons \u00e0 c\u0153ur de suivre. Group\u00e9s dans la pri\u00e8re autour de son tombeau, assur\u00e9s qu\u2019il est encore parmi nous et prie avec nous, nous prierons avec lui, pour que Dieu nous accorde, \u00e0 nous ses modestes disciples, \u00e0 tous nos confr\u00e8res dans le champ des Saintes \u00c9critures, \u00e0 tous les fils de l\u2019\u00c9glise, de surmonter comme il l\u2019a fait les crises de la foi, qui s\u00e9vissent encore de nos jours, et de travailler comme lui honn\u00eatement, lucidement, courageusement, humblement, au service e la Parole. Il a dit de lui sur son m\u00e9mento mortuaire\u00a0: \u00ab\u00a0fils de l\u2019\u00c9glise qu\u2019il aurait voulu servir\u00a0\u00bb.<\/p>\n<p>Cher P\u00e8re Lagrange, vous avez r\u00e9ellement bien servi notre M\u00e8re l\u2019\u00c9glise, et votre M\u00e8re l\u2019\u00c9glise l\u2019a officiellement reconnu, obtenez-nous par vos pri\u00e8res de la servir, \u00e0 notre tour, pour la gloire de Dieu le P\u00e8re dans la lumi\u00e8re du Fils et la puissance de l\u2019Esprit. <em>Amen<\/em>.<\/p>\n<p>&nbsp;<\/p>\n","protected":false},"excerpt":{"rendered":"<p>Le P. Lagrange, un bon ouvrier de la Parole de Dieu, Grand serviteur de notre M\u00e8re l\u2019\u00c9glise C\u2019est ainsi que le d\u00e9crit le p\u00e8re Pierre Benoit, O.P. (1906-1987), Directeur de l\u2019\u00c9cole biblique de J\u00e9rusalem de 1964 \u00e0 1972, dans les paroles prononc\u00e9es, le 13 novembre 1967, \u00e0 l\u2019occasion de l\u2019inhumation de ses restes, \u00e0 J\u00e9rusalem. &#8230;<\/p>\n<p><a href=\"https:\/\/www.mj-lagrange.org\/?p=16148\" class=\"more-link\">Continue reading &lsquo;Paroles prononc\u00e9es par le P. Benoit \u00e0 l&rsquo;occasion de l&rsquo;inhumation des restes du P. Marie-Joseph Lagrange&rsquo; &raquo;<\/a><\/p>\n","protected":false},"author":2,"featured_media":0,"comment_status":"closed","ping_status":"closed","sticky":false,"template":"","format":"standard","meta":{"footnotes":""},"categories":[20],"tags":[],"class_list":["post-16148","post","type-post","status-publish","format-standard","hentry","category-articles-sur-le-pere-lagrange"],"_links":{"self":[{"href":"https:\/\/www.mj-lagrange.org\/index.php?rest_route=\/wp\/v2\/posts\/16148","targetHints":{"allow":["GET"]}}],"collection":[{"href":"https:\/\/www.mj-lagrange.org\/index.php?rest_route=\/wp\/v2\/posts"}],"about":[{"href":"https:\/\/www.mj-lagrange.org\/index.php?rest_route=\/wp\/v2\/types\/post"}],"author":[{"embeddable":true,"href":"https:\/\/www.mj-lagrange.org\/index.php?rest_route=\/wp\/v2\/users\/2"}],"replies":[{"embeddable":true,"href":"https:\/\/www.mj-lagrange.org\/index.php?rest_route=%2Fwp%2Fv2%2Fcomments&post=16148"}],"version-history":[{"count":5,"href":"https:\/\/www.mj-lagrange.org\/index.php?rest_route=\/wp\/v2\/posts\/16148\/revisions"}],"predecessor-version":[{"id":16158,"href":"https:\/\/www.mj-lagrange.org\/index.php?rest_route=\/wp\/v2\/posts\/16148\/revisions\/16158"}],"wp:attachment":[{"href":"https:\/\/www.mj-lagrange.org\/index.php?rest_route=%2Fwp%2Fv2%2Fmedia&parent=16148"}],"wp:term":[{"taxonomy":"category","embeddable":true,"href":"https:\/\/www.mj-lagrange.org\/index.php?rest_route=%2Fwp%2Fv2%2Fcategories&post=16148"},{"taxonomy":"post_tag","embeddable":true,"href":"https:\/\/www.mj-lagrange.org\/index.php?rest_route=%2Fwp%2Fv2%2Ftags&post=16148"}],"curies":[{"name":"wp","href":"https:\/\/api.w.org\/{rel}","templated":true}]}}