{"id":3231,"date":"2012-07-03T09:12:29","date_gmt":"2012-07-03T07:12:29","guid":{"rendered":"http:\/\/www.mj-lagrange.org\/?p=3231"},"modified":"2013-01-14T19:24:03","modified_gmt":"2013-01-14T18:24:03","slug":"%c3%a9chos-de-lassembl%c3%a9e-g%c3%a9n%c3%a9rale-ordinaire-du-10-mars-2012","status":"publish","type":"post","link":"https:\/\/www.mj-lagrange.org\/?p=3231","title":{"rendered":"\u00c9chos de l&rsquo;Assembl\u00e9e g\u00e9n\u00e9rale ordinaire du 10 mars 2012"},"content":{"rendered":"<div class=\"fcbkbttn_buttons_block\" id=\"fcbkbttn_left\"><div class=\"fcbkbttn_button\">\n\t\t\t\t\t<a href=\"https:\/\/www.facebook.com\/\" target=\"_blank\">\n\t\t\t\t\t\t<img decoding=\"async\" src=\"https:\/\/mj-lagrange.org\/wp-content\/plugins\/facebook-button-plugin\/images\/standard-facebook-ico.png\" alt=\"Fb-Button\" \/>\n\t\t\t\t\t<\/a>\n\t\t\t\t<\/div><div class=\"fcbkbttn_like \"><fb:like href=\"https:\/\/www.mj-lagrange.org\/?p=3231\" action=\"like\" colorscheme=\"light\" layout=\"standard\"  width=\"225px\" size=\"small\"><\/fb:like><\/div><\/div><p style=\"text-align: right;\"><span style=\"color: #800000;\"><br \/>\n<\/span><\/p>\n<div id=\"attachment_3251\" style=\"width: 510px\" class=\"wp-caption alignleft\"><a href=\"http:\/\/mj-lagrange.org\/wp-content\/uploads\/2012\/07\/Monastere_st_Maximin_smaller.jpg\"><img loading=\"lazy\" decoding=\"async\" aria-describedby=\"caption-attachment-3251\" class=\"size-full wp-image-3251\" title=\"Monastere de Saint-Maximin\" src=\"http:\/\/mj-lagrange.org\/wp-content\/uploads\/2012\/07\/Monastere_st_Maximin_smaller.jpg\" alt=\"\" width=\"500\" height=\"265\" srcset=\"https:\/\/mj-lagrange.org\/wp-content\/uploads\/2012\/07\/Monastere_st_Maximin_smaller.jpg 500w, https:\/\/mj-lagrange.org\/wp-content\/uploads\/2012\/07\/Monastere_st_Maximin_smaller-300x159.jpg 300w\" sizes=\"auto, (max-width: 500px) 100vw, 500px\" \/><\/a><p id=\"caption-attachment-3251\" class=\"wp-caption-text\">Le monast\u00e8re des moniales dominicaines de Saint-Maximin-la-Ste-Baume (Var) (photo JLChampromis)<\/p><\/div>\n<p>Samedi 10 mars 2012, les adh\u00e9rents de l\u2019Association des Amis du P\u00e8re Lagrange se sont r\u00e9unis en Assembl\u00e9e g\u00e9n\u00e9rale au monast\u00e8re des moniales dominicaines, chemin du Deffends, 83470 Saint-Maximin-La Sainte-Baume, r\u00e9pondant ainsi \u00e0 l\u2019invitation de son pr\u00e9sident, Fr. \u00a0Manuel Rivero, o.p.<\/p>\n<p>Fr. Manuel a pr\u00e9sent\u00e9 les \u00e9l\u00e9ments caract\u00e9ristiques des ann\u00e9es 2010 et 2011 puisqu\u2019en 2010 l\u2019assembl\u00e9e g\u00e9n\u00e9rale n\u2019avait pu se tenir normalement.<\/p>\n<p><strong><span style=\"color: #800000;\">2010<\/span><\/strong> a vu la cr\u00e9ation du site internet de l\u2019association des Amis du P\u00e8re Lagrange. De nombreux textes sur le p\u00e8re Lagrange et du p\u00e8re Lagrange ont \u00e9t\u00e9 mis en ligne. Pour diffusion aupr\u00e8s du public, des feuillets ont \u00e9t\u00e9 cr\u00e9\u00e9s, en fran\u00e7ais et en huit versions \u00e9trang\u00e8res (anglais, espagnol, allemand, italien, chinois, cr\u00e9ole ha\u00eftien, vietnamien, malgache). Cr\u00e9ation d\u2019un DVD relatant la vie et l\u2019\u0153uvre du p\u00e8re Lagrange. Des photos et des images-pri\u00e8re ont \u00e9t\u00e9 \u00e9dit\u00e9es. En septembre 2010, le chapitre g\u00e9n\u00e9ral s\u2019est pench\u00e9 sur la cause de b\u00e9atification du p\u00e8re Lagrange qu\u2019il a consid\u00e9r\u00e9e comme prioritaire. Par ses travaux, le fr\u00e8re Marie-Joseph Lagrange a rendu un grand service \u00e0 l\u2019\u00c9glise. Il devrait \u00eatre un jour d\u00e9clar\u00e9 \u00ab <span style=\"color: #800000;\">docteur de l\u2019\u00c9glise<\/span> \u00bb, car depuis saint J\u00e9r\u00f4me, il n\u2019y a pas eu d\u2019ex\u00e9g\u00e8te de cette envergure.<\/p>\n<p>En <strong><span style=\"color: #800000;\">f\u00e9vrier 2011<\/span><\/strong>, nous vous avons inform\u00e9 de la p\u00e9tition pr\u00e9sent\u00e9e au chapitre g\u00e9n\u00e9ral de l\u2019Ordre des pr\u00eacheurs \u00e0 Rome. \u00c0 cette occasion, nous avons pr\u00e9sent\u00e9 \u00e0 toute la famille dominicaine la documentation sur le p\u00e8re Lagrange : photos, images-pri\u00e8re, feuillets, livre Prier 15 jours, DVD. Ce qui a donn\u00e9 lieu \u00e0 de nombreux contacts.<\/p>\n<p><strong><span style=\"color: #800000;\">Fin 2011 &#8211; d\u00e9but 2012,<\/span><\/strong> des ouvrages in\u00e9dits ont \u00e9t\u00e9 pr\u00e9par\u00e9s pour l\u2019\u00e9dition :<span style=\"color: #800000;\"><em> La vie et l\u2019\u0152uvre du P\u00e8re Lagrange<\/em> par le P. Louis-Hugues Vincent<\/span>, o.p. ainsi que le <span style=\"color: #800000;\"><em>Journal Spirituel<\/em> (cahiers 1 et 2)<\/span> du p\u00e8re Lagrange, d\u00e9couvert \u00e0 l\u2019\u00c9cole biblique de J\u00e9rusalem. La premi\u00e8re phase de la transcription est aujourd\u2019hui termin\u00e9e. Avant \u00e9dition, un travail de mise en forme est n\u00e9cessaire.<\/p>\n<p><span style=\"color: #800000;\"><strong>Mgr Dominique Rey<\/strong><\/span>, \u00e9v\u00eaque du dioc\u00e8se dont rel\u00e8ve la cause de b\u00e9atification du p\u00e8re Lagrange puisque celui-ci est parti vers le P\u00e8re le 10 mars 1938 \u00e0 Saint-Maximin (Var), propose l\u2019organisation d\u2019un <span style=\"color: #800000;\">colloque international (deux jours) \u00e0 Rome en 2013 sur l\u2019apport du p\u00e8re Lagrange dans le contexte de la Nouvelle \u00e9vang\u00e9lisation et de l\u2019Ann\u00e9e de la foi<\/span>. Cette proposition a \u00e9t\u00e9 faite au ma\u00eetre de l\u2019Ordre.<\/p>\n<p>Le proc\u00e8s dioc\u00e9sain en vue de la b\u00e9atification du p\u00e8re Lagrange a \u00e9t\u00e9 ouvert par le dioc\u00e8se de Fr\u00e9jus-Toulon en 1987. Au terme de ce proc\u00e8s, le p\u00e8re Lagrange a \u00e9t\u00e9 d\u00e9clar\u00e9 serviteur de Dieu. Il nous faut recueillir le maximum de t\u00e9moignages de gr\u00e2ce spirituelle, ce qui favorisera la cause de b\u00e9atification. Lorsque l\u2019h\u00e9ro\u00efcit\u00e9 des vertus du p\u00e8re Lagrange sera reconnue par la Congr\u00e9gation de la Cause des saints, le p\u00e8re Lagrange sera d\u00e9clar\u00e9 V\u00e9n\u00e9rable. Un miracle sera n\u00e9cessaire pour continuer la proc\u00e9dure jusqu\u2019\u00e0 la b\u00e9atification.<\/p>\n<p><span style=\"color: #800000;\"><span style=\"color: #000000;\">Un livre,<\/span><em> La spiritualit\u00e9 mariale du P\u00e8re Lagrange<\/em> avec les m\u00e9ditations du Rosaire et litanie mariale selon la vie et l\u2019\u0153uvre du p\u00e8re Lagrange,<\/span>\u00a0r\u00e9dig\u00e9 par fr. Manuel Rivero, sera \u00e9dit\u00e9, en <strong><span style=\"color: #800000;\">septembre 2012<\/span><\/strong>, par Les \u00c9ditions du Cerf sous le titre <strong><span style=\"color: #000080;\">Le P\u00e8re Lagrange et la Vierge Marie<\/span><\/strong>.<\/p>\n<div id=\"attachment_3252\" style=\"width: 310px\" class=\"wp-caption alignleft\"><a href=\"http:\/\/mj-lagrange.org\/wp-content\/uploads\/2012\/07\/Rivero_maire_st_Maximin_smaller.jpg\"><img loading=\"lazy\" decoding=\"async\" aria-describedby=\"caption-attachment-3252\" class=\"size-medium wp-image-3252\" title=\"Alain P\u00e9nal et le fr. Manuel Rivero\" src=\"http:\/\/mj-lagrange.org\/wp-content\/uploads\/2012\/07\/Rivero_maire_st_Maximin_smaller-300x151.jpg\" alt=\"\" width=\"300\" height=\"151\" srcset=\"https:\/\/mj-lagrange.org\/wp-content\/uploads\/2012\/07\/Rivero_maire_st_Maximin_smaller-300x151.jpg 300w, https:\/\/mj-lagrange.org\/wp-content\/uploads\/2012\/07\/Rivero_maire_st_Maximin_smaller.jpg 500w\" sizes=\"auto, (max-width: 300px) 100vw, 300px\" \/><\/a><p id=\"caption-attachment-3252\" class=\"wp-caption-text\">M. Alain P\u00e9nal, maire de Saint-Maximin et fr. Manuel Rivero, o.p. (photo JL Champromis)<\/p><\/div>\n<p><span style=\"color: #800000;\"><strong>Monsieur Alain P\u00e9nal<\/strong><\/span>, maire de Saint-Maximin, nous a confirm\u00e9 la prochaine r\u00e9alisation du projet qui consiste \u00e0 donner <span style=\"color: #800000;\">le nom du P\u00e8re Lagrange \u00e0 une voie de Saint-Maximin<\/span>. Ce projet devrait maintenant voir le jour fin 2012, si le budget est vot\u00e9. Cette rue sera situ\u00e9e dans le cadre de la r\u00e9alisation de la voie de contournement ainsi que d\u2019un rond-point donnant acc\u00e8s directement au parking de la basilique (au sud du Parc des Sports).<br \/>\n<strong><\/strong><\/p>\n<p>&nbsp;<\/p>\n<p>&nbsp;<\/p>\n<p><strong><span style=\"color: #800000;\">Un p\u00e8lerinage en Isra\u00ebl et Jordanie est en cours d\u2019organisation<\/span><\/strong>. Des rencontres bibliques auront lieu au pr\u00e9alable dans le courant des mois pr\u00e9c\u00e9dents pour pr\u00e9parer le voyage.<br \/>\n<strong><\/strong><\/p>\n<p><strong><span style=\"color: #800000;\">En 2009,<\/span><\/strong><span style=\"color: #800000;\"><span style=\"color: #000000;\"> deux de nos adh\u00e9rentes de Bourg-en-Bresse ont cr\u00e9\u00e9 une petite<\/span> Fraternit\u00e9 de vie dominicaine avec le p\u00e8re Lagrange<\/span><strong><span style=\"color: #800000;\">.<\/span><\/strong> C\u2019est une tr\u00e8s belle initiative qui peut servir d\u2019exemple.<\/p>\n<p>En fin de s\u00e9ance, le fr. Manuel Rivero a remerci\u00e9 les membres pr\u00e9sents ou repr\u00e9sent\u00e9s ainsi que la communaut\u00e9 des moniales qui nous avaient si bien accueillis et soutenus dans la pri\u00e8re au cours de l\u2019eucharistie du matin.<\/p>\n","protected":false},"excerpt":{"rendered":"<p>Samedi 10 mars 2012, les adh\u00e9rents de l\u2019Association des Amis du P\u00e8re Lagrange se sont r\u00e9unis en Assembl\u00e9e g\u00e9n\u00e9rale au monast\u00e8re des moniales dominicaines, chemin du Deffends, 83470 Saint-Maximin-La Sainte-Baume, r\u00e9pondant ainsi \u00e0 l\u2019invitation de son pr\u00e9sident, Fr. \u00a0Manuel Rivero, o.p. Fr. Manuel a pr\u00e9sent\u00e9 les \u00e9l\u00e9ments caract\u00e9ristiques des ann\u00e9es 2010 et 2011 puisqu\u2019en 2010 &#8230;<\/p>\n<p><a href=\"https:\/\/www.mj-lagrange.org\/?p=3231\" class=\"more-link\">Continue reading &lsquo;\u00c9chos de l&rsquo;Assembl\u00e9e g\u00e9n\u00e9rale ordinaire du 10 mars 2012&rsquo; &raquo;<\/a><\/p>\n","protected":false},"author":2,"featured_media":0,"comment_status":"closed","ping_status":"closed","sticky":false,"template":"","format":"standard","meta":{"footnotes":""},"categories":[36],"tags":[],"class_list":["post-3231","post","type-post","status-publish","format-standard","hentry","category-l-association-des-amis-du-pere-lagrange"],"_links":{"self":[{"href":"https:\/\/www.mj-lagrange.org\/index.php?rest_route=\/wp\/v2\/posts\/3231","targetHints":{"allow":["GET"]}}],"collection":[{"href":"https:\/\/www.mj-lagrange.org\/index.php?rest_route=\/wp\/v2\/posts"}],"about":[{"href":"https:\/\/www.mj-lagrange.org\/index.php?rest_route=\/wp\/v2\/types\/post"}],"author":[{"embeddable":true,"href":"https:\/\/www.mj-lagrange.org\/index.php?rest_route=\/wp\/v2\/users\/2"}],"replies":[{"embeddable":true,"href":"https:\/\/www.mj-lagrange.org\/index.php?rest_route=%2Fwp%2Fv2%2Fcomments&post=3231"}],"version-history":[{"count":15,"href":"https:\/\/www.mj-lagrange.org\/index.php?rest_route=\/wp\/v2\/posts\/3231\/revisions"}],"predecessor-version":[{"id":3245,"href":"https:\/\/www.mj-lagrange.org\/index.php?rest_route=\/wp\/v2\/posts\/3231\/revisions\/3245"}],"wp:attachment":[{"href":"https:\/\/www.mj-lagrange.org\/index.php?rest_route=%2Fwp%2Fv2%2Fmedia&parent=3231"}],"wp:term":[{"taxonomy":"category","embeddable":true,"href":"https:\/\/www.mj-lagrange.org\/index.php?rest_route=%2Fwp%2Fv2%2Fcategories&post=3231"},{"taxonomy":"post_tag","embeddable":true,"href":"https:\/\/www.mj-lagrange.org\/index.php?rest_route=%2Fwp%2Fv2%2Ftags&post=3231"}],"curies":[{"name":"wp","href":"https:\/\/api.w.org\/{rel}","templated":true}]}}