{"id":3288,"date":"2012-07-22T17:38:15","date_gmt":"2012-07-22T15:38:15","guid":{"rendered":"http:\/\/www.mj-lagrange.org\/?p=3288"},"modified":"2013-06-10T22:31:03","modified_gmt":"2013-06-10T20:31:03","slug":"inauguration-et-b%c3%a9n%c3%a9diction-de-lavenue-du-p%c3%a8re-lagrange-en-ce-samedi-21-juillet-%c3%a0-saint-maximin-la-sainte-baume-var","status":"publish","type":"post","link":"https:\/\/www.mj-lagrange.org\/?p=3288","title":{"rendered":"Inauguration et b\u00e9n\u00e9diction du Rond-Point et de l&rsquo;Avenue P\u00e8re Lagrange \u00e0 Saint-Maximin-la-Sainte-Baume (Var)"},"content":{"rendered":"<div class=\"fcbkbttn_buttons_block\" id=\"fcbkbttn_left\"><div class=\"fcbkbttn_button\">\n\t\t\t\t\t<a href=\"https:\/\/www.facebook.com\/\" target=\"_blank\">\n\t\t\t\t\t\t<img decoding=\"async\" src=\"https:\/\/mj-lagrange.org\/wp-content\/plugins\/facebook-button-plugin\/images\/standard-facebook-ico.png\" alt=\"Fb-Button\" \/>\n\t\t\t\t\t<\/a>\n\t\t\t\t<\/div><div class=\"fcbkbttn_like \"><fb:like href=\"https:\/\/www.mj-lagrange.org\/?p=3288\" action=\"like\" colorscheme=\"light\" layout=\"standard\"  width=\"225px\" size=\"small\"><\/fb:like><\/div><\/div><div id=\"attachment_3348\" style=\"width: 310px\" class=\"wp-caption alignleft\"><a href=\"http:\/\/mj-lagrange.org\/wp-content\/uploads\/2012\/08\/avenue_pere_Lagrange.jpg\"><img loading=\"lazy\" decoding=\"async\" aria-describedby=\"caption-attachment-3348\" class=\"size-medium wp-image-3348\" title=\"avenue_pere_Lagrange\" alt=\"\" src=\"http:\/\/mj-lagrange.org\/wp-content\/uploads\/2012\/08\/avenue_pere_Lagrange-300x224.jpg\" width=\"300\" height=\"224\" srcset=\"https:\/\/mj-lagrange.org\/wp-content\/uploads\/2012\/08\/avenue_pere_Lagrange-300x224.jpg 300w, https:\/\/mj-lagrange.org\/wp-content\/uploads\/2012\/08\/avenue_pere_Lagrange-1024x767.jpg 1024w, https:\/\/mj-lagrange.org\/wp-content\/uploads\/2012\/08\/avenue_pere_Lagrange.jpg 1050w\" sizes=\"auto, (max-width: 300px) 100vw, 300px\" \/><\/a><p id=\"caption-attachment-3348\" class=\"wp-caption-text\">Mgr Dominique Rey, Fr. David Macaire op, prieur des dominicains de la Sainte-Baume, M. Alain P\u00e9nal, maire de Saint- Maximin. Photo Manuel Rivero, op.<\/p><\/div>\n<p>En ce samedi 21 juillet 2012, veille de la f\u00eate de sainte Marie-Madeleine, ap\u00f4tre des ap\u00f4tres, a eu lieu \u00e0 Saint-Maximin-la-Sainte-Baume l<span style=\"color: #800000;\">&lsquo;inauguration et la b\u00e9n\u00e9diction de l&rsquo;avenue P\u00e8re Lagrange, dominicain, fondateur de l&rsquo;\u00c9cole biblique de J\u00e9rusalem<\/span>, en pr\u00e9sence du maire de la Ville, du pr\u00e9sident du Conseil G\u00e9n\u00e9ral du Var et de nombreux amis des fr\u00e8res dominicains.<br \/>\nMgr. Dominique Rey, \u00e9v\u00eaque du dioc\u00e8se de Fr\u00e9jus-Toulon, a b\u00e9ni cette nouvelle avenue ainsi que la nouvelle sculpture \u00ab\u00a0P\u00e8re Marie-Joseph Lagrange\u00a0\u00bb, \u0153uvre d&rsquo;un artiste local, Mathieu Myskowski.<br \/>\nUn lunch a suivi la c\u00e9r\u00e9monie. Des repr\u00e9sentants des medias s&rsquo;y \u00e9taient d\u00e9plac\u00e9s pour t\u00e9moigner de cet \u00e9v\u00e9nement.<br \/>\nLes s\u0153urs moniales dominicaines de Saint-Maximin se sont r\u00e9jouies de cette d\u00e9marche de la mairie.<\/p>\n<p>&nbsp;<\/p>\n<p><a href=\"http:\/\/mj-lagrange.org\/wp-content\/uploads\/2012\/08\/monument_Lagrange.jpg\"><img loading=\"lazy\" decoding=\"async\" class=\"alignright size-medium wp-image-3349\" title=\"monument_Lagrange\" alt=\"\" src=\"http:\/\/mj-lagrange.org\/wp-content\/uploads\/2012\/08\/monument_Lagrange-300x224.jpg\" width=\"300\" height=\"224\" srcset=\"https:\/\/mj-lagrange.org\/wp-content\/uploads\/2012\/08\/monument_Lagrange-300x224.jpg 300w, https:\/\/mj-lagrange.org\/wp-content\/uploads\/2012\/08\/monument_Lagrange-1024x767.jpg 1024w, https:\/\/mj-lagrange.org\/wp-content\/uploads\/2012\/08\/monument_Lagrange.jpg 1050w\" sizes=\"auto, (max-width: 300px) 100vw, 300px\" \/><\/a><br \/>\nJe vous confie \u00e0 l&rsquo;intercession du serviteur de Dieu, le fr\u00e8re Marie-Joseph Lagrange.<\/p>\n<p style=\"text-align: right;\">Fr. Manuel RIVERO, O.P.<\/p>\n","protected":false},"excerpt":{"rendered":"<p>En ce samedi 21 juillet 2012, veille de la f\u00eate de sainte Marie-Madeleine, ap\u00f4tre des ap\u00f4tres, a eu lieu \u00e0 Saint-Maximin-la-Sainte-Baume l&lsquo;inauguration et la b\u00e9n\u00e9diction de l&rsquo;avenue P\u00e8re Lagrange, dominicain, fondateur de l&rsquo;\u00c9cole biblique de J\u00e9rusalem, en pr\u00e9sence du maire de la Ville, du pr\u00e9sident du Conseil G\u00e9n\u00e9ral du Var et de nombreux amis des &#8230;<\/p>\n<p><a href=\"https:\/\/www.mj-lagrange.org\/?p=3288\" class=\"more-link\">Continue reading &lsquo;Inauguration et b\u00e9n\u00e9diction du Rond-Point et de l&rsquo;Avenue P\u00e8re Lagrange \u00e0 Saint-Maximin-la-Sainte-Baume (Var)&rsquo; &raquo;<\/a><\/p>\n","protected":false},"author":2,"featured_media":0,"comment_status":"closed","ping_status":"closed","sticky":false,"template":"","format":"standard","meta":{"footnotes":""},"categories":[36],"tags":[],"class_list":["post-3288","post","type-post","status-publish","format-standard","hentry","category-l-association-des-amis-du-pere-lagrange"],"_links":{"self":[{"href":"https:\/\/www.mj-lagrange.org\/index.php?rest_route=\/wp\/v2\/posts\/3288","targetHints":{"allow":["GET"]}}],"collection":[{"href":"https:\/\/www.mj-lagrange.org\/index.php?rest_route=\/wp\/v2\/posts"}],"about":[{"href":"https:\/\/www.mj-lagrange.org\/index.php?rest_route=\/wp\/v2\/types\/post"}],"author":[{"embeddable":true,"href":"https:\/\/www.mj-lagrange.org\/index.php?rest_route=\/wp\/v2\/users\/2"}],"replies":[{"embeddable":true,"href":"https:\/\/www.mj-lagrange.org\/index.php?rest_route=%2Fwp%2Fv2%2Fcomments&post=3288"}],"version-history":[{"count":10,"href":"https:\/\/www.mj-lagrange.org\/index.php?rest_route=\/wp\/v2\/posts\/3288\/revisions"}],"predecessor-version":[{"id":3306,"href":"https:\/\/www.mj-lagrange.org\/index.php?rest_route=\/wp\/v2\/posts\/3288\/revisions\/3306"}],"wp:attachment":[{"href":"https:\/\/www.mj-lagrange.org\/index.php?rest_route=%2Fwp%2Fv2%2Fmedia&parent=3288"}],"wp:term":[{"taxonomy":"category","embeddable":true,"href":"https:\/\/www.mj-lagrange.org\/index.php?rest_route=%2Fwp%2Fv2%2Fcategories&post=3288"},{"taxonomy":"post_tag","embeddable":true,"href":"https:\/\/www.mj-lagrange.org\/index.php?rest_route=%2Fwp%2Fv2%2Ftags&post=3288"}],"curies":[{"name":"wp","href":"https:\/\/api.w.org\/{rel}","templated":true}]}}