{"id":3678,"date":"2013-03-26T12:32:35","date_gmt":"2013-03-26T11:32:35","guid":{"rendered":"http:\/\/www.mj-lagrange.org\/?p=3678"},"modified":"2019-04-15T18:29:53","modified_gmt":"2019-04-15T16:29:53","slug":"pr%c3%a9ambule-%c3%a0-la-biographie-du-p%c3%a8re-lagrange-par-le-p%c3%a8re-vincent","status":"publish","type":"post","link":"https:\/\/www.mj-lagrange.org\/?p=3678","title":{"rendered":"Pr\u00e9ambule \u00e0 la biographie du p\u00e8re Lagrange par le p\u00e8re Vincent"},"content":{"rendered":"<div class=\"fcbkbttn_buttons_block\" id=\"fcbkbttn_left\"><div class=\"fcbkbttn_button\">\n\t\t\t\t\t<a href=\"https:\/\/www.facebook.com\/\" target=\"_blank\">\n\t\t\t\t\t\t<img decoding=\"async\" src=\"https:\/\/mj-lagrange.org\/wp-content\/plugins\/facebook-button-plugin\/images\/standard-facebook-ico.png\" alt=\"Fb-Button\" \/>\n\t\t\t\t\t<\/a>\n\t\t\t\t<\/div><div class=\"fcbkbttn_like \"><fb:like href=\"https:\/\/www.mj-lagrange.org\/?p=3678\" action=\"like\" colorscheme=\"light\" layout=\"standard\"  width=\"225px\" size=\"small\"><\/fb:like><\/div><\/div><p style=\"text-align: left;\" align=\"center\"><strong>Bonne Semaine Sainte avec ma pri\u00e8re \u00e0 l&rsquo;Esprit du Christ<\/strong><\/p>\n<p style=\"text-align: left;\" align=\"center\"><em>\u00a0<\/em><em>Parution du livre le 12 avril 2013<\/em><\/p>\n<p style=\"text-align: left;\" align=\"center\">Pr\u00e9ambule \u00e0 la biographie du p\u00e8re Lagrange par le p\u00e8re Vincent<\/p>\n<p style=\"text-align: left;\" align=\"center\"><strong>Le p\u00e8re Louis-Hugues Vincent, disciple et ami du p\u00e8re Lagrange<\/strong><\/p>\n<p>&nbsp;<\/p>\n<p><a href=\"http:\/\/mj-lagrange.org\/wp-content\/uploads\/2013\/03\/Le-p\u00e8re-Marie-Joseph-Vincent.-Sa-vie-et-son-oeuvre1.png\"><img loading=\"lazy\" decoding=\"async\" class=\"size-thumbnail wp-image-3719 alignleft\" title=\"Le p\u00e8re Marie-Joseph Vincent. Sa vie et son oeuvre\" src=\"http:\/\/mj-lagrange.org\/wp-content\/uploads\/2013\/03\/Le-p\u00e8re-Marie-Joseph-Vincent.-Sa-vie-et-son-oeuvre1-150x150.png\" alt=\"\" width=\"150\" height=\"150\" \/><\/a>J\u00e9sus appelle ses disciples \u00ab\u00a0mes amis<a class=\"fn-ref-mark\" href=\"#footnote-1\" id=\"refmark-1\"><sup>[1]<\/sup><\/a>\u00a0\u00bb car il leur d\u00e9voile les secrets de son P\u00e8re tenus cach\u00e9s depuis la fondation du monde. C\u2019est dans cette amiti\u00e9 divine et humaine que J\u00e9sus a partag\u00e9 sa vie publique pendant trois ans avec ceux qu\u2019il avait appel\u00e9s \u00e0 le suivre. Le propre des amis est de ne faire qu\u2019un seul c\u0153ur. C\u2019est pourquoi saint Thomas d\u2019Aquin, le Docteur Ang\u00e9lique si pr\u00e9sent dans la pens\u00e9e du p\u00e8re Lagrange, parle de l\u2019union des c\u0153urs des amis au point que leurs secrets partag\u00e9s ne sortent pas de la personne mais restent dans le c\u0153ur commun<a class=\"fn-ref-mark\" href=\"#footnote-2\" id=\"refmark-2\"><sup>[2]<\/sup><\/a>.<\/p>\n<p>L\u2019\u00c9glise met en lumi\u00e8re l\u2019amiti\u00e9 des chr\u00e9tiens comme un don du Christ, l\u2019ami commun. \u00ab\u00a0Les amis de nos amis sont nos amis\u00a0\u00bb, dit le proverbe. La liturgie du 2 janvier c\u00e9l\u00e8bre ensemble deux saints, saint Basile le Grand (330-379) et saint Gr\u00e9goire de Naziance (330-389), non pas qu\u2019ils aient v\u00e9cu le martyre le m\u00eame jour comme cela arrive habituellement dans les f\u00eates du Missel, mais parce qu\u2019ils \u00e9taient amis. Ils avaient partag\u00e9 leur vie d\u2019\u00e9tudiant et de moine avant de devenir \u00e9v\u00eaques et grands th\u00e9ologiens.<\/p>\n<p>Cette exp\u00e9rience heureuse de l\u2019amiti\u00e9 a caract\u00e9ris\u00e9 aussi le quotidien des fr\u00e8res dominicains Marie-Joseph Lagrange et Louis-Hugues Vincent \u00e0 l\u2019\u00c9cole biblique de J\u00e9rusalem pendant presque cinquante ans. Le fr\u00e8re Marie-Joseph, ex\u00e9g\u00e8te et directeur de l\u2019\u00c9cole biblique, s\u2019est attach\u00e9 \u00e0 son \u00e9l\u00e8ve et ami, le fr\u00e8re Louis-Hugues. Voici comment le p\u00e8re Lagrange d\u00e9crit cette amiti\u00e9 \u00e0 l\u2019occasion de la d\u00e9dicace de son ouvrage <em>Introduction \u00e0 l\u2019\u00e9tude du Nouveau Testament\u00a0<\/em>:<\/p>\n<blockquote><p>\u00a0<span style=\"color: #800000;\">\u00ab\u00a0Je prie le p\u00e8re L.-H. Vincent d\u2019agr\u00e9er ce livre, non comme un hommage, mais comme une marque d\u2019affection reconnaissante. Ce fut une grande joie pour moi de lui enseigner le peu que je savais, une joie plus grande de le voir devenir un ma\u00eetre, notre ma\u00eetre \u00e0 tous dans l\u2019arch\u00e9ologie de la Palestine, dont le R.P. Abel est le g\u00e9ographe. Notre amiti\u00e9 naquit aussit\u00f4t que nous nous v\u00eemes, \u00e0 J\u00e9rusalem, il y a plus de quarante-cinq ans, et il fut le lien d\u2019une collaboration qui se poursuivit dans des voyages d\u2019\u00e9tudes, des visites de mus\u00e9es, un \u00e9change constant de vues sur les objets de nos travaux. L\u2019accord, jamais exig\u00e9, n\u2019en \u00e9tait que plus facile, et toutes les nuances personnelles, soigneusement respect\u00e9es, se fondaient dans la m\u00eame foi, la m\u00eame esp\u00e9rance, le m\u00eame amour de Notre Seigneur J\u00e9sus Christ. Nous avons toujours cru reconna\u00eetre \u00e0 sa douceur, la protection de la Vierge fid\u00e8le\u00a0: c\u2019est gr\u00e2ce \u00e0 elle, sans doute, que notre affection, toujours plus forte et plus solide, doit d\u2019avoir conserv\u00e9 le charme des premiers jours, quand deux \u00e2mes s\u2019aper\u00e7oivent qu\u2019elles sont faites l\u2019une pour l\u2019autre. Que pouvait l\u2019\u00e9loignement, sinon rendre plus sensible notre attachement \u00e0 l\u2019\u0153uvre commune\u00a0? De ces bienfaits, je rends gr\u00e2ce \u00e0 Dieu.<a class=\"fn-ref-mark\" href=\"#footnote-3\" id=\"refmark-3\"><sup>[3]<\/sup><\/a>\u00a0\u00bb<\/span><\/p><\/blockquote>\n<p>Puisse l\u2019\u00e9dition de cette biographie n\u00e9e dans l\u2019amiti\u00e9 chr\u00e9tienne faire aimer le Christ, ami des hommes, et contribuer \u00e0 la connaissance du p\u00e8re Lagrange et \u00e0 sa cause de b\u00e9atification.<\/p>\n<p style=\"text-align: right;\">Marseille, le 10 octobre 2012<\/p>\n<p style=\"text-align: right;\">Fr. Manuel Rivero O.P.<\/p>\n<p style=\"text-align: right;\">Vice-postulateur de la cause de b\u00e9atification du p\u00e8re Lagrange<a class=\"fn-ref-mark\" href=\"#footnote-4\" id=\"refmark-4\"><sup>[4]<\/sup><\/a>.<\/p>\n<p>&nbsp;<\/p>\n<div id=\"footnote-list\" style=\"display:inherit\"><span id=fn-heading>Notes<\/span> &nbsp;&nbsp;&nbsp;(\u21b5 returns to text)<\/p>\n<ol>\n<li id=\"footnote-1\" class=\"fn-text\">\u00c9vangile selon saint Jean 15,15.<a href=\"#refmark-1\">\u21b5<\/a><\/li>\n<li id=\"footnote-2\" class=\"fn-text\">Saint Thomas d\u2019Aquin, <em>Somme contre les Gentils<\/em>, IV, ch. 21.<a href=\"#refmark-2\">\u21b5<\/a><\/li>\n<li id=\"footnote-3\" class=\"fn-text\">Marie-Joseph Lagrange, <em>Introduction \u00e0 l\u2019\u00e9tude du Nouveau Testament<\/em>. Quatri\u00e8me partie. Critique historique. I Les myst\u00e8res\u00a0: l\u2019orphisme. Librairie Lecoffre, J. Gabalda et Cie, \u00e9diteurs. Paris. 1937. D\u00e9dicace.<a href=\"#refmark-3\">\u21b5<\/a><\/li>\n<li id=\"footnote-4\" class=\"fn-text\">Association des amis du p\u00e8re Lagrange. Couvent des Dominicains. 9 rue Saint-\u00a3Fran\u00e7ois-de-Paule. 06357 Nice Cedex 4. <a href=\"http:\/\/mj-lagrange.org\">http:\/\/mj-lagrange.org<\/a>. Courriel\u00a0: <a href=\"mailto:pere.marie.joseph.lagrange@gmail.com\">pere.marie.joseph.lagrange@gmail.com<\/a><a href=\"#refmark-4\">\u21b5<\/a><\/li>\n<\/ol>\n<\/div>\n","protected":false},"excerpt":{"rendered":"<p>Bonne Semaine Sainte avec ma pri\u00e8re \u00e0 l&rsquo;Esprit du Christ \u00a0Parution du livre le 12 avril 2013 Pr\u00e9ambule \u00e0 la biographie du p\u00e8re Lagrange par le p\u00e8re Vincent Le p\u00e8re Louis-Hugues Vincent, disciple et ami du p\u00e8re Lagrange &nbsp; J\u00e9sus appelle ses disciples \u00ab\u00a0mes amis[1]\u00a0\u00bb car il leur d\u00e9voile les secrets de son P\u00e8re tenus &#8230;<\/p>\n<p><a href=\"https:\/\/www.mj-lagrange.org\/?p=3678\" class=\"more-link\">Continue reading &lsquo;Pr\u00e9ambule \u00e0 la biographie du p\u00e8re Lagrange par le p\u00e8re Vincent&rsquo; &raquo;<\/a><\/p>\n","protected":false},"author":2,"featured_media":0,"comment_status":"closed","ping_status":"closed","sticky":false,"template":"","format":"standard","meta":{"footnotes":""},"categories":[20],"tags":[],"class_list":["post-3678","post","type-post","status-publish","format-standard","hentry","category-articles-sur-le-pere-lagrange"],"_links":{"self":[{"href":"https:\/\/www.mj-lagrange.org\/index.php?rest_route=\/wp\/v2\/posts\/3678","targetHints":{"allow":["GET"]}}],"collection":[{"href":"https:\/\/www.mj-lagrange.org\/index.php?rest_route=\/wp\/v2\/posts"}],"about":[{"href":"https:\/\/www.mj-lagrange.org\/index.php?rest_route=\/wp\/v2\/types\/post"}],"author":[{"embeddable":true,"href":"https:\/\/www.mj-lagrange.org\/index.php?rest_route=\/wp\/v2\/users\/2"}],"replies":[{"embeddable":true,"href":"https:\/\/www.mj-lagrange.org\/index.php?rest_route=%2Fwp%2Fv2%2Fcomments&post=3678"}],"version-history":[{"count":8,"href":"https:\/\/www.mj-lagrange.org\/index.php?rest_route=\/wp\/v2\/posts\/3678\/revisions"}],"predecessor-version":[{"id":12595,"href":"https:\/\/www.mj-lagrange.org\/index.php?rest_route=\/wp\/v2\/posts\/3678\/revisions\/12595"}],"wp:attachment":[{"href":"https:\/\/www.mj-lagrange.org\/index.php?rest_route=%2Fwp%2Fv2%2Fmedia&parent=3678"}],"wp:term":[{"taxonomy":"category","embeddable":true,"href":"https:\/\/www.mj-lagrange.org\/index.php?rest_route=%2Fwp%2Fv2%2Fcategories&post=3678"},{"taxonomy":"post_tag","embeddable":true,"href":"https:\/\/www.mj-lagrange.org\/index.php?rest_route=%2Fwp%2Fv2%2Ftags&post=3678"}],"curies":[{"name":"wp","href":"https:\/\/api.w.org\/{rel}","templated":true}]}}