{"id":4687,"date":"2014-01-22T11:34:09","date_gmt":"2014-01-22T10:34:09","guid":{"rendered":"http:\/\/www.mj-lagrange.org\/?p=4687"},"modified":"2014-04-09T18:33:09","modified_gmt":"2014-04-09T16:33:09","slug":"entretien-avec-mgr-yousif-mirkis-o-p-sur-l%c3%a9glise-chald%c3%a9enne","status":"publish","type":"post","link":"https:\/\/www.mj-lagrange.org\/?p=4687","title":{"rendered":"Entretien avec Mgr Yousif Mirkis, O. P. sur l&rsquo;\u00c9glise Chald\u00e9enne"},"content":{"rendered":"<div class=\"fcbkbttn_buttons_block\" id=\"fcbkbttn_left\"><div class=\"fcbkbttn_button\">\n\t\t\t\t\t<a href=\"https:\/\/www.facebook.com\/\" target=\"_blank\">\n\t\t\t\t\t\t<img decoding=\"async\" src=\"https:\/\/mj-lagrange.org\/wp-content\/plugins\/facebook-button-plugin\/images\/standard-facebook-ico.png\" alt=\"Fb-Button\" \/>\n\t\t\t\t\t<\/a>\n\t\t\t\t<\/div><div class=\"fcbkbttn_like \"><fb:like href=\"https:\/\/www.mj-lagrange.org\/?p=4687\" action=\"like\" colorscheme=\"light\" layout=\"standard\"  width=\"225px\" size=\"small\"><\/fb:like><\/div><\/div><p>La communaut\u00e9 de Sainte Sabine a eu l\u2019honneur d\u2019accueillir au cours de sa r\u00e9cente visite \u00e0 Rome, le fr Yousif Thomas Mirkis OP, nouvellement <a href=\"http:\/\/mj-lagrange.org\/wp-content\/uploads\/2014\/01\/Mgr-Yousif-Mirkis-o.-p..jpg\"><img loading=\"lazy\" decoding=\"async\" class=\"alignright size-thumbnail wp-image-4688\" alt=\"Mgr Yousif Mirkis o. p.\" src=\"http:\/\/mj-lagrange.org\/wp-content\/uploads\/2014\/01\/Mgr-Yousif-Mirkis-o.-p.-150x150.jpg\" width=\"150\" height=\"150\" \/><\/a>nomm\u00e9 Archev\u00eaque de Kirkuk. En attendant son ordination \u00e9piscopale qui aura lieu le 24 janvier 2014, il a eu une conversation fraternelle avec quelques fr\u00e8res sur sa nouvelle charge et sur l\u2019Archidioc\u00e8se de Kirkuk des Chald\u00e9ens.<\/p>\n<p>Il nous parl\u00e9 de, Kirkuk, une ville \u00e0 environ 200km au Nord de Bagdad, et qui a une population de 10,000 Chald\u00e9ens Chr\u00e9tiens, distribu\u00e9s dans 6 paroisses avec 6 pr\u00eatres. Bien qu\u2019ayant\u00a0 v\u00e9cu fid\u00e8lement sa vie d\u2019ob\u00e9dience vou\u00e9e \u00e0 l\u2019Ordre dominicain pendant 40 ans, le fr Yousif a \u00e9t\u00e9 surpris par cette nomination. Il fera de son mieux pour servir l\u2019Eglise et l\u2019Archidioc\u00e8se dont il aura la charge.<\/p>\n<p>Il y a environ 500,000 Chr\u00e9tiens en Iraq, et les autres font partie de la diaspora dans diff\u00e9rents pays du monde, aux USA, en Australie et en Europe. L\u2019\u00e9migration a toujours \u00e9t\u00e9 une exp\u00e9rience douloureuse pour les Chr\u00e9tiens d\u2019Irak et cela \u00e9tait un choix ultime face \u00e0 la violence et aux pers\u00e9cutions, mais aussi un voyage sans retour. \u00a0En effet, ceux qui partent ne sont pas heureux de quitter l\u2019Irak et il savent que ce sera presque impossible d\u2019y revenir m\u00eame s\u2019ils le d\u00e9sirent ardemment.<\/p>\n<p>En tant que pays, l\u2019Irak commence \u00e0 \u00e9voluer doucement, depuis la fin de la guerre, vers une situation plus d\u00e9mocratique.\u00a0 Le gouvernement reconna\u00eet officiellement les chr\u00e9tiens et les encourage mais la bureaucratie et la corruption ne facilitent pas ses efforts. Le pays est relativement calme, bien qu\u2019il y ait encore des poches d\u2019insurrection et de fanatisme religieux qui se manifestent parfois sous forme d\u2019enl\u00e8vements ou d\u2019explosions. Il arrive malheureusement que les Chr\u00e9tiens en payent les cons\u00e9quences et cette situation a rendu le travail de mission tr\u00e8s difficile \u00a0dans le pays. Actuellement, il n\u2019y a que tr\u00e8s peu de\u00a0 congr\u00e9gations religieuses en Irak et la plupart sont des femmes religieuses.<\/p>\n<p>L\u2019\u00c9glise Chald\u00e9enne \u00a0a un\u00a0 S\u00e9minaire avec environ 25 S\u00e9minaristes pour tous les dioc\u00e8ses Chald\u00e9ens. Cela est nettement insuffisant pour soutenir l\u2019\u00c9glise de fa\u00e7on ad\u00e9quate et le plus grand souhait des Chr\u00e9tiens \u00a0Irakiens, selon le fr Yousif, est de vivre et de pratiquer leur foi Chr\u00e9tienne en paix.<\/p>\n<p>Les Dominicains (fr\u00e8res et s\u0153urs) ont, en Irak, une pr\u00e9sence plus importante que celle des autres congr\u00e9gations religieuses.\u00a0 Les fr\u00e8res ont deux communaut\u00e9s, l\u2019une \u00e0 Bagdad et l\u2019autre \u00e0 Mossoul, ayant environ huit fr\u00e8res chacune.<\/p>\n<p><span style=\"color: #993300;\"><strong><em>Continuons \u00e0 prier pour les Chr\u00e9tiens d\u2019Irak et plus particuli\u00e8rement pour notre fr\u00e8re Yousif.<\/em><\/strong><\/span><\/p>\n<p style=\"text-align: left;\" align=\"center\"><i>(20 janvier 2014)<\/i><\/p>\n<p>&#8211; See more at:\u00a0<a href=\"http:\/\/www.op.org\/fr\/content\/entretien-avec-mgr-yousif-mirtis-op-sur-leglise-chaldeenne\">http:\/\/www.op.org\/fr\/content\/entretien-avec-mgr-yousif-mirtis-op-sur-leglise-chaldeenne<\/a><\/p>\n<p>&nbsp;<\/p>\n","protected":false},"excerpt":{"rendered":"<p>La communaut\u00e9 de Sainte Sabine a eu l\u2019honneur d\u2019accueillir au cours de sa r\u00e9cente visite \u00e0 Rome, le fr Yousif Thomas Mirkis OP, nouvellement nomm\u00e9 Archev\u00eaque de Kirkuk. En attendant son ordination \u00e9piscopale qui aura lieu le 24 janvier 2014, il a eu une conversation fraternelle avec quelques fr\u00e8res sur sa nouvelle charge et sur &#8230;<\/p>\n<p><a href=\"https:\/\/www.mj-lagrange.org\/?p=4687\" class=\"more-link\">Continue reading &lsquo;Entretien avec Mgr Yousif Mirkis, O. P. sur l&rsquo;\u00c9glise Chald\u00e9enne&rsquo; &raquo;<\/a><\/p>\n","protected":false},"author":2,"featured_media":0,"comment_status":"closed","ping_status":"closed","sticky":false,"template":"","format":"standard","meta":{"footnotes":""},"categories":[53],"tags":[],"class_list":["post-4687","post","type-post","status-publish","format-standard","hentry","category-ecole_biblique_jerusalem"],"_links":{"self":[{"href":"https:\/\/www.mj-lagrange.org\/index.php?rest_route=\/wp\/v2\/posts\/4687","targetHints":{"allow":["GET"]}}],"collection":[{"href":"https:\/\/www.mj-lagrange.org\/index.php?rest_route=\/wp\/v2\/posts"}],"about":[{"href":"https:\/\/www.mj-lagrange.org\/index.php?rest_route=\/wp\/v2\/types\/post"}],"author":[{"embeddable":true,"href":"https:\/\/www.mj-lagrange.org\/index.php?rest_route=\/wp\/v2\/users\/2"}],"replies":[{"embeddable":true,"href":"https:\/\/www.mj-lagrange.org\/index.php?rest_route=%2Fwp%2Fv2%2Fcomments&post=4687"}],"version-history":[{"count":4,"href":"https:\/\/www.mj-lagrange.org\/index.php?rest_route=\/wp\/v2\/posts\/4687\/revisions"}],"predecessor-version":[{"id":5111,"href":"https:\/\/www.mj-lagrange.org\/index.php?rest_route=\/wp\/v2\/posts\/4687\/revisions\/5111"}],"wp:attachment":[{"href":"https:\/\/www.mj-lagrange.org\/index.php?rest_route=%2Fwp%2Fv2%2Fmedia&parent=4687"}],"wp:term":[{"taxonomy":"category","embeddable":true,"href":"https:\/\/www.mj-lagrange.org\/index.php?rest_route=%2Fwp%2Fv2%2Fcategories&post=4687"},{"taxonomy":"post_tag","embeddable":true,"href":"https:\/\/www.mj-lagrange.org\/index.php?rest_route=%2Fwp%2Fv2%2Ftags&post=4687"}],"curies":[{"name":"wp","href":"https:\/\/api.w.org\/{rel}","templated":true}]}}