{"id":5202,"date":"2014-05-18T09:03:16","date_gmt":"2014-05-18T07:03:16","guid":{"rendered":"http:\/\/www.mj-lagrange.org\/?p=5202"},"modified":"2014-06-07T08:35:02","modified_gmt":"2014-06-07T06:35:02","slug":"loeuvre-ex%c3%a9g%c3%a9tique-et-historique-du-r-p-lagrange-pr%c3%a9face-de-mgr-a-li%c3%a9nart","status":"publish","type":"post","link":"https:\/\/www.mj-lagrange.org\/?p=5202","title":{"rendered":"L&rsquo;oeuvre ex\u00e9g\u00e9tique et historique du R.P. Lagrange. Pr\u00e9face de Mgr A. Li\u00e9nart."},"content":{"rendered":"<div class=\"fcbkbttn_buttons_block\" id=\"fcbkbttn_left\"><div class=\"fcbkbttn_button\">\n\t\t\t\t\t<a href=\"https:\/\/www.facebook.com\/\" target=\"_blank\">\n\t\t\t\t\t\t<img decoding=\"async\" src=\"https:\/\/mj-lagrange.org\/wp-content\/plugins\/facebook-button-plugin\/images\/standard-facebook-ico.png\" alt=\"Fb-Button\" \/>\n\t\t\t\t\t<\/a>\n\t\t\t\t<\/div><div class=\"fcbkbttn_like \"><fb:like href=\"https:\/\/www.mj-lagrange.org\/?p=5202\" action=\"like\" colorscheme=\"light\" layout=\"standard\"  width=\"225px\" size=\"small\"><\/fb:like><\/div><\/div><blockquote>\n<h2><\/h2>\n<p>&nbsp;<\/p>\n<h2 style=\"text-align: right;\"><a href=\"http:\/\/mj-lagrange.org\/wp-content\/uploads\/2014\/05\/cardinal-Li\u00e9nart2.jpg\"><img loading=\"lazy\" decoding=\"async\" class=\"alignleft size-full wp-image-5207\" alt=\"cardinal Li\u00e9nart2\" src=\"http:\/\/mj-lagrange.org\/wp-content\/uploads\/2014\/05\/cardinal-Li\u00e9nart2.jpg\" width=\"249\" height=\"297\" \/><\/a><a href=\"http:\/\/mj-lagrange.org\/wp-content\/uploads\/2014\/05\/Pr\u00e9face-L\u2019\u0153uvre-ex\u00e9g\u00e9tique-et-historique-du-R.P.-Lagrange-o.p..pdf\">Pr\u00e9face-L\u2019\u0153uvre ex\u00e9g\u00e9tique et historique<\/a><a href=\"http:\/\/mj-lagrange.org\/wp-content\/uploads\/2014\/05\/Pr\u00e9face-L\u2019\u0153uvre-ex\u00e9g\u00e9tique-et-historique-du-R.P.-Lagrange-o.p..pdf\"><br \/>\ndu R.P. Lagrange o.p.<\/a><\/h2>\n<h3><\/h3>\n<h3><\/h3>\n<h3><\/h3>\n<h3><\/h3>\n<h3><\/h3>\n<h3><\/h3>\n<h3><span style=\"font-size: 1.17em;\">par Mgr A. LI\u00c9NART.<\/span><\/h3>\n<h3>Cahiers de la Nouvelle Journ\u00e9e, 28. Librairie Bloud et Gay. 1935.<\/h3>\n<\/blockquote>\n","protected":false},"excerpt":{"rendered":"<p>&nbsp; Pr\u00e9face-L\u2019\u0153uvre ex\u00e9g\u00e9tique et historique du R.P. Lagrange o.p. par Mgr A. LI\u00c9NART. Cahiers de la Nouvelle Journ\u00e9e, 28. Librairie Bloud et Gay. 1935.<\/p>\n","protected":false},"author":2,"featured_media":0,"comment_status":"closed","ping_status":"closed","sticky":false,"template":"","format":"standard","meta":{"footnotes":""},"categories":[20],"tags":[],"class_list":["post-5202","post","type-post","status-publish","format-standard","hentry","category-articles-sur-le-pere-lagrange"],"_links":{"self":[{"href":"https:\/\/www.mj-lagrange.org\/index.php?rest_route=\/wp\/v2\/posts\/5202","targetHints":{"allow":["GET"]}}],"collection":[{"href":"https:\/\/www.mj-lagrange.org\/index.php?rest_route=\/wp\/v2\/posts"}],"about":[{"href":"https:\/\/www.mj-lagrange.org\/index.php?rest_route=\/wp\/v2\/types\/post"}],"author":[{"embeddable":true,"href":"https:\/\/www.mj-lagrange.org\/index.php?rest_route=\/wp\/v2\/users\/2"}],"replies":[{"embeddable":true,"href":"https:\/\/www.mj-lagrange.org\/index.php?rest_route=%2Fwp%2Fv2%2Fcomments&post=5202"}],"version-history":[{"count":12,"href":"https:\/\/www.mj-lagrange.org\/index.php?rest_route=\/wp\/v2\/posts\/5202\/revisions"}],"predecessor-version":[{"id":5359,"href":"https:\/\/www.mj-lagrange.org\/index.php?rest_route=\/wp\/v2\/posts\/5202\/revisions\/5359"}],"wp:attachment":[{"href":"https:\/\/www.mj-lagrange.org\/index.php?rest_route=%2Fwp%2Fv2%2Fmedia&parent=5202"}],"wp:term":[{"taxonomy":"category","embeddable":true,"href":"https:\/\/www.mj-lagrange.org\/index.php?rest_route=%2Fwp%2Fv2%2Fcategories&post=5202"},{"taxonomy":"post_tag","embeddable":true,"href":"https:\/\/www.mj-lagrange.org\/index.php?rest_route=%2Fwp%2Fv2%2Ftags&post=5202"}],"curies":[{"name":"wp","href":"https:\/\/api.w.org\/{rel}","templated":true}]}}