{"id":5332,"date":"2014-06-01T10:09:22","date_gmt":"2014-06-01T08:09:22","guid":{"rendered":"http:\/\/www.mj-lagrange.org\/?p=5332"},"modified":"2014-06-01T10:09:22","modified_gmt":"2014-06-01T08:09:22","slug":"avant-propos-au-portrait-du-p%c3%a8re-lagrange-celui-qui-a-r%c3%a9concili%c3%a9-la-science-et-la-foi-par-jean-guitton-de-lacad%c3%a9mie-fran%c3%a7aise","status":"publish","type":"post","link":"https:\/\/www.mj-lagrange.org\/?p=5332","title":{"rendered":"Avant-propos au Portrait du p\u00e8re Lagrange. Celui qui a r\u00e9concili\u00e9 la science et la foi par Jean Guitton, de l&rsquo;Acad\u00e9mie fran\u00e7aise"},"content":{"rendered":"<div class=\"fcbkbttn_buttons_block\" id=\"fcbkbttn_left\"><div class=\"fcbkbttn_button\">\n\t\t\t\t\t<a href=\"https:\/\/www.facebook.com\/\" target=\"_blank\">\n\t\t\t\t\t\t<img decoding=\"async\" src=\"https:\/\/mj-lagrange.org\/wp-content\/plugins\/facebook-button-plugin\/images\/standard-facebook-ico.png\" alt=\"Fb-Button\" \/>\n\t\t\t\t\t<\/a>\n\t\t\t\t<\/div><div class=\"fcbkbttn_like \"><fb:like href=\"https:\/\/www.mj-lagrange.org\/?p=5332\" action=\"like\" colorscheme=\"light\" layout=\"standard\"  width=\"225px\" size=\"small\"><\/fb:like><\/div><\/div><p>&nbsp;<\/p>\n<h1 style=\"text-align: center;\"><a href=\"http:\/\/mj-lagrange.org\/wp-content\/uploads\/2014\/06\/Avant-Propos-Portrait-du-p\u00e8re-Lagrange-par-Jean-Guitton.pdf\">Avant-Propos au Portrait du p\u00e8re Lagrange par Jean Guitton<\/a><\/h1>\n<p>&nbsp;<\/p>\n<p style=\"text-align: center;\"><a href=\"http:\/\/mj-lagrange.org\/wp-content\/uploads\/2014\/05\/Portrait-du-p\u00e8re-Lagrange.jpg\"><img loading=\"lazy\" decoding=\"async\" class=\"aligncenter size-medium wp-image-5296\" alt=\"Portrait du p\u00e8re Lagrange\" src=\"http:\/\/mj-lagrange.org\/wp-content\/uploads\/2014\/05\/Portrait-du-p\u00e8re-Lagrange-179x300.jpg\" width=\"179\" height=\"300\" srcset=\"https:\/\/mj-lagrange.org\/wp-content\/uploads\/2014\/05\/Portrait-du-p\u00e8re-Lagrange-179x300.jpg 179w, https:\/\/mj-lagrange.org\/wp-content\/uploads\/2014\/05\/Portrait-du-p\u00e8re-Lagrange.jpg 477w\" sizes=\"auto, (max-width: 179px) 100vw, 179px\" \/><\/a><\/p>\n","protected":false},"excerpt":{"rendered":"<p>&nbsp; Avant-Propos au Portrait du p\u00e8re Lagrange par Jean Guitton &nbsp;<\/p>\n","protected":false},"author":2,"featured_media":0,"comment_status":"closed","ping_status":"closed","sticky":false,"template":"","format":"standard","meta":{"footnotes":""},"categories":[20],"tags":[],"class_list":["post-5332","post","type-post","status-publish","format-standard","hentry","category-articles-sur-le-pere-lagrange"],"_links":{"self":[{"href":"https:\/\/www.mj-lagrange.org\/index.php?rest_route=\/wp\/v2\/posts\/5332","targetHints":{"allow":["GET"]}}],"collection":[{"href":"https:\/\/www.mj-lagrange.org\/index.php?rest_route=\/wp\/v2\/posts"}],"about":[{"href":"https:\/\/www.mj-lagrange.org\/index.php?rest_route=\/wp\/v2\/types\/post"}],"author":[{"embeddable":true,"href":"https:\/\/www.mj-lagrange.org\/index.php?rest_route=\/wp\/v2\/users\/2"}],"replies":[{"embeddable":true,"href":"https:\/\/www.mj-lagrange.org\/index.php?rest_route=%2Fwp%2Fv2%2Fcomments&post=5332"}],"version-history":[{"count":1,"href":"https:\/\/www.mj-lagrange.org\/index.php?rest_route=\/wp\/v2\/posts\/5332\/revisions"}],"predecessor-version":[{"id":5334,"href":"https:\/\/www.mj-lagrange.org\/index.php?rest_route=\/wp\/v2\/posts\/5332\/revisions\/5334"}],"wp:attachment":[{"href":"https:\/\/www.mj-lagrange.org\/index.php?rest_route=%2Fwp%2Fv2%2Fmedia&parent=5332"}],"wp:term":[{"taxonomy":"category","embeddable":true,"href":"https:\/\/www.mj-lagrange.org\/index.php?rest_route=%2Fwp%2Fv2%2Fcategories&post=5332"},{"taxonomy":"post_tag","embeddable":true,"href":"https:\/\/www.mj-lagrange.org\/index.php?rest_route=%2Fwp%2Fv2%2Ftags&post=5332"}],"curies":[{"name":"wp","href":"https:\/\/api.w.org\/{rel}","templated":true}]}}