{"id":8115,"date":"2015-11-09T17:47:48","date_gmt":"2015-11-09T16:47:48","guid":{"rendered":"http:\/\/www.mj-lagrange.org\/?p=8115"},"modified":"2019-01-08T19:03:52","modified_gmt":"2019-01-08T18:03:52","slug":"%c3%a9cho-de-notre-page-facebook-novembre-2015","status":"publish","type":"post","link":"https:\/\/www.mj-lagrange.org\/?p=8115","title":{"rendered":"\u00c9cho de notre page Facebook : novembre 2015"},"content":{"rendered":"<div class=\"fcbkbttn_buttons_block\" id=\"fcbkbttn_left\"><div class=\"fcbkbttn_button\">\n\t\t\t\t\t<a href=\"https:\/\/www.facebook.com\/\" target=\"_blank\">\n\t\t\t\t\t\t<img decoding=\"async\" src=\"https:\/\/mj-lagrange.org\/wp-content\/plugins\/facebook-button-plugin\/images\/standard-facebook-ico.png\" alt=\"Fb-Button\" \/>\n\t\t\t\t\t<\/a>\n\t\t\t\t<\/div><div class=\"fcbkbttn_like \"><fb:like href=\"https:\/\/www.mj-lagrange.org\/?p=8115\" action=\"like\" colorscheme=\"light\" layout=\"standard\"  width=\"225px\" size=\"small\"><\/fb:like><\/div><\/div><p>&nbsp;<\/p>\n<p><span style=\"color: #993300;\">30 novembre 2015<\/span><\/p>\n<p>\u00ab\u00a0Avent dans la ville\u00a0\u00bb La m\u00e9ditation de \u00a0par fr. Thomas-Marie Gillet o. p.\u00a0<a href=\"http:\/\/avent.retraitedanslaville.org\">http:\/\/avent.retraitedanslaville.org<\/a><\/p>\n<p>\u00ab\u00a0\u00c0 la gloire de Dieu, l&rsquo;homme debout\u00a0\u00bb<\/p>\n<p>Redressez-vous et relevez la t\u00eate (\u00c9vangile selon saint Luc, chapitre 21, verset 28)<\/p>\n<p>Nous sommes d\u00e9j\u00e0 \u00e0 la fin des temps et le Seigneur vient. Dieu ne vient pas encore dans sa gloire, mais il d\u00e9sire ardemment venir dans nos c\u0153urs, et c\u2019est lui qui nous aidera \u00e0 deviner, \u00e0 voir les signes de sa venue parmi nous. Ainsi, d\u00e8s aujourd\u2019hui nous pouvons l\u2019accueillir et demeurer avec lui tous les jours de notre vie. Cette pr\u00e9paration de la rencontre avec Dieu, de l\u2019accueil de sa gr\u00e2ce, est loin d\u2019\u00eatre une attente passive, elle est active, dynamique et nous conduit vers la lumi\u00e8re. Attente qui nous met en marche vers la vie.<br \/>\nLa marche a ses exigences : se mettre debout et relever la t\u00eate.<br \/>\nEt rester debout, en \u00e9tat de marche, cela implique que nous ne nous laissions pas d\u00e9courager, abattre par ce qui alourdit notre c\u0153ur. \u00ab D\u00e9bauche, ivrognerie, soucis de la vie \u00bb*, voil\u00e0 ce qui nous emp\u00eache d\u2019avancer, dit l\u2019\u00c9vangile . C\u2019est pour nous d\u00e9lester de ce poids que nous nous sommes mis \u00e0 l\u2019\u00e9cart, que nous sommes entr\u00e9s en retraite. Ch\u00f4mage, difficult\u00e9s du couple, violences diverses, discrimination, ils sont nombreux les \u00ab soucis de la vie \u00bb, ces bruits du monde que nous devons faire taire pour un temps, afin de mieux s\u2019y confronter. Je pense en particulier \u00e0 une amie qui doit affronter depuis plusieurs mois la s\u00e9paration d\u2019avec son conjoint. Comment ne pas se laisser terrasser par la tristesse, par la douleur de la trahison ? Comment ne pas succomber aux sir\u00e8nes du laisser-aller, tout l\u00e2cher et vouloir mourir \u00e0 petit feu ? Comment ne pas laisser place \u00e0 la peur, aux chim\u00e8res de la vie r\u00e9invent\u00e9e avec des \u00ab si \u00bb : \u00ab si j\u2019avais \u00e9t\u00e9 une meilleure \u00e9pouse, il ne serait pas parti \u00bb ; \u00ab si je suis s\u00e9par\u00e9e, je ne vais plus pouvoir communier \u00bb ? Pourtant cette amie tient le coup, elle n\u2019a pas abandonn\u00e9 la marche. Et si elle continue de tenir debout, c\u2019est certainement gr\u00e2ce \u00e0 la lumi\u00e8re re\u00e7ue de Dieu, \u00e0 l\u2019attachement de ses enfants et au soutien de ses proche s. C\u2019est dans ces t\u00e9n\u00e8bres qui obscurcissent le chemin que la lumi\u00e8re m\u00eame fragile et vacillante continue de briller et nous invite \u00e0 choisir la vie. Courage, debout, et relevons la t\u00eate !<\/p>\n<p>* \u00c9vangile selon saint Luc, chapitre 21, verset 34<\/p>\n<p>M\u00e9ditation enregistr\u00e9e dans un studio de RCF Lyon<\/p>\n<p>&nbsp;<\/p>\n<p><span style=\"color: #993300;\">29 novembre 2015<\/span><\/p>\n<p><a href=\"http:\/\/mj-lagrange.org\/wp-content\/uploads\/2015\/11\/P\u00eache-miraculeuse-Arazzi-di-raffaello1519.jpg\"><img loading=\"lazy\" decoding=\"async\" class=\"alignleft size-medium wp-image-8200\" src=\"http:\/\/mj-lagrange.org\/wp-content\/uploads\/2015\/11\/P\u00eache-miraculeuse-Arazzi-di-raffaello1519-300x265.jpg\" alt=\"P\u00eache miraculeuse-Arazzi di raffaello(1519)\" width=\"300\" height=\"265\" srcset=\"https:\/\/mj-lagrange.org\/wp-content\/uploads\/2015\/11\/P\u00eache-miraculeuse-Arazzi-di-raffaello1519-300x265.jpg 300w, https:\/\/mj-lagrange.org\/wp-content\/uploads\/2015\/11\/P\u00eache-miraculeuse-Arazzi-di-raffaello1519.jpg 722w\" sizes=\"auto, (max-width: 300px) 100vw, 300px\" \/><\/a>La p\u00eache miraculeuse (Matthieu 4, 18-22)<br \/>\nL\u2019esprit moderne se cabre plus vite devant le miracle que l\u2019homme ancien. C\u2019est pour lui une difficult\u00e9. Mais il a une raison de plus pour croire : il lui est loisible de constater l\u2019accomplissement de la proph\u00e9tie. Simon a \u00e9t\u00e9 vraiment p\u00eacheur d\u2019hommes, et ses successeurs continuent \u00e0 diriger la p\u00eache sur la parole du Seigneur, appelant d\u2019autres hommes \u00e0 leur secours, mais souverains meneurs de tout l\u2019apostolat, fixant les territoires, choisissant les ap\u00f4tres, seuls chefs de la mission pacifique conqu\u00e9rante souvent par le sang des martyrs, toujours plus loin, jusqu\u2019\u00e0 ce que la terre enti\u00e8re ait entendu l\u2019\u00c9vangile.<br \/>\nPeut-on exiger de nous qu\u2019en lisant cette p\u00eache miraculeuse nous cessions d\u2019entendre cette parole qui s\u2019ex\u00e9cute depuis tant de si\u00e8cles : \u00ab Avance au large, duc in altum ? Et certes il est tr\u00e8s \u00e9tonnant qu\u2019il ait \u00e9t\u00e9 donn\u00e9 au successeur de Simon d\u2019avancer toujours au large : cela est plus admirable que la capture miraculeuse d\u2019un nombre consid\u00e9rable de poissons.<br \/>\n(<em>L\u2019\u00c9vangile de J\u00e9sus-Christ<\/em> par Marie-Joseph Lagrange des Fr\u00e8res Pr\u00eacheurs)<\/p>\n<p>&nbsp;<\/p>\n<p><span style=\"color: #993300;\">25 novembre 2015<\/span><\/p>\n<p>C\u2019\u00e9tait un Ma\u00eetre. Il y a, en biblisme, une \u00c9cole de J\u00e9rusalem comme il y eut, au XVIe si\u00e8cle, en th\u00e9ologie, une \u00c9cole de Salamanque ; et le dominicain que fut le P. Lagrange a form\u00e9 des \u00e9l\u00e8ves qui sont devenus des Ma\u00eetres comme le fit, il y a pr\u00e8s de quatre si\u00e8cles, le dominicain Fran\u00e7ois de Vitoria.<\/p>\n<p><a href=\"http:\/\/www.mj-lagrange.org\/?p=8171\">C&rsquo;\u00e9tait un Ma\u00eetre<\/a><\/p>\n<p>&nbsp;<\/p>\n<p><span style=\"color: #993300;\">22 novembre 2015<\/span><\/p>\n<p>Fr. Gianni Festa est le nouveau Postulateur G\u00e9n\u00e9ral de l&rsquo;Ordre des pr\u00eacheurs<\/p>\n<p><a href=\"http:\/\/www.op.org\/en\/content\/fr-gianni-festa-new-postulator-general-order\">http:\/\/www.op.org\/en\/content\/fr-gianni-festa-new-postulator-general-order<\/a><\/p>\n<p>&nbsp;<\/p>\n<p><span style=\"color: #993300;\">22 novembre 2015<\/span><\/p>\n<p>Lectio divina avec le p\u00e8re Lagrange. Le Sermon sur la montagne (55)<\/p>\n<p><a href=\"http:\/\/www.mj-lagrange.org\/?p=8151\">http:\/\/www.mj-lagrange.org\/?p=8151<\/a><\/p>\n<p>&nbsp;<\/p>\n<p><a href=\"http:\/\/mj-lagrange.org\/wp-content\/uploads\/2015\/11\/Pr\u00e9sentation-de-Marie-au-Temple-Prato-Duomo.jpg\"><img loading=\"lazy\" decoding=\"async\" class=\"alignright size-medium wp-image-8156\" src=\"http:\/\/mj-lagrange.org\/wp-content\/uploads\/2015\/11\/Pr\u00e9sentation-de-Marie-au-Temple-Prato-Duomo-300x233.jpg\" alt=\"Pr\u00e9sentation de Marie au Temple-Prato Duomo\" width=\"300\" height=\"233\" srcset=\"https:\/\/mj-lagrange.org\/wp-content\/uploads\/2015\/11\/Pr\u00e9sentation-de-Marie-au-Temple-Prato-Duomo-300x233.jpg 300w, https:\/\/mj-lagrange.org\/wp-content\/uploads\/2015\/11\/Pr\u00e9sentation-de-Marie-au-Temple-Prato-Duomo-730x566.jpg 730w, https:\/\/mj-lagrange.org\/wp-content\/uploads\/2015\/11\/Pr\u00e9sentation-de-Marie-au-Temple-Prato-Duomo.jpg 800w\" sizes=\"auto, (max-width: 300px) 100vw, 300px\" \/><\/a><\/p>\n<p><span style=\"color: #993300;\">21 novembre 2015<\/span><\/p>\n<p>Marie, conduisez-moi par le plus court chemin au coeur de J\u00e9sus!<\/p>\n<p>Vase spirituel! M\u00e8re de la Gr\u00e2ce! (P. Lagrange, <em>Journal spirituel<\/em>)<\/p>\n<p>&nbsp;<\/p>\n<p>&nbsp;<\/p>\n<p><span style=\"color: #993300;\">15 novembre 2015<\/span><\/p>\n<p>Lectio divina avec le p\u00e8re Lagrange. Le choix des Douze (54)<\/p>\n<p><a href=\"http:\/\/www.mj-lagrange.org\/?p=8136\">http:\/\/www.mj-lagrange.org\/?p=8136<\/a><\/p>\n<p>&nbsp;<\/p>\n<p><span style=\"color: #993300;\">14 novembre 2015<\/span><\/p>\n<p>Plus que jamais d\u2019actualit\u00e9. Pri\u00e8re pour l\u2019Europe et le Monde<\/p>\n<p><a href=\"http:\/\/www.ndweb.org\/2012\/10\/priere-pour-leurope-cardinal-carlo-maria-martini\/\">http:\/\/www.ndweb.org\/2012\/10\/priere-pour-leurope-cardinal-carlo-maria-martini\/<\/a><\/p>\n<p>&nbsp;<\/p>\n<p><span style=\"color: #993300;\">13 novembre 2015<\/span><\/p>\n<p>Hom\u00e9lie de Mgr Brugu\u00e8s \u00e0 la messe de cl\u00f4ture des Journ\u00e9es Lagrange, 24 octobre 2015 \u00e0 Rome<\/p>\n<p><a href=\"http:\/\/www.mj-lagrange.org\/?p=8131\">http:\/\/www.mj-lagrange.org\/?p=8131<\/a><\/p>\n<p>&nbsp;<\/p>\n<p><span style=\"color: #993300;\">12 novembre 2015<\/span><\/p>\n<p>La perle la plus pr\u00e9cieuse de l\u2019\u00e9vangile de Matthieu selon le p\u00e8re Lagrange<\/p>\n<p><a href=\"http:\/\/www.mj-lagrange.org\/?p=8119\">http:\/\/www.mj-lagrange.org\/?p=8119<\/a><\/p>\n<p>&nbsp;<\/p>\n<p><span style=\"color: #993300;\">11 novembre 2015<\/span><\/p>\n<p>La cause de b\u00e9atification du p\u00e8re Lagrange sur le site de la conf\u00e9rence des religieuses et religieux de France. CORREF<\/p>\n<p><a href=\"http:\/\/www.viereligieuse.fr\/La-cause-de-beatification-du-P\">http:\/\/www.viereligieuse.fr\/La-cause-de-beatification-du-P<\/a><\/p>\n<p>&nbsp;<\/p>\n<p><span style=\"color: #993300;\">10 novembre 2015<\/span><\/p>\n<p>En union de pri\u00e8res avec fr. Manuel Rivero au cours de la messe de ce jour, c\u00e9l\u00e9br\u00e9e aux intentions particuli\u00e8res confi\u00e9es et pour la b\u00e9atification du p\u00e8re Lagrange.<a href=\"http:\/\/mj-lagrange.org\/wp-content\/uploads\/2015\/11\/P.-Lagrange-Pri\u00e8re-pour-sa-glorification2c.jpg\"><img loading=\"lazy\" decoding=\"async\" class=\"aligncenter size-large wp-image-8116\" src=\"http:\/\/mj-lagrange.org\/wp-content\/uploads\/2015\/11\/P.-Lagrange-Pri\u00e8re-pour-sa-glorification2c-1024x722.jpg\" alt=\"P. Lagrange-Pri\u00e8re pour sa glorification2c\" width=\"730\" height=\"515\" srcset=\"https:\/\/mj-lagrange.org\/wp-content\/uploads\/2015\/11\/P.-Lagrange-Pri\u00e8re-pour-sa-glorification2c-1024x722.jpg 1024w, https:\/\/mj-lagrange.org\/wp-content\/uploads\/2015\/11\/P.-Lagrange-Pri\u00e8re-pour-sa-glorification2c-300x212.jpg 300w, https:\/\/mj-lagrange.org\/wp-content\/uploads\/2015\/11\/P.-Lagrange-Pri\u00e8re-pour-sa-glorification2c-730x515.jpg 730w, https:\/\/mj-lagrange.org\/wp-content\/uploads\/2015\/11\/P.-Lagrange-Pri\u00e8re-pour-sa-glorification2c.jpg 1126w\" sizes=\"auto, (max-width: 730px) 100vw, 730px\" \/><\/a><\/p>\n<p>&nbsp;<\/p>\n<p><span style=\"color: #993300;\">6 novembre 2015<\/span><\/p>\n<p>Les dominicains 800 ans de pr\u00e9sence.<\/p>\n<p><a href=\"https:\/\/rcf.fr\/spiritualite\/vie-de-leglise\/les-dominicains-800-ans-de-presence-au-monde#.Vjzf7uIdEIo.facebook\">https:\/\/rcf.fr\/spiritualite\/vie-de-leglise\/les-dominicains-800-ans-de-presence-au-monde#.Vjzf7uIdEIo.facebook<\/a><\/p>\n<p>&nbsp;<\/p>\n<p><span style=\"color: #993300;\">4-5 novembre 2015<\/span><\/p>\n<p>Tout sur les journ\u00e9es Lagrange \u00e0 Rome, les 23-24 octobre 2015. Voir la page Actualit\u00e9s.<\/p>\n<p>&nbsp;<\/p>\n<p><span style=\"color: #993300;\">3 novembre 2015<\/span><\/p>\n<p>Une question br\u00fblante..\u00a0<a href=\"http:\/\/www.mj-lagrange.org\/?p=8064\">http:\/\/www.mj-lagrange.org\/?p=8064<\/a><\/p>\n<p>Lectio divina : L&rsquo;homme \u00e0 la main dess\u00e9ch\u00e9e gu\u00e9ri un jour e sabbat<\/p>\n","protected":false},"excerpt":{"rendered":"<p>&nbsp; 30 novembre 2015 \u00ab\u00a0Avent dans la ville\u00a0\u00bb La m\u00e9ditation de \u00a0par fr. Thomas-Marie Gillet o. p.\u00a0http:\/\/avent.retraitedanslaville.org \u00ab\u00a0\u00c0 la gloire de Dieu, l&rsquo;homme debout\u00a0\u00bb Redressez-vous et relevez la t\u00eate (\u00c9vangile selon saint Luc, chapitre 21, verset 28) Nous sommes d\u00e9j\u00e0 \u00e0 la fin des temps et le Seigneur vient. Dieu ne vient pas encore dans &#8230;<\/p>\n<p><a href=\"https:\/\/www.mj-lagrange.org\/?p=8115\" class=\"more-link\">Continue reading &lsquo;\u00c9cho de notre page Facebook : novembre 2015&rsquo; &raquo;<\/a><\/p>\n","protected":false},"author":2,"featured_media":0,"comment_status":"closed","ping_status":"closed","sticky":false,"template":"","format":"standard","meta":{"footnotes":""},"categories":[147],"tags":[],"class_list":["post-8115","post","type-post","status-publish","format-standard","hentry","category-echo_de_notre_page_facebook"],"_links":{"self":[{"href":"https:\/\/www.mj-lagrange.org\/index.php?rest_route=\/wp\/v2\/posts\/8115","targetHints":{"allow":["GET"]}}],"collection":[{"href":"https:\/\/www.mj-lagrange.org\/index.php?rest_route=\/wp\/v2\/posts"}],"about":[{"href":"https:\/\/www.mj-lagrange.org\/index.php?rest_route=\/wp\/v2\/types\/post"}],"author":[{"embeddable":true,"href":"https:\/\/www.mj-lagrange.org\/index.php?rest_route=\/wp\/v2\/users\/2"}],"replies":[{"embeddable":true,"href":"https:\/\/www.mj-lagrange.org\/index.php?rest_route=%2Fwp%2Fv2%2Fcomments&post=8115"}],"version-history":[{"count":12,"href":"https:\/\/www.mj-lagrange.org\/index.php?rest_route=\/wp\/v2\/posts\/8115\/revisions"}],"predecessor-version":[{"id":10692,"href":"https:\/\/www.mj-lagrange.org\/index.php?rest_route=\/wp\/v2\/posts\/8115\/revisions\/10692"}],"wp:attachment":[{"href":"https:\/\/www.mj-lagrange.org\/index.php?rest_route=%2Fwp%2Fv2%2Fmedia&parent=8115"}],"wp:term":[{"taxonomy":"category","embeddable":true,"href":"https:\/\/www.mj-lagrange.org\/index.php?rest_route=%2Fwp%2Fv2%2Fcategories&post=8115"},{"taxonomy":"post_tag","embeddable":true,"href":"https:\/\/www.mj-lagrange.org\/index.php?rest_route=%2Fwp%2Fv2%2Ftags&post=8115"}],"curies":[{"name":"wp","href":"https:\/\/api.w.org\/{rel}","templated":true}]}}