{"id":9120,"date":"2017-01-01T10:06:39","date_gmt":"2017-01-01T09:06:39","guid":{"rendered":"http:\/\/www.mj-lagrange.org\/?p=9120"},"modified":"2019-01-08T18:51:44","modified_gmt":"2019-01-08T17:51:44","slug":"%c3%a9cho-de-notre-page-facebook-janvier-2017","status":"publish","type":"post","link":"https:\/\/www.mj-lagrange.org\/?p=9120","title":{"rendered":"\u00c9cho de notre page Facebook : Janvier 2017"},"content":{"rendered":"<div class=\"fcbkbttn_buttons_block\" id=\"fcbkbttn_left\"><div class=\"fcbkbttn_button\">\n\t\t\t\t\t<a href=\"https:\/\/www.facebook.com\/\" target=\"_blank\">\n\t\t\t\t\t\t<img decoding=\"async\" src=\"https:\/\/mj-lagrange.org\/wp-content\/plugins\/facebook-button-plugin\/images\/standard-facebook-ico.png\" alt=\"Fb-Button\" \/>\n\t\t\t\t\t<\/a>\n\t\t\t\t<\/div><div class=\"fcbkbttn_like \"><fb:like href=\"https:\/\/www.mj-lagrange.org\/?p=9120\" action=\"like\" colorscheme=\"light\" layout=\"standard\"  width=\"225px\" size=\"small\"><\/fb:like><\/div><\/div><p><span style=\"color: #993300;\">28 janvier 2017<\/span><\/p>\n<p><em>Disciple de saint Thomas d\u2019Aquin<\/em><\/p>\n<div id=\"attachment_9150\" style=\"width: 160px\" class=\"wp-caption alignright\"><a href=\"http:\/\/mj-lagrange.org\/wp-content\/uploads\/2017\/01\/Saint-Thomas-dAquin-Cath\u00e9drale-Nice.jpg\"><img loading=\"lazy\" decoding=\"async\" aria-describedby=\"caption-attachment-9150\" class=\"size-thumbnail wp-image-9150\" src=\"http:\/\/mj-lagrange.org\/wp-content\/uploads\/2017\/01\/Saint-Thomas-dAquin-Cath\u00e9drale-Nice-150x150.jpg\" alt=\"Saint Thomas d'Aquin (Cath\u00e9drale de Nice)\" width=\"150\" height=\"150\" \/><\/a><p id=\"caption-attachment-9150\" class=\"wp-caption-text\">Saint Thomas d&rsquo;Aquin<br \/>(Cath\u00e9drale de Nice)<\/p><\/div>\n<p>Dans toutes les \u0153uvres du P. Lagrange, on retrouve la <strong>mise en pratique d\u2019une m\u00e9thode<\/strong>, neuve \u00e0 l\u2019\u00e9poque dans l\u2019\u00c9glise, mais qui allait faire \u00e9cole, appuy\u00e9e sur quelques principes essentiels. Il v\u00e9rifiait tout ce qu\u2019il avan\u00e7ait. Il comprenait les textes dans leur cadre historique et g\u00e9ographique. Il identifiait leurs genres litt\u00e9raires. <strong>Disciple de saint Thomas d\u2019Aquin<\/strong>, il raisonnait avec rigueur pour tirer des conclusions qui ne devaient <strong>rien au hasard ou \u00e0 la passion<\/strong>. Il demeurait fermement convaincu qu\u2019il ne peut y avoir d\u2019opposition entre la science et la foi de l\u2019\u00c9glise. (Jean-Luc Vesco, O.P. Source internet mavocation.org)<\/p>\n<p>&nbsp;<\/p>\n<p><strong><span style=\"color: #993300;\"><a href=\"http:\/\/mj-lagrange.org\/wp-content\/uploads\/2017\/01\/2017-Mercredi-25-janvier.jpg\"><img loading=\"lazy\" decoding=\"async\" class=\" size-thumbnail wp-image-9144 alignleft\" src=\"http:\/\/mj-lagrange.org\/wp-content\/uploads\/2017\/01\/2017-Mercredi-25-janvier-150x150.jpg\" alt=\"2017 Mercredi 25 janvier\" width=\"150\" height=\"150\" \/><\/a>Mercredi 25 janvier 2017, \u00e0 20h30<\/span><\/strong><\/p>\n<p>Maison Jean-Marie Vianney, 27 rue Dr Nodet, Bourg-en-Bresse<\/p>\n<p><span style=\"color: #993300;\"><strong>Conf\u00e9rence par fr. Manuel Rivero\u00a0: L\u2019apport du p\u00e8re Lagrange dans l\u2019intelligence de la foi<\/strong><\/span><\/p>\n<p>Organis\u00e9 par le groupe fraternel dominicain Marie-Joseph Lagrange \u00e0 Bourg-en-Bresse.<\/p>\n<p>&nbsp;<\/p>\n<p><strong><span style=\"color: #993300;\"><a href=\"http:\/\/mj-lagrange.org\/wp-content\/uploads\/2017\/01\/2017-Lundi-23-janvier.jpg\"><img loading=\"lazy\" decoding=\"async\" class=\"alignright size-thumbnail wp-image-9143\" src=\"http:\/\/mj-lagrange.org\/wp-content\/uploads\/2017\/01\/2017-Lundi-23-janvier-150x150.jpg\" alt=\"2017 Lundi 23 janvier\" width=\"150\" height=\"150\" \/><\/a>Lundi 23 janvier 2017 \u00e0 15 heures<\/span><\/strong><\/p>\n<p><strong><span style=\"color: #993300;\">Assembl\u00e9e g\u00e9n\u00e9rale ordinaire de l\u2019association des amis du p\u00e8re Lagrange<\/span><\/strong><\/p>\n<p>Couvent des Dominicains<\/p>\n<p>9 rue Saint-Fran\u00e7ois-de-Paule 06300 Nice<\/p>\n<p>Salle Saint-Thomas<\/p>\n<p style=\"text-align: left;\"><span style=\"color: #993300;\">18 janvier 2017<\/span><\/p>\n<div id=\"attachment_9140\" style=\"width: 160px\" class=\"wp-caption alignleft\"><a href=\"http:\/\/mj-lagrange.org\/wp-content\/uploads\/2017\/01\/Psaume-55-54-7-Benn-20e.jpg\"><img loading=\"lazy\" decoding=\"async\" aria-describedby=\"caption-attachment-9140\" class=\"size-thumbnail wp-image-9140\" src=\"http:\/\/mj-lagrange.org\/wp-content\/uploads\/2017\/01\/Psaume-55-54-7-Benn-20e-150x150.jpg\" alt=\"Psaume 55 (54) 7 Benn (20e)\" width=\"150\" height=\"150\" \/><\/a><p id=\"caption-attachment-9140\" class=\"wp-caption-text\">Psaume 55 (54) 7<br \/>Benn (20e)<\/p><\/div>\n<p>\u00ab\u00a0Les Psaumes ne sont utiles aux \u00e2mes chr\u00e9tiennes que transfigur\u00e9s par la lumi\u00e8re du Christ.<\/p>\n<p>(P\u00e8re Lagrange. <em>Deux commentaires des Psaumes, <\/em><em>Revue biblique internationale<\/em>, vol. 13 (1904.)<\/p>\n<p style=\"text-align: left;\"><span style=\"color: #993300;\">15 janvier 2017<\/span><\/p>\n<p><em>Dieu est si bon\u00a0!<\/em><\/p>\n<div id=\"attachment_9137\" style=\"width: 160px\" class=\"wp-caption alignright\"><a href=\"http:\/\/mj-lagrange.org\/wp-content\/uploads\/2017\/01\/Enfant-prodigue-Lionello-Spada-17e.jpg\"><img loading=\"lazy\" decoding=\"async\" aria-describedby=\"caption-attachment-9137\" class=\"size-thumbnail wp-image-9137\" src=\"http:\/\/mj-lagrange.org\/wp-content\/uploads\/2017\/01\/Enfant-prodigue-Lionello-Spada-17e-150x150.jpg\" alt=\"Enfant prodigue Lionello Spada (17e)\" width=\"150\" height=\"150\" \/><\/a><p id=\"caption-attachment-9137\" class=\"wp-caption-text\">Enfant prodigue<br \/>Lionello Spada (17e)<\/p><\/div>\n<p style=\"text-align: left;\">C\u2019est d\u2019ailleurs le meilleur repos que de se mettre de toute son \u00e2me en contact avec Dieu. Au d\u00e9but ce n\u2019est pas toujours agr\u00e9able, parce qu\u2019on \u00e9prouve de l\u2019amertume \u00e0 se trouver \u00e9loign\u00e9 de Lui par mille tracas, m\u00eame par une certaine torpeur sinon par l\u2019indiff\u00e9rence. Mais ce mauvais moment pass\u00e9, Dieu est si bon qu\u2019il ne nous tient pas rigueur et se montre toujours pr\u00eat \u00e0 accueillir notre retour. C\u2019est encore d\u2019une certaine fa\u00e7on le retour du prodigue, qui s\u2019en va bien loin, qui prend la tangente pour ne pas se trouver trop pr\u00e8s de Dieu, m\u00eame si on s\u2019en tient fermement \u00e0 son service. Quelquefois on ne le cherche pas, dans la crainte qu\u2019il ne se montre exigeant et nous demande des sacrifices. Crainte mal avis\u00e9e, car il nous offre toujours la force avec la lumi\u00e8re. (P\u00e8re Lagrange \u00e0 son cousin Albert F\u00e9rier, 1933.)<\/p>\n<p style=\"text-align: left;\"><span style=\"color: #993300;\">10 janvier 2017<\/span><\/p>\n<p><a href=\"http:\/\/mj-lagrange.org\/wp-content\/uploads\/2017\/01\/Pri\u00e8re-pour-la-b\u00e9atification2.jpg\"><img loading=\"lazy\" decoding=\"async\" class=\" size-thumbnail wp-image-9130 alignleft\" src=\"http:\/\/mj-lagrange.org\/wp-content\/uploads\/2017\/01\/Pri\u00e8re-pour-la-b\u00e9atification2-150x150.jpg\" alt=\"priere-pour-la-beatification2\" width=\"150\" height=\"150\" \/><\/a>Nos pri\u00e8res se joignent \u00e0 celles de fr. Manuel Rivero, o. p., vice-postulateur qui c\u00e9l\u00e8bre la messe de ce jour aux intentions des amis de l\u2019association et pour la b\u00e9atification du p\u00e8re Marie-Joseph Lagrange.<\/p>\n<p>&nbsp;<\/p>\n<p>&nbsp;<\/p>\n<p><span style=\"color: #993300;\">9 janvier 2017<\/span><\/p>\n<p><span style=\"color: #993300;\"><em>Le bapt\u00eame du Seigneur<a href=\"http:\/\/mj-lagrange.org\/wp-content\/uploads\/2017\/01\/Bapt\u00eame-du-Seigneur.jpg\"><img loading=\"lazy\" decoding=\"async\" class=\"alignright size-thumbnail wp-image-9127\" src=\"http:\/\/mj-lagrange.org\/wp-content\/uploads\/2017\/01\/Bapt\u00eame-du-Seigneur-150x150.jpg\" alt=\"bapteme-du-seigneur\" width=\"150\" height=\"150\" \/><\/a><\/em><\/span><\/p>\n<p>C\u2019est aussi de ce premier acte public de J\u00e9sus qu\u2019on peut dire qu\u2019il n\u2019est pas venu pour abroger la Loi et les Proph\u00e8tes, mais pour les parfaire. Il a re\u00e7u du dernier des proph\u00e8tes un bapt\u00eame qui n\u2019\u00e9tait qu\u2019un symbole, et qui deviendra, par sa mort, rempli de la gr\u00e2ce de l\u2019Esprit Saint. Le bapt\u00eame de Jean invitait les Juifs \u00e0 la p\u00e9nitence. Celui de J\u00e9sus sera propos\u00e9 \u00e0 toutes les nations comme l\u2019initiation par la foi \u00e0 la vie divine de sa r\u00e9surrection, et il sera donn\u00e9 au nom du P\u00e8re, du Fils et du Saint-Esprit, du p\u00e8re qui l\u2019a nomm\u00e9 au bapt\u00eame son Fils bien-aim\u00e9, du Saint-Esprit qui s\u2019est empress\u00e9 vers lui avec amour. [\u2026] Le croyant y a toujours vu un admirable dessein de Dieu\u00a0: il ne s\u2019\u00e9tonne pas que la voix du P\u00e8re qui a retentit dans l\u2019\u00e9ternit\u00e9 ait \u00e9t\u00e9 entendue sur les bords du Jourdain par le Fils incarn\u00e9, et que le Saint-Esprit, n\u0153ud du P\u00e8re et du Fils, ait paru comme un lien entre le ciel et la terre.<\/p>\n<p>(P\u00e8re M.-J. Lagrange, <em>L\u2019\u00c9vangile de J\u00e9sus Christ<\/em>.)<\/p>\n<p style=\"text-align: left;\"><span style=\"color: #993300;\">8 janvier 2017<\/span><\/p>\n<p><span style=\"color: #993300;\"><em>Mais qui \u00e9taient ces mages\u00a0? <\/em><\/span><\/p>\n<p><a href=\"http:\/\/mj-lagrange.org\/wp-content\/uploads\/2017\/01\/Adoration-des-mages-Fra-Angelico-Fra-F.-Lippi-1395-1455-National-Gallery-of-Art-Washington.jpg\"><img loading=\"lazy\" decoding=\"async\" class=\"alignleft size-thumbnail wp-image-9124\" src=\"http:\/\/mj-lagrange.org\/wp-content\/uploads\/2017\/01\/Adoration-des-mages-Fra-Angelico-Fra-F.-Lippi-1395-1455-National-Gallery-of-Art-Washington-150x150.jpg\" alt=\"adoration-des-mages-fra-angelico-fra-f-lippi-1395-1455-national-gallery-of-art-washington\" width=\"150\" height=\"150\" srcset=\"https:\/\/mj-lagrange.org\/wp-content\/uploads\/2017\/01\/Adoration-des-mages-Fra-Angelico-Fra-F.-Lippi-1395-1455-National-Gallery-of-Art-Washington-150x150.jpg 150w, https:\/\/mj-lagrange.org\/wp-content\/uploads\/2017\/01\/Adoration-des-mages-Fra-Angelico-Fra-F.-Lippi-1395-1455-National-Gallery-of-Art-Washington-300x300.jpg 300w, https:\/\/mj-lagrange.org\/wp-content\/uploads\/2017\/01\/Adoration-des-mages-Fra-Angelico-Fra-F.-Lippi-1395-1455-National-Gallery-of-Art-Washington-730x730.jpg 730w, https:\/\/mj-lagrange.org\/wp-content\/uploads\/2017\/01\/Adoration-des-mages-Fra-Angelico-Fra-F.-Lippi-1395-1455-National-Gallery-of-Art-Washington.jpg 1024w\" sizes=\"auto, (max-width: 150px) 100vw, 150px\" \/><\/a>Les anciens, en Occident surtout, ont vu en eux des pr\u00eatres de la religion des Perses. C\u2019est le sens officiel du mot. Mais on l\u2019employait aussi pour d\u00e9signer des astronomes, un peu astrologues, car en Orient, mise \u00e0 part la grande \u00e9cole d\u2019astronomie d\u2019Alexandrie, on ne se pr\u00e9occupait gu\u00e8re des \u00e9toiles, et des plan\u00e8tes surtout, que pour p\u00e9n\u00e9trer la destin\u00e9e des enfants n\u00e9s sous telle ou telle influence. Ce mauvais renom des mages astrologues a peut-\u00eatre inclin\u00e9 \u00e0 voir dans les mages de l\u2019\u00e9vangile des pr\u00eatres persans. Mais la Perse n\u2019est pas pr\u00e9cis\u00e9ment l\u2019orient de la Palestine, et les P\u00e8res originaires de la Terre sainte, saint Justin, d\u00e8s le second si\u00e8cle, et saint \u00c9piphane au quatri\u00e8me, font vraiment venir les mages de l\u2019est, c\u2019est-\u00e0-dire des pays situ\u00e9s au del\u00e0 de la mer Morte, qu\u2019on comprenait dans l\u2019Arabie. C\u2019est bien ce qu\u2019indique la nature de leurs pr\u00e9sents. [\u2026] Entr\u00e9s dans l\u2019humble \u00e9table qui servait de maison, les mages virent l\u2019Enfant, avec Marie sa m\u00e8re, se prostern\u00e8rent devant lui, et ouvrant leurs sacoches de voyage offrirent les pr\u00e9sents dont ils s\u2019\u00e9taient munis pour le petit roi\u00a0: de l\u2019or, de l\u2019encens et de la r\u00e9sine parfum\u00e9e qu\u2019on nommait la myrrhe. Plus tard, on y a vu des symboles\u00a0: l\u2019encens est r\u00e9serv\u00e9 \u00e0 Dieu, l\u2019or va au roi, la myrrhe fut employ\u00e9e dans la s\u00e9pulture du Christ. Les bons mages avaient apport\u00e9 ce que les \u00e9trangers venaient de pr\u00e9f\u00e9rence chercher dans leur pays. L\u2019instinct de leur c\u0153ur les mit \u00e0 la hauteur d\u2019un symbolisme expressif et touchant. (P\u00e8re M.-J. Lagrange, <em>L&rsquo;\u00c9vangile de J\u00e9sus Christ<\/em>).<\/p>\n<p style=\"text-align: left;\"><span style=\"color: #993300;\">6 janvier 2017<\/span><\/p>\n<p style=\"text-align: left;\"><strong><span style=\"color: #993300;\">\u00c9v\u00e9nements du mois de janvier<\/span><\/strong><\/p>\n<p><strong>Assembl\u00e9e g\u00e9n\u00e9rale ordinaire de l\u2019association des amis du p\u00e8re Lagrang<\/strong>e<br \/>\n<strong>Lundi 23 janvier 2017, \u00e0 15 heures<\/strong><br \/>\nCouvent des Dominicains<br \/>\n9 rue Saint-Fran\u00e7ois-de-Paule 06300 <strong>Nice<\/strong><br \/>\nSalle Saint-Thomas<\/p>\n<p><strong>Conf\u00e9rence de fr. Manuel Rivero, O. P.<\/strong><br \/>\n<strong> L&rsquo;apport du p\u00e8re Lagrange dans l&rsquo;intelligence de la foi<\/strong><br \/>\n<strong>Mercredi 25 janvier 2017, \u00e0 20h30<\/strong><br \/>\nMaison Jean-Marie Vianney, 27 rue Dr Nodet, <strong>Bourg-en-Bresse<\/strong><br \/>\nConf\u00e9rence par fr. Manuel Rivero\u00a0: L\u2019apport du p\u00e8re Lagrange dans l\u2019intelligence de la foi<br \/>\nOrganis\u00e9 par le groupe fraternel dominicain Marie-Joseph Lagrange \u00e0 Bourg-en-Bresse<\/p>\n<p style=\"text-align: center;\"><span style=\"color: #0000ff;\">1er janvier<\/span><\/p>\n<p style=\"text-align: left;\"><a href=\"http:\/\/mj-lagrange.org\/wp-content\/uploads\/2017\/01\/Madonna-d\u00e9tail.-Wilton.jpg\"><img loading=\"lazy\" decoding=\"async\" class=\"aligncenter size-medium wp-image-9121\" src=\"http:\/\/mj-lagrange.org\/wp-content\/uploads\/2017\/01\/Madonna-d\u00e9tail.-Wilton-300x169.jpg\" alt=\"madonna-detail-wilton\" width=\"300\" height=\"169\" srcset=\"https:\/\/mj-lagrange.org\/wp-content\/uploads\/2017\/01\/Madonna-d\u00e9tail.-Wilton-300x169.jpg 300w, https:\/\/mj-lagrange.org\/wp-content\/uploads\/2017\/01\/Madonna-d\u00e9tail.-Wilton.jpg 1024w, https:\/\/mj-lagrange.org\/wp-content\/uploads\/2017\/01\/Madonna-d\u00e9tail.-Wilton-730x411.jpg 730w\" sizes=\"auto, (max-width: 300px) 100vw, 300px\" \/><\/a><\/p>\n<p style=\"text-align: center;\"><span style=\"color: #3366ff;\">Meilleurs voeux pour 2017<\/span><\/p>\n<p>Je vous confie \u00e0 l&rsquo;intercession de la M\u00e8re de Dieu, Notre-Dame des Commencements.<\/p>\n<p>Fr. Manuel Rivero OP, vice-postulateur pour la cause de b\u00e9atification du p\u00e8re Lagrange<\/p>\n","protected":false},"excerpt":{"rendered":"<p>28 janvier 2017 Disciple de saint Thomas d\u2019Aquin Dans toutes les \u0153uvres du P. Lagrange, on retrouve la mise en pratique d\u2019une m\u00e9thode, neuve \u00e0 l\u2019\u00e9poque dans l\u2019\u00c9glise, mais qui allait faire \u00e9cole, appuy\u00e9e sur quelques principes essentiels. Il v\u00e9rifiait tout ce qu\u2019il avan\u00e7ait. Il comprenait les textes dans leur cadre historique et g\u00e9ographique. Il &#8230;<\/p>\n<p><a href=\"https:\/\/www.mj-lagrange.org\/?p=9120\" class=\"more-link\">Continue reading &lsquo;\u00c9cho de notre page Facebook : Janvier 2017&rsquo; &raquo;<\/a><\/p>\n","protected":false},"author":2,"featured_media":0,"comment_status":"closed","ping_status":"closed","sticky":false,"template":"","format":"standard","meta":{"footnotes":""},"categories":[147],"tags":[],"class_list":["post-9120","post","type-post","status-publish","format-standard","hentry","category-echo_de_notre_page_facebook"],"_links":{"self":[{"href":"https:\/\/www.mj-lagrange.org\/index.php?rest_route=\/wp\/v2\/posts\/9120","targetHints":{"allow":["GET"]}}],"collection":[{"href":"https:\/\/www.mj-lagrange.org\/index.php?rest_route=\/wp\/v2\/posts"}],"about":[{"href":"https:\/\/www.mj-lagrange.org\/index.php?rest_route=\/wp\/v2\/types\/post"}],"author":[{"embeddable":true,"href":"https:\/\/www.mj-lagrange.org\/index.php?rest_route=\/wp\/v2\/users\/2"}],"replies":[{"embeddable":true,"href":"https:\/\/www.mj-lagrange.org\/index.php?rest_route=%2Fwp%2Fv2%2Fcomments&post=9120"}],"version-history":[{"count":18,"href":"https:\/\/www.mj-lagrange.org\/index.php?rest_route=\/wp\/v2\/posts\/9120\/revisions"}],"predecessor-version":[{"id":9152,"href":"https:\/\/www.mj-lagrange.org\/index.php?rest_route=\/wp\/v2\/posts\/9120\/revisions\/9152"}],"wp:attachment":[{"href":"https:\/\/www.mj-lagrange.org\/index.php?rest_route=%2Fwp%2Fv2%2Fmedia&parent=9120"}],"wp:term":[{"taxonomy":"category","embeddable":true,"href":"https:\/\/www.mj-lagrange.org\/index.php?rest_route=%2Fwp%2Fv2%2Fcategories&post=9120"},{"taxonomy":"post_tag","embeddable":true,"href":"https:\/\/www.mj-lagrange.org\/index.php?rest_route=%2Fwp%2Fv2%2Ftags&post=9120"}],"curies":[{"name":"wp","href":"https:\/\/api.w.org\/{rel}","templated":true}]}}