{"id":9596,"date":"2017-06-02T16:15:54","date_gmt":"2017-06-02T14:15:54","guid":{"rendered":"http:\/\/www.mj-lagrange.org\/?p=9596"},"modified":"2019-01-08T18:48:36","modified_gmt":"2019-01-08T17:48:36","slug":"%c3%a9cho-de-notre-page-facebook-juin-2017","status":"publish","type":"post","link":"https:\/\/www.mj-lagrange.org\/?p=9596","title":{"rendered":"\u00c9cho de notre page Facebook : juin 2017"},"content":{"rendered":"<div class=\"fcbkbttn_buttons_block\" id=\"fcbkbttn_left\"><div class=\"fcbkbttn_button\">\n\t\t\t\t\t<a href=\"https:\/\/www.facebook.com\/\" target=\"_blank\">\n\t\t\t\t\t\t<img decoding=\"async\" src=\"https:\/\/mj-lagrange.org\/wp-content\/plugins\/facebook-button-plugin\/images\/standard-facebook-ico.png\" alt=\"Fb-Button\" \/>\n\t\t\t\t\t<\/a>\n\t\t\t\t<\/div><div class=\"fcbkbttn_like \"><fb:like href=\"https:\/\/www.mj-lagrange.org\/?p=9596\" action=\"like\" colorscheme=\"light\" layout=\"standard\"  width=\"225px\" size=\"small\"><\/fb:like><\/div><\/div><p><span style=\"color: #993300;\">29 juin 2017<\/span><\/p>\n<p><span style=\"color: #993300;\"><em>Les deux piliers de l\u2019\u00c9glise<a href=\"http:\/\/mj-lagrange.org\/wp-content\/uploads\/2017\/06\/Comm\u00e9moration-de-S.-Paul-et-S.-Pierre.-S.Clemente-et-Sebastiano-D.-Ghirlandaio-15e.Madonna-con-bambino.Duomo-San-Martino.Lucca_.Italie.jpg\"><img loading=\"lazy\" decoding=\"async\" class=\"alignright size-thumbnail wp-image-9620\" src=\"http:\/\/mj-lagrange.org\/wp-content\/uploads\/2017\/06\/Comm\u00e9moration-de-S.-Paul-et-S.-Pierre.-S.Clemente-et-Sebastiano-D.-Ghirlandaio-15e.Madonna-con-bambino.Duomo-San-Martino.Lucca_.Italie-150x150.jpg\" alt=\"Comm\u00e9moration de S. Paul et S. Pierre. S.Clemente et Sebastiano D. Ghirlandaio 15e.Madonna con bambino.Duomo San Martino.Lucca.Italie\" width=\"150\" height=\"150\" \/><\/a><\/em><\/span><\/p>\n<p>Saint Pierre, auteur de la premi\u00e8re cat\u00e9ch\u00e8se. Il n\u2019en a pas seulement donn\u00e9 le signal, il en a fix\u00e9 le th\u00e8me, esquissant les grandes lignes de la vie de J\u00e9sus. \u00ab\u00a0Il avait toujours \u00e9t\u00e9 le compagnon le plus fid\u00e8le, le t\u00e9moin le plus clairvoyant, et vraiment le directeur des caravanes. C\u2019\u00e9tait \u00e0 lui de raconter l\u2019\u00c9vangile. Son influence ne fut pas seulement pr\u00e9pond\u00e9rante. Elle fut hors de pair\u00a0\u00bb (M.-J. Lagrange, <em>\u00c9vangile selon saint Matthieu<\/em>, Paris, 1927, p. 552.)<\/p>\n<p>Saint Paul\u00a0: \u00ab\u00a0Il faut toujours r\u00e9p\u00e9ter que le g\u00e9nie de saint Paul, les lumi\u00e8res qu\u2019il re\u00e7ut de Dieu ne parurent jamais mieux que dans l\u2019accord qu\u2019il per\u00e7ut entre les deux Testaments.\u00a0\u00bb (M.-J. Lagrange, <em>\u00c9p\u00eetre aux Romains<\/em>, p. 81.)<\/p>\n<p>&nbsp;<\/p>\n<p><span style=\"color: #993300;\">16 juin 2017<\/span><\/p>\n<p><span style=\"color: #993300;\"><em><a href=\"http:\/\/mj-lagrange.org\/wp-content\/uploads\/2017\/06\/P.-Lagrange-sculpture.jpg\"><img loading=\"lazy\" decoding=\"async\" class=\"alignleft size-thumbnail wp-image-9606\" src=\"http:\/\/mj-lagrange.org\/wp-content\/uploads\/2017\/06\/P.-Lagrange-sculpture-150x150.jpg\" alt=\"P. Lagrange sculpture\" width=\"150\" height=\"150\" \/><\/a>Le P\u00e8re Lagrange a laiss\u00e9 un sillage de lumi\u00e8re\u2026<\/em><\/span><\/p>\n<p>La pierre angulaire du renouveau ex\u00e9g\u00e9tique reste la cr\u00e9ation de l\u2019\u00c9cole biblique de J\u00e9rusalem et l\u2019image magnifique du P. Lagrange lui aussi vilipend\u00e9 et desservi par d\u2019\u00e9troits esprits, lui aussi r\u00e9habilit\u00e9 et laissant un sillage de lumi\u00e8re pour tous ceux qui veulent d\u00e9couvrir la Parole de Dieu dans un esprit de foi et d\u2019humilit\u00e9. La Parole de Dieu a retrouv\u00e9 sa place dans la vie du Peuple de Dieu\u00a0; la grande encyclique de Pie XII, <em>Divino afflante Spiritu<\/em>, viendra le confirmer en 1943. Le P\u00e8re Lagrange avait lui-m\u00eame mis en garde contre les exc\u00e8s de la m\u00e9thode historico-critique lorsque manquent certains principes de base, plus tard rappel\u00e9s, \u00e0 de nombreuses reprises, par le magist\u00e8re, y compris par le pape Beno\u00eet XVI, qu\u2019on pr\u00e9sente trop restrictivement comme un pur liturgiste, alors qu\u2019il est \u2013 entre autres \u2013 un ex\u00e9g\u00e8te de premier ordre (cf <em>J\u00e9sus<\/em> en deux tomes) et un eccl\u00e9siologue de non moindre talent. (Source\u00a0: www.revue-kephas.org, avril-juin 2012.)<\/p>\n<p><span style=\"color: #993300;\">11 juin 2017<\/span><\/p>\n<div id=\"attachment_9604\" style=\"width: 160px\" class=\"wp-caption alignright\"><a href=\"http:\/\/mj-lagrange.org\/wp-content\/uploads\/2017\/06\/Les-Trinit\u00e9s-de-la-terre-et-du-ciel-Andr\u00e9s_L\u00f3pez-18e_Art_Project.jpg\"><img loading=\"lazy\" decoding=\"async\" aria-describedby=\"caption-attachment-9604\" class=\"size-thumbnail wp-image-9604\" src=\"http:\/\/mj-lagrange.org\/wp-content\/uploads\/2017\/06\/Les-Trinit\u00e9s-de-la-terre-et-du-ciel-Andr\u00e9s_L\u00f3pez-18e_Art_Project-150x150.jpg\" alt=\"Les Trinit\u00e9s de la terre et du ciel Andr\u00e9s L\u00f3pez (18e) Museo Nacional de Arte Mexico\" width=\"150\" height=\"150\" \/><\/a><p id=\"caption-attachment-9604\" class=\"wp-caption-text\">Les Trinit\u00e9s de la terre et du ciel<br \/>Andr\u00e9s L\u00f3pez (18e)<br \/>Museo Nacional de Arte Mexico<\/p><\/div>\n<p><em>Le myst\u00e8re de la Trinit\u00e9\u00a0<\/em>: Le P\u00e8re se donne au Fils. Toute la vie du P\u00e8re passe dans son Fils car le P\u00e8re ne pense jamais \u00e0 lui-m\u00eame, mais \u00e0 son Fils. En se recevant du P\u00e8re, le Fils exulte dans l\u2019action de gr\u00e2ces. Il ne fera pas sa volont\u00e9 mais la volont\u00e9 de son P\u00e8re. Dans la reconnaissance pour la Vie re\u00e7ue, le Fils se donne au P\u00e8re dans la communion du Saint-Esprit.<\/p>\n<p>Cette circulation d\u2019amour divin cr\u00e9ateur, filial, et d\u2019\u00e9change, fera le dynamisme de la vie et de l\u2019\u0153uvre du p\u00e8re Lagrange.<\/p>\n<p>(<em>Prier 15 jours avec le P. Lagrange<\/em>, Fr. Manuel Rivero, o. p., p. 96, Nouvelle Cit\u00e9, 2008.)<\/p>\n<p>&nbsp;<\/p>\n<p><strong><span style=\"color: #993300;\">\u00ab\u00a010 juin 2017\u00a0\u00bb<\/span><\/strong><\/p>\n<p>\u00ab\u00a0Que la paix et les b\u00e9n\u00e9dictions du Seigneur J\u00e9sus soient en vous par Marie.\u00a0\u00bb<br \/>\n(P\u00e8re Lagrange, <em>Journal spirituel<\/em>.)<\/p>\n<p>Nous sommes en union de pri\u00e8res avec fr. Manuel Rivero o. p. au cours de la messe qu\u2019il c\u00e9l\u00e8bre en ce jour anniversaire\u00a0: aux intentions des amis de l\u2019association du p\u00e8re Lagrange, \u00e0 l\u2019intention confi\u00e9e par Sophie, et pour la b\u00e9atification de cette grande figure de l\u2019\u00c9glise\u00a0: le p\u00e8re Marie-Joseph Lagrange o. p.<\/p>\n<p>Pour vos intentions de pri\u00e8res, \u00e9crivez-nous\u00a0: <a href=\"mailto:pere.marie.joseph.lagrange@gmail.com\">pere.marie.joseph.lagrange@gmail.com<\/a><\/p>\n<p>&nbsp;<\/p>\n<p>&nbsp;<\/p>\n<p><span style=\"color: #993300;\">6 juin 2017<\/span><\/p>\n<p><em><a href=\"http:\/\/mj-lagrange.org\/wp-content\/uploads\/2017\/06\/Nouveaut\u00e9-L\u00c9vangile-de-J\u00e9sus-Christ-par-le-P.-Lagrange-o.p.jpg\"><img loading=\"lazy\" decoding=\"async\" class=\"alignleft size-medium wp-image-9600\" src=\"http:\/\/mj-lagrange.org\/wp-content\/uploads\/2017\/06\/Nouveaut\u00e9-L\u00c9vangile-de-J\u00e9sus-Christ-par-le-P.-Lagrange-o.p-300x216.jpg\" alt=\"Nouveaut\u00e9-L'\u00c9vangile de J\u00e9sus Christ par le P. Lagrange o.p\" width=\"300\" height=\"216\" srcset=\"https:\/\/mj-lagrange.org\/wp-content\/uploads\/2017\/06\/Nouveaut\u00e9-L\u00c9vangile-de-J\u00e9sus-Christ-par-le-P.-Lagrange-o.p-300x216.jpg 300w, https:\/\/mj-lagrange.org\/wp-content\/uploads\/2017\/06\/Nouveaut\u00e9-L\u00c9vangile-de-J\u00e9sus-Christ-par-le-P.-Lagrange-o.p-1024x738.jpg 1024w, https:\/\/mj-lagrange.org\/wp-content\/uploads\/2017\/06\/Nouveaut\u00e9-L\u00c9vangile-de-J\u00e9sus-Christ-par-le-P.-Lagrange-o.p-730x526.jpg 730w, https:\/\/mj-lagrange.org\/wp-content\/uploads\/2017\/06\/Nouveaut\u00e9-L\u00c9vangile-de-J\u00e9sus-Christ-par-le-P.-Lagrange-o.p.jpg 1276w\" sizes=\"auto, (max-width: 300px) 100vw, 300px\" \/><\/a>Le monde a besoin de l\u2019\u00c9vangile (Pape Fran\u00e7ois, 4 juin 2017)<\/em><\/p>\n<p>Lors de la parution de <em>L\u2019\u00c9vangile de J\u00e9sus Christ<\/em> par le p\u00e8re Lagrange, Mgr Batiffol \u00e9crivait, en 1928\u00a0: \u00ab\u00a0Je voudrais pouvoir louer avec une absolue ind\u00e9pendance ce beau livre qui est la conclusion d\u2019une vie plus belle encore (\u2026) la g\u00e9n\u00e9ration montante qui semblait vouloir se d\u00e9tourner de l\u2019histoire des primes origines chr\u00e9tiennes comme d\u2019un autre champ du potier (1), y est ramen\u00e9e par des explorateurs de la comp\u00e9tence la plus avertie et la foi la plus assur\u00e9e.\u00a0\u00bb<\/p>\n<p>(1) Dans l\u2019\u00e9dition de 2017, (Mt 27, 3-10), p. 588.<\/p>\n<p>&nbsp;<\/p>\n<p><span style=\"color: #993300;\">2 juin 2017<\/span><\/p>\n<p><em>La voie royale du salut<a href=\"http:\/\/mj-lagrange.org\/wp-content\/uploads\/2017\/06\/Pentecost\u00e9s-El-Greco-1597.jpg\"><img loading=\"lazy\" decoding=\"async\" class=\"alignright size-thumbnail wp-image-9597\" src=\"http:\/\/mj-lagrange.org\/wp-content\/uploads\/2017\/06\/Pentecost\u00e9s-El-Greco-1597-150x150.jpg\" alt=\"Pentecost\u00e9s-El Greco, 1597\" width=\"150\" height=\"150\" \/><\/a><\/em><\/p>\n<p>C\u2019est de confiance qu\u2019on manque le plus parce qu\u2019on ne sent pas toujours l\u2019effet sensible de la pri\u00e8re. Et encore, quand prie-t-on avec courage, sans en sentir l\u2019effet\u00a0! La fin de la pri\u00e8re vient mieux que le commencement, dit l\u2019Esprit Saint. Il faut envisager avec courage les commencements de la pri\u00e8re, qui souvent ne sont pas sans amertume. L\u2019aridit\u00e9 vient, ou de la fatigue, il n\u2019y a qu\u2019\u00e0 se r\u00e9signer\u00a0; ou de la ti\u00e9deur, il faut prier, crier, supplier\u00a0; ou d\u2019une \u00e9preuve de la bont\u00e9 divine, il faut en rendre gr\u00e2ce, et se rappeler toujours quand la pri\u00e8re est invincible, que la pri\u00e8re est la voie royale du salut et le plus s\u00fbr moyen de glorifier Dieu comme Dieu (Marie-Joseph Lagrange, o. p., <em>Journal spirituel, <\/em>Cerf, Paris, 2014).<\/p>\n<p>&nbsp;<\/p>\n","protected":false},"excerpt":{"rendered":"<p>29 juin 2017 Les deux piliers de l\u2019\u00c9glise Saint Pierre, auteur de la premi\u00e8re cat\u00e9ch\u00e8se. Il n\u2019en a pas seulement donn\u00e9 le signal, il en a fix\u00e9 le th\u00e8me, esquissant les grandes lignes de la vie de J\u00e9sus. \u00ab\u00a0Il avait toujours \u00e9t\u00e9 le compagnon le plus fid\u00e8le, le t\u00e9moin le plus clairvoyant, et vraiment le &#8230;<\/p>\n<p><a href=\"https:\/\/www.mj-lagrange.org\/?p=9596\" class=\"more-link\">Continue reading &lsquo;\u00c9cho de notre page Facebook : juin 2017&rsquo; &raquo;<\/a><\/p>\n","protected":false},"author":2,"featured_media":0,"comment_status":"closed","ping_status":"closed","sticky":false,"template":"","format":"standard","meta":{"footnotes":""},"categories":[147],"tags":[],"class_list":["post-9596","post","type-post","status-publish","format-standard","hentry","category-echo_de_notre_page_facebook"],"_links":{"self":[{"href":"https:\/\/www.mj-lagrange.org\/index.php?rest_route=\/wp\/v2\/posts\/9596","targetHints":{"allow":["GET"]}}],"collection":[{"href":"https:\/\/www.mj-lagrange.org\/index.php?rest_route=\/wp\/v2\/posts"}],"about":[{"href":"https:\/\/www.mj-lagrange.org\/index.php?rest_route=\/wp\/v2\/types\/post"}],"author":[{"embeddable":true,"href":"https:\/\/www.mj-lagrange.org\/index.php?rest_route=\/wp\/v2\/users\/2"}],"replies":[{"embeddable":true,"href":"https:\/\/www.mj-lagrange.org\/index.php?rest_route=%2Fwp%2Fv2%2Fcomments&post=9596"}],"version-history":[{"count":9,"href":"https:\/\/www.mj-lagrange.org\/index.php?rest_route=\/wp\/v2\/posts\/9596\/revisions"}],"predecessor-version":[{"id":9862,"href":"https:\/\/www.mj-lagrange.org\/index.php?rest_route=\/wp\/v2\/posts\/9596\/revisions\/9862"}],"wp:attachment":[{"href":"https:\/\/www.mj-lagrange.org\/index.php?rest_route=%2Fwp%2Fv2%2Fmedia&parent=9596"}],"wp:term":[{"taxonomy":"category","embeddable":true,"href":"https:\/\/www.mj-lagrange.org\/index.php?rest_route=%2Fwp%2Fv2%2Fcategories&post=9596"},{"taxonomy":"post_tag","embeddable":true,"href":"https:\/\/www.mj-lagrange.org\/index.php?rest_route=%2Fwp%2Fv2%2Ftags&post=9596"}],"curies":[{"name":"wp","href":"https:\/\/api.w.org\/{rel}","templated":true}]}}