{"id":9650,"date":"2017-08-02T19:16:15","date_gmt":"2017-08-02T17:16:15","guid":{"rendered":"http:\/\/www.mj-lagrange.org\/?p=9650"},"modified":"2019-01-08T18:47:27","modified_gmt":"2019-01-08T17:47:27","slug":"%c3%a9cho-de-notre-page-facebook-ao%c3%bbt-2017","status":"publish","type":"post","link":"https:\/\/www.mj-lagrange.org\/?p=9650","title":{"rendered":"\u00c9cho de notre page Facebook : ao\u00fbt 2017"},"content":{"rendered":"<div class=\"fcbkbttn_buttons_block\" id=\"fcbkbttn_left\"><div class=\"fcbkbttn_button\">\n\t\t\t\t\t<a href=\"https:\/\/www.facebook.com\/\" target=\"_blank\">\n\t\t\t\t\t\t<img decoding=\"async\" src=\"https:\/\/mj-lagrange.org\/wp-content\/plugins\/facebook-button-plugin\/images\/standard-facebook-ico.png\" alt=\"Fb-Button\" \/>\n\t\t\t\t\t<\/a>\n\t\t\t\t<\/div><div class=\"fcbkbttn_like \"><fb:like href=\"https:\/\/www.mj-lagrange.org\/?p=9650\" action=\"like\" colorscheme=\"light\" layout=\"standard\"  width=\"225px\" size=\"small\"><\/fb:like><\/div><\/div><p>26 ao\u00fbt 2017<\/p>\n<p><em>L\u2019humilit\u00e9 du P. Lagrange<\/em><br \/>\nExtrait de son <em>Journal spirituel,<\/em> p. 153.<\/p>\n<p><a href=\"http:\/\/mj-lagrange.org\/wp-content\/uploads\/2017\/08\/P.-Lagrange-\u00e0-Salamanque-JS-p.153.jpg\"><img loading=\"lazy\" decoding=\"async\" class=\" size-thumbnail wp-image-9679 aligncenter\" src=\"http:\/\/mj-lagrange.org\/wp-content\/uploads\/2017\/08\/P.-Lagrange-\u00e0-Salamanque-JS-p.153-150x150.jpg\" alt=\"P. Lagrange \u00e0 Salamanque, JS p.153\" width=\"150\" height=\"150\" \/><\/a><\/p>\n<p>&nbsp;<\/p>\n<p><span style=\"color: #993300;\">22 ao\u00fbt 2017<\/span><\/p>\n<div id=\"attachment_9675\" style=\"width: 160px\" class=\"wp-caption alignleft\"><a href=\"http:\/\/mj-lagrange.org\/wp-content\/uploads\/2017\/08\/Vierge-du-Rosaire-f.-Brea-16e.jpg\"><img loading=\"lazy\" decoding=\"async\" aria-describedby=\"caption-attachment-9675\" class=\"size-thumbnail wp-image-9675\" src=\"http:\/\/mj-lagrange.org\/wp-content\/uploads\/2017\/08\/Vierge-du-Rosaire-f.-Brea-16e-150x150.jpg\" alt=\"Vierge du Rosaire Fran\u00e7ois Brea-16e\" width=\"150\" height=\"150\" \/><\/a><p id=\"caption-attachment-9675\" class=\"wp-caption-text\">Vierge du Rosaire<br \/>Fran\u00e7ois Brea-16e<\/p><\/div>\n<p><span style=\"color: #993300;\"><em>Tr\u00e8s douce Reine, M\u00e8re de Dieu<\/em><\/span><\/p>\n<p>\u00ab\u00a0Pour moi, tous mes v\u0153ux ont \u00e9t\u00e9 exauc\u00e9s, la Sainte Vierge Marie, \u00e0 laquelle je me suis consacr\u00e9 de nouveau \u00e0 ma tonsure, m\u2019a pr\u00e9sent\u00e9 elle-m\u00eame \u00e0 Saint-Maximin le jour de sa Nativit\u00e9 et le jour du Tr\u00e8s Saint Rosaire. Puisse-t-elle \u00eatre toujours ma M\u00e8re, ma Ma\u00eetresse, ma Reine, ma Dame, ma Patronne, ma Protectrice, mon Avocate aupr\u00e8s de J\u00e9sus\u00a0: puisse-t-elle me donner un peu de l\u2019amour dont son c\u0153ur \u00e9tait enflamm\u00e9 pour J\u00e9sus\u00a0: \u00d4 Marie, conduisez-moi par le plus court chemin au c\u0153ur de J\u00e9sus.\u00a0\u00bb (Marie-Joseph Lagrange dans son <em>JOURNAL SPIRITUEL, <\/em>Cerf, 2014.)<\/p>\n<p>&nbsp;<\/p>\n<p>&nbsp;<\/p>\n<p><span style=\"color: #993300;\">20 ao\u00fbt 2017<\/span><\/p>\n<p><span style=\"color: #993300;\"><em>Quand le P\u00e8re Lagrange ouvre grand la Bible<a href=\"http:\/\/mj-lagrange.org\/wp-content\/uploads\/2017\/08\/P.-Lagrange-et-son-apport.jpg\"><img loading=\"lazy\" decoding=\"async\" class=\"alignright size-thumbnail wp-image-9673\" src=\"http:\/\/mj-lagrange.org\/wp-content\/uploads\/2017\/08\/P.-Lagrange-et-son-apport-150x150.jpg\" alt=\"P. Lagrange et son apport\" width=\"150\" height=\"150\" \/><\/a><\/em><\/span><\/p>\n<p>L\u2019ex\u00e9g\u00e8se historico-critique a donn\u00e9 naissance [\u2026] \u00e0 plusieurs m\u00e9thodes\u00a0: la \u00ab\u00a0critique textuelle\u00a0\u00bb, qui vise \u00e0 \u00e9tablir le texte dans l\u2019\u00e9tat initial, la \u00ab\u00a0critique litt\u00e9raire classique\u00a0\u00bb, qui s\u2019efforce de d\u00e9terminer l\u2019origine, la \u00ab\u00a0critique des formes et des genres litt\u00e9raires\u00a0\u00bb, qui s\u2019int\u00e9resse aux traditions orales qui pr\u00e9c\u00e8dent la r\u00e9daction des textes\u2026 Fort de tout cet appareil th\u00e9orique, la Bible a commenc\u00e9 peu \u00e0 peu \u00e0 r\u00e9v\u00e9ler certains de ses secrets.<\/p>\n<p>Du c\u00f4t\u00e9 catholique, une institution, notamment a jou\u00e9 un r\u00f4le pr\u00e9curseur dans l\u2019aboutissement de cet apport critique\u00a0: l\u2019\u00c9cole biblique de J\u00e9rusalem. Cr\u00e9\u00e9e par le dominicain Marie-Joseph Lagrange (1855-1938) en 1890, elle a pris de l\u2019ampleur jusqu\u2019\u00e0 devenir incontournable, mais au prix de s\u00e9rieux ennuis pour son fondateur. Mal re\u00e7us par l\u2019\u00c9glise romaine, les travaux du p\u00e8re Lagrange lui ont valu pendant des ann\u00e9es de se retrouver sur une voie de garage, voire d\u2019\u00eatre s\u00e9v\u00e8rement tanc\u00e9. Ce n\u2019est que le 30 septembre 1943, avec la publication de l\u2019encyclique \u00ab\u00a0Divino afflante spiritu\u00a0\u00bb (\u00ab\u00a0Au souffle de l\u2019esprit divin\u00a0\u00bb), sign\u00e9e Pie XII, que l\u2019ex\u00e9g\u00e8se historico-critique est admise, puis encourag\u00e9e, au sein de l\u2019\u00c9glise catholique. Le concile Vatican II enfonce le clou en consid\u00e9rant l\u2019\u00e9tude de la Bible comme \u00ab\u00a0l\u2019\u00e2me de la th\u00e9ologie\u00a0\u00bb. Effectivement, les ex\u00e9g\u00e8tes catholiques ont, depuis trente ans, rattrap\u00e9 le terrain perdu durant des si\u00e8cles. Les tracas caus\u00e9s au p\u00e8re Lagrange \u2013 qui a maintenant de bonnes chances d\u2019\u00eatre b\u00e9atifi\u00e9 \u2013 sont aujourd\u2019hui bel et bien oubli\u00e9s. La Bible s\u2019est grande ouverte. Enfin.<\/p>\n<p>(Extrait de\u00a0: \u00ab\u00a0Une nouvelle fa\u00e7on de lire la Bible\u00a0\u00bb par Christian Makarian, <em>Le Point<\/em>, 8 avril 1995, modifi\u00e9 le 16 janvier 2007.)<\/p>\n<p>&nbsp;<\/p>\n<p><span style=\"color: #993300;\">15 ao\u00fbt 2017 : Assomption de la Vierge Marie<\/span><\/p>\n<div id=\"attachment_9670\" style=\"width: 160px\" class=\"wp-caption alignleft\"><a href=\"http:\/\/mj-lagrange.org\/wp-content\/uploads\/2017\/08\/Ascension_of_the_virgin_Michel_Sittow_15e.jpg\"><img loading=\"lazy\" decoding=\"async\" aria-describedby=\"caption-attachment-9670\" class=\"size-thumbnail wp-image-9670\" src=\"http:\/\/mj-lagrange.org\/wp-content\/uploads\/2017\/08\/Ascension_of_the_virgin_Michel_Sittow_15e-150x150.jpg\" alt=\"Assomption de la Vierge Marie Michel Sittow (Netherlandish, c. 1469 - 1525\/1526 )\" width=\"150\" height=\"150\" \/><\/a><p id=\"caption-attachment-9670\" class=\"wp-caption-text\">Assomption de la Vierge Marie<br \/>Michel Sittow (Netherlandish, c. 1469 &#8211; 1525\/1526 )<\/p><\/div>\n<p><span style=\"color: #993300;\"><em>Naissance d\u2019une vocation<\/em><\/span><\/p>\n<p>\u00ab\u00a0J\u2019ai toujours cru, sans en avoir un souvenir positif, que c\u2019est dans la nuit du 3 au 4 ao\u00fbt (vendredi \u00e0 samedi) 1877 (avant la derni\u00e8re ann\u00e9e de droit, \u00e0 Paris) que je crus, en dormant, entendre ces paroles\u00a0: \u00ab\u00a0si ton \u0153il te scandalise, arrache-le\u00a0!\u00a0\u00bb (Matthieu 5, 29.) Je me r\u00e9veillai en sursaut. Je me mis \u00e0 songer au pass\u00e9, \u00e0 mes condisciples, heureux de leur vie innocente et sainte, consacr\u00e9e \u00e0 Dieu. Il me prit un immense regret, m\u00eal\u00e9 d\u2019espoir\u00a0: peut-\u00eatre \u00e9tait-il encore temps\u00a0! Dans la journ\u00e9e, je m\u2019en allai, plein de confusion aux pieds de Notre-Dame, la Vierge noire, je lui rem\u00e9morais que j\u2019avais \u00e9t\u00e9 son enfant. Pourtant, ce jour-l\u00e0 m\u00eame, j\u2019offensai Dieu, et je me dis avec tristesse que la pens\u00e9e de quitter le monde \u00e9tait un pi\u00e8ge du d\u00e9mon pour me damner mieux. Mais \u00e0 la f\u00eate de l\u2019Assomption, je d\u00e9couvris tout tremblant mon dessein \u00e0 mon directeur.\u00a0\u00bb (Marie-Joseph Lagrange, o. p., <em>Journal spirituel<\/em>, Cerf, 2014.)<\/p>\n<p>&nbsp;<\/p>\n<p>&nbsp;<\/p>\n<p><span style=\"color: #993300;\">10 ao\u00fbt 2017<\/span><\/p>\n<p><a href=\"http:\/\/mj-lagrange.org\/wp-content\/uploads\/2017\/08\/Pri\u00e8refrac.jpg\"><img loading=\"lazy\" decoding=\"async\" class=\"alignright size-medium wp-image-9667\" src=\"http:\/\/mj-lagrange.org\/wp-content\/uploads\/2017\/08\/Pri\u00e8refrac-300x212.jpg\" alt=\"Pri\u00e8re*frac\" width=\"300\" height=\"212\" srcset=\"https:\/\/mj-lagrange.org\/wp-content\/uploads\/2017\/08\/Pri\u00e8refrac-300x212.jpg 300w, https:\/\/mj-lagrange.org\/wp-content\/uploads\/2017\/08\/Pri\u00e8refrac-730x516.jpg 730w, https:\/\/mj-lagrange.org\/wp-content\/uploads\/2017\/08\/Pri\u00e8refrac.jpg 1000w\" sizes=\"auto, (max-width: 300px) 100vw, 300px\" \/><\/a>C\u2019est aujourd\u2019hui la date du jour anniversaire (10 mars 1938) de la \u00ab\u00a0naissance au ciel\u00a0\u00bb du P\u00e8re Lagrange.<\/p>\n<p>Nous joignons notre pri\u00e8re \u00e0 celle de Fr. Manuel Rivero, o.p. qui c\u00e9l\u00e8bre la messe aux intentions particuli\u00e8res des amis de l\u2019association et pour la b\u00e9atification de ce grand serviteur de Dieu.<\/p>\n<p>&nbsp;<\/p>\n<p><span style=\"color: #993300;\">8 ao\u00fbt 2017 : Saint Dominique de Guzman<\/span><\/p>\n<div id=\"attachment_9661\" style=\"width: 190px\" class=\"wp-caption alignleft\"><a href=\"http:\/\/mj-lagrange.org\/wp-content\/uploads\/2017\/08\/S.-Domenico-de-Guzman-S.-Maria-del-Rosario-in-Prati-Roma.jpg\"><img loading=\"lazy\" decoding=\"async\" aria-describedby=\"caption-attachment-9661\" class=\"wp-image-9661 size-medium\" src=\"http:\/\/mj-lagrange.org\/wp-content\/uploads\/2017\/08\/S.-Domenico-de-Guzman-S.-Maria-del-Rosario-in-Prati-Roma-180x300.jpg\" alt=\"S. Domenico de Guzman - S. Maria del Rosario in Prati-Roma\" width=\"180\" height=\"300\" srcset=\"https:\/\/mj-lagrange.org\/wp-content\/uploads\/2017\/08\/S.-Domenico-de-Guzman-S.-Maria-del-Rosario-in-Prati-Roma-180x300.jpg 180w, https:\/\/mj-lagrange.org\/wp-content\/uploads\/2017\/08\/S.-Domenico-de-Guzman-S.-Maria-del-Rosario-in-Prati-Roma.jpg 461w\" sizes=\"auto, (max-width: 180px) 100vw, 180px\" \/><\/a><p id=\"caption-attachment-9661\" class=\"wp-caption-text\">S. Domenico de Guzman S. Maria del Rosario in Prati-Roma<\/p><\/div>\n<p>&nbsp;<\/p>\n<p><em>Le P\u00e8re Lagrange a v\u00e9cu la mission apostolique \u00e0 la mani\u00e8re de saint Dominique.<\/em><\/p>\n<p>Il a enseign\u00e9 en \u00e9tablissant un dialogue exigeant et f\u00e9cond avec les commentateurs critiques de la Bible.<\/p>\n<p>Pr\u00eatre, il a baptis\u00e9.<\/p>\n<p>T\u00e9moin du Christ, il a montr\u00e9 de mani\u00e8re communicative la voie de l\u2019amour fraternel \u00e0 la suite de J\u00e9sus.<\/p>\n<p><a href=\"http:\/\/www.mj-lagrange.org\/?p=382\">http:\/\/www.mj-lagrange.org\/?p=382<\/a><\/p>\n<p>Voir aussi :\u00a0<a href=\"http:\/\/www.mj-lagrange.org\/?p=9659\">http:\/\/mj-lagrange.org\/wp-content\/uploads\/2017\/08\/Saint-Dominique-\u00e9tudier-par-amour.pdf<\/a><\/p>\n<p>&nbsp;<\/p>\n<p>&nbsp;<\/p>\n<p><span style=\"color: #993300;\">6 ao\u00fbt 2017<\/span><\/p>\n<p><span style=\"color: #993300;\">La Transfiguration du Seigneur<\/span><\/p>\n<div id=\"attachment_9655\" style=\"width: 160px\" class=\"wp-caption alignright\"><a href=\"http:\/\/mj-lagrange.org\/wp-content\/uploads\/2017\/08\/Transfiguration-du-Seigneur.-Icon_Sinai_XIIe.-Monast\u00e8re-Ste-Catherine-du-Sina\u00ef.jpg\"><img loading=\"lazy\" decoding=\"async\" aria-describedby=\"caption-attachment-9655\" class=\"size-thumbnail wp-image-9655\" src=\"http:\/\/mj-lagrange.org\/wp-content\/uploads\/2017\/08\/Transfiguration-du-Seigneur.-Icon_Sinai_XIIe.-Monast\u00e8re-Ste-Catherine-du-Sina\u00ef-150x150.jpg\" alt=\"Transfiguration du Seigneur Ic\u00f4ne du 12e si\u00e8cle. Monast\u00e8re Ste-Catherine du Sina\u00ef.\" width=\"150\" height=\"150\" \/><\/a><p id=\"caption-attachment-9655\" class=\"wp-caption-text\">Transfiguration du Seigneur<br \/>Ic\u00f4ne du 12e si\u00e8cle. Monast\u00e8re Ste-Catherine du Sina\u00ef.<\/p><\/div>\n<p>Lors de la Transfiguration, J\u00e9sus d\u00e9voile la lumi\u00e8re de sa divinit\u00e9 aux trois disciples bien-aim\u00e9s car en lui habite corporellement la pl\u00e9nitude de la divinit\u00e9, s\u2019exclamera plus tard saint Paul (Colossiens 2,9.)<br \/>\n[\u2026] La Transfiguration est l\u2019oppos\u00e9 de la Passion.<br \/>\n\u00c0 Geths\u00e9mani, J\u00e9sus transpirait de grosses gouttes de sang qui tombaient \u00e0 terre.<br \/>\n\u00c0 la Transfiguration, J\u00e9sus rayonne la gloire de Dieu qui rend heureux ses disciples.<br \/>\n[\u2026] La Transfiguration pr\u00e9pare ainsi les ap\u00f4tres \u00e0 affronter le scandale de la Croix.<br \/>\n<em>Prions pour tous ceux qui cherchent Dieu dans les t\u00e9n\u00e8bres.<\/em><br \/>\n<em> Prions pour ceux qui dans leur souffrance ne croient plus au bonheur que Dieu donne.<\/em><\/p>\n<p>(Manuel Rivero, o. p., <em>Le P\u00e8re Lagrange et la Vierge Marie<\/em>. <em>M\u00e9ditations des myst\u00e8res du Rosaire.)<\/em><\/p>\n<p><span style=\"color: #993300;\">3 ao\u00fbt 2017<\/span><\/p>\n<div id=\"attachment_9651\" style=\"width: 160px\" class=\"wp-caption alignleft\"><a href=\"http:\/\/mj-lagrange.org\/wp-content\/uploads\/2017\/08\/Annonciation-du-Seigneur.-Brea-1499.-Lieuche-Alpes-Maritimes.jpg\"><img loading=\"lazy\" decoding=\"async\" aria-describedby=\"caption-attachment-9651\" class=\"size-thumbnail wp-image-9651\" src=\"http:\/\/mj-lagrange.org\/wp-content\/uploads\/2017\/08\/Annonciation-du-Seigneur.-Brea-1499.-Lieuche-Alpes-Maritimes-150x150.jpg\" alt=\"Annonciation du Seigneur. Brea (1499). Lieuche (Alpes-Maritimes)\" width=\"150\" height=\"150\" \/><\/a><p id=\"caption-attachment-9651\" class=\"wp-caption-text\">Annonciation du Seigneur.<br \/>Brea (1499). Lieuche (Alpes-Maritimes)<\/p><\/div>\n<p><span style=\"color: #993300;\"><em>\u00ab\u00a0Le Puissant a fait en moi de grandes choses et son nom est saint\u00a0!\u00a0\u00bb<\/em><\/span><\/p>\n<p>D\u2019o\u00f9 vient en effet cette joie, ce transport de joie ? Un ange a abord\u00e9 Marie, non pas au milieu de ses compagnes, &#8230; mais dans le silence de sa demeure, si simple qu\u2019on pouvait \u00e0 peine la nommer une maison. Et l\u2019ange a propos\u00e9 \u00e0 Marie, au nom de Dieu, d\u2019\u00eatre la M\u00e8re du Messie. Marie a compris. Mais cela pouvait-il \u00eatre d\u2019accord avec le v\u0153u que lui avait inspir\u00e9 la saintet\u00e9 de Dieu, qui ne s\u2019unit qu\u2019aux c\u0153urs purs ? Elle apprend maintenant le secret des secrets, la merveille des merveilles, comment la saintet\u00e9 de Dieu, qui se plaisait aux retranchements et aux abstentions de la cr\u00e9ature, aujourd\u2019hui dans ce miracle unique ferait \u0153uvre de f\u00e9condit\u00e9. En Marie, pleine de gr\u00e2ce, elle ne trouvait rien \u00e0 d\u00e9truire, et c\u2019est pr\u00e9cis\u00e9ment en tant que Saint que Dieu lui donnerait un fils. La Saintet\u00e9 si redoutable dans l\u2019int\u00e9r\u00eat de l\u2019isolement de Dieu se communiquait et envahissait m\u00eame l\u2019humanit\u00e9. D\u2019o\u00f9 cette parole \u00e9tonnante : \u00ab <span style=\"color: #993300;\"><strong>Et pour cela, l\u2019enfant n\u00e9 sera saint, il sera le Fils de Dieu<\/strong> <\/span>\u00bb. Le pas franchi, la Saintet\u00e9 non seulement sauvegard\u00e9e, mais prodigu\u00e9e, le reste serait l\u2019\u0153uvre de la Puissance, \u00e0 laquelle rien n\u2019est impossible, et Marie n\u2019avait plus qu\u2019\u00e0 dire : \u00ab Voici la servante du Seigneur, qu\u2019il m\u2019arrive selon votre parole \u00bb.<br \/>\nSi bien que Marie, consciente de ce qui s\u2019\u00e9tait pass\u00e9 en elle, pouvait dire : \u00ab Le Puissant a fait en moi de grandes choses et son nom est saint \u00bb. Et elle glorifiait le Seigneur, en attendant que son Fils nous apprenne \u00e0 demander que son nom soit sanctifi\u00e9 et que sa volont\u00e9 soit faite&#8230;<br \/>\nQui douterait que le soir m\u00eame, si cela \u00e9tait exig\u00e9 par les soins courants du m\u00e9nage, elle n\u2019ait repris sa cruche pour aller \u00e0 la fontaine, la derni\u00e8re plut\u00f4t que la premi\u00e8re \u00e0 se servir ? Et d\u00e9j\u00e0 le <strong><span style=\"color: #3366ff;\"><em>Magnificat<\/em><\/span><\/strong> chantait dans son c\u0153ur.<\/p>\n<p>(Marie-Joseph Lagrange dans \u00ab\u00a0Marie \u00e0 Nazareth\u00a0\u00bb.)<\/p>\n","protected":false},"excerpt":{"rendered":"<p>26 ao\u00fbt 2017 L\u2019humilit\u00e9 du P. Lagrange Extrait de son Journal spirituel, p. 153. &nbsp; 22 ao\u00fbt 2017 Tr\u00e8s douce Reine, M\u00e8re de Dieu \u00ab\u00a0Pour moi, tous mes v\u0153ux ont \u00e9t\u00e9 exauc\u00e9s, la Sainte Vierge Marie, \u00e0 laquelle je me suis consacr\u00e9 de nouveau \u00e0 ma tonsure, m\u2019a pr\u00e9sent\u00e9 elle-m\u00eame \u00e0 Saint-Maximin le jour de &#8230;<\/p>\n<p><a href=\"https:\/\/www.mj-lagrange.org\/?p=9650\" class=\"more-link\">Continue reading &lsquo;\u00c9cho de notre page Facebook : ao\u00fbt 2017&rsquo; &raquo;<\/a><\/p>\n","protected":false},"author":2,"featured_media":0,"comment_status":"closed","ping_status":"closed","sticky":false,"template":"","format":"standard","meta":{"footnotes":""},"categories":[147],"tags":[],"class_list":["post-9650","post","type-post","status-publish","format-standard","hentry","category-echo_de_notre_page_facebook"],"_links":{"self":[{"href":"https:\/\/www.mj-lagrange.org\/index.php?rest_route=\/wp\/v2\/posts\/9650","targetHints":{"allow":["GET"]}}],"collection":[{"href":"https:\/\/www.mj-lagrange.org\/index.php?rest_route=\/wp\/v2\/posts"}],"about":[{"href":"https:\/\/www.mj-lagrange.org\/index.php?rest_route=\/wp\/v2\/types\/post"}],"author":[{"embeddable":true,"href":"https:\/\/www.mj-lagrange.org\/index.php?rest_route=\/wp\/v2\/users\/2"}],"replies":[{"embeddable":true,"href":"https:\/\/www.mj-lagrange.org\/index.php?rest_route=%2Fwp%2Fv2%2Fcomments&post=9650"}],"version-history":[{"count":19,"href":"https:\/\/www.mj-lagrange.org\/index.php?rest_route=\/wp\/v2\/posts\/9650\/revisions"}],"predecessor-version":[{"id":9861,"href":"https:\/\/www.mj-lagrange.org\/index.php?rest_route=\/wp\/v2\/posts\/9650\/revisions\/9861"}],"wp:attachment":[{"href":"https:\/\/www.mj-lagrange.org\/index.php?rest_route=%2Fwp%2Fv2%2Fmedia&parent=9650"}],"wp:term":[{"taxonomy":"category","embeddable":true,"href":"https:\/\/www.mj-lagrange.org\/index.php?rest_route=%2Fwp%2Fv2%2Fcategories&post=9650"},{"taxonomy":"post_tag","embeddable":true,"href":"https:\/\/www.mj-lagrange.org\/index.php?rest_route=%2Fwp%2Fv2%2Ftags&post=9650"}],"curies":[{"name":"wp","href":"https:\/\/api.w.org\/{rel}","templated":true}]}}